{"id":2482,"date":"2008-11-01T18:59:19","date_gmt":"2008-11-01T18:59:19","guid":{"rendered":"https:\/\/udrugadrstjepankranjcic.wordpress.com\/?p=2482"},"modified":"2016-10-29T19:42:06","modified_gmt":"2016-10-29T19:42:06","slug":"na-svetkovinu-svih-svetih-udruga-na-kranjcicevu-grobu","status":"publish","type":"post","link":"https:\/\/kranjcic.hr\/?p=2482","title":{"rendered":"NA SVETKOVINU SVIH SVETIH UDRUGA NA KRANJ\u010cI\u0106EVU GROBU"},"content":{"rendered":"<p><span style=\"color: #808080;\">Na svetkovinu Svih svetih 1. studenoga 2008. izaslanstvo Udruge za promicanje znamenitih Kri\u017eev\u010dana \u201eDr. Stjepan Kranj\u010di\u0107&#8221; polo\u017eilo je vijence na grob dr. Stjepana Kranj\u010di\u0107a na gradskom groblju u Kri\u017eevcima.<!--more--><\/span><\/p>\n<p><span style=\"color: #808080;\">Izaslanstvu Udruge priklju\u010dilo se dosta kri\u017eeva\u010dkih vjernika, a prigodnu molitvu predmolili su kri\u017eeva\u010dki \u017eupnici vl\u010d. <strong>Kre\u0161imir \u017dini\u0107<\/strong> i vl\u010d. <strong>Ivan Novak<\/strong>. U toj je prilici izre\u010dena i molitva za otvorenje procesa za progla\u0161enje bla\u017eenim dr. Kranj\u010di\u0107a.<\/span><\/p>\n\n<p>&nbsp;<\/p>\n<p>&nbsp;<\/p>\n","protected":false},"excerpt":{"rendered":"<p>Na svetkovinu Svih svetih 1. studenoga 2008. izaslanstvo Udruge za promicanje znamenitih Kri\u017eev\u010dana \u201eDr. Stjepan Kranj\u010di\u0107&#8221; polo\u017eilo je vijence na grob dr. Stjepana Kranj\u010di\u0107a na gradskom groblju u Kri\u017eevcima.<\/p>\n","protected":false},"author":1,"featured_media":0,"comment_status":"closed","ping_status":"closed","sticky":false,"template":"","format":"standard","meta":{"footnotes":""},"categories":[21,17],"tags":[],"class_list":["post-2482","post","type-post","status-publish","format-standard","hentry","category-21","category-svi-sveti"],"_links":{"self":[{"href":"https:\/\/kranjcic.hr\/index.php?rest_route=\/wp\/v2\/posts\/2482","targetHints":{"allow":["GET"]}}],"collection":[{"href":"https:\/\/kranjcic.hr\/index.php?rest_route=\/wp\/v2\/posts"}],"about":[{"href":"https:\/\/kranjcic.hr\/index.php?rest_route=\/wp\/v2\/types\/post"}],"author":[{"embeddable":true,"href":"https:\/\/kranjcic.hr\/index.php?rest_route=\/wp\/v2\/users\/1"}],"replies":[{"embeddable":true,"href":"https:\/\/kranjcic.hr\/index.php?rest_route=%2Fwp%2Fv2%2Fcomments&post=2482"}],"version-history":[{"count":2,"href":"https:\/\/kranjcic.hr\/index.php?rest_route=\/wp\/v2\/posts\/2482\/revisions"}],"predecessor-version":[{"id":3447,"href":"https:\/\/kranjcic.hr\/index.php?rest_route=\/wp\/v2\/posts\/2482\/revisions\/3447"}],"wp:attachment":[{"href":"https:\/\/kranjcic.hr\/index.php?rest_route=%2Fwp%2Fv2%2Fmedia&parent=2482"}],"wp:term":[{"taxonomy":"category","embeddable":true,"href":"https:\/\/kranjcic.hr\/index.php?rest_route=%2Fwp%2Fv2%2Fcategories&post=2482"},{"taxonomy":"post_tag","embeddable":true,"href":"https:\/\/kranjcic.hr\/index.php?rest_route=%2Fwp%2Fv2%2Ftags&post=2482"}],"curies":[{"name":"wp","href":"https:\/\/api.w.org\/{rel}","templated":true}]}}