{"id":2486,"date":"2008-10-29T19:04:05","date_gmt":"2008-10-29T19:04:05","guid":{"rendered":"https:\/\/udrugadrstjepankranjcic.wordpress.com\/?p=2486"},"modified":"2016-10-29T19:42:39","modified_gmt":"2016-10-29T19:42:39","slug":"najavljen-znanstveni-skup-zivot-i-djelo-biskupa-mije-skvorca","status":"publish","type":"post","link":"https:\/\/kranjcic.hr\/?p=2486","title":{"rendered":"NAJAVLJEN ZNANSTVENI SKUP &#8220;\u017dIVOT I DJELO BISKUPA MIJE \u0160KVORCA&#8221;"},"content":{"rendered":"<p><span style=\"color: #808080;\">Znanstveni skup \u00a0\u201e\u017divot i djelo biskupa Mije \u0160kvorca&#8221; bit \u0107e odr\u017ean u njegovim rodnim Kri\u017eevcima u subotu 3. listopada 2009. \u2013 dogovoreno je u srijedu 29. listopada 2008. na Filozofskom fakultetu Dru\u017ebe Isusove u Zagrebu.<!--more--><\/span><\/p>\n<p><span style=\"color: #808080;\">Simpozij \u0107e biti organiziran u povodu 90. obljetnice ro\u0111enja i 20 godi\u0161njice smrti pokojnoga biskupa. Nositelj jednodnevnoga simpozija bit \u0107e Udruga za promicanje znamenitih Kri\u017eev\u010dana \u201eDr. Stjepan Kranj\u010di\u0107&#8221;, a suorganizatori \u0107e biti: Filozofski fakultet Dru\u017ebe Isusove, Dru\u0161tvo za povjesnicu Zagreba\u010dke nadbiskupije \u201eTkal\u010di\u0107&#8221;, Grad Kri\u017eevci te Povijesno dru\u0161tvo Kri\u017eevci. Radovi sa simpozija bit \u0107e recenzirani i naknadno objavljeni, a svi zainteresirani znanstvenici temu za simpozij mogu prijaviti do 1. svibnja 2009. na e-mail adresu:\u00a0<a style=\"color: #808080;\" href=\"mailto:uprava@udruga-drstjepankranjcic.hr\">uprava@udruga-drstjepankranjcic.hr<\/a>.<\/span><\/p>\n<p><span style=\"color: #808080;\">Sastanku su nazo\u010dili: doma\u0107in, provincijal Hrvatske pokrajine Dru\u017ebe Isusove dr. <strong>Ivan Koprek<\/strong>, tajnik Dru\u0161tva za povjesnicu Zagreba\u010dke nadbiskupije \u201eTkal\u010di\u0107&#8221; dr. <strong>Stjepan Razum<\/strong> te predsjednica Udruge \u201eDr. Stjepan Kranj\u010di\u0107&#8221; <strong>Tanja Baran<\/strong>, \u010dlan uprave Udruge vl\u010d. <strong>Kre\u0161imir \u017dini\u0107<\/strong> i \u010dlan Udruge mr. <strong>\u0110uro \u0160kvorc<\/strong>, ne\u0107ak pokojnoga biskupa \u0160kvorca.<\/span><\/p>\n<p>&nbsp;<\/p>\n<p>&nbsp;<\/p>\n","protected":false},"excerpt":{"rendered":"<p>Znanstveni skup \u00a0\u201e\u017divot i djelo biskupa Mije \u0160kvorca&#8221; bit \u0107e odr\u017ean u njegovim rodnim Kri\u017eevcima u subotu 3. listopada 2009. \u2013 dogovoreno je u srijedu 29. listopada 2008. na Filozofskom fakultetu Dru\u017ebe Isusove u Zagrebu.<\/p>\n","protected":false},"author":1,"featured_media":0,"comment_status":"closed","ping_status":"closed","sticky":false,"template":"","format":"standard","meta":{"footnotes":""},"categories":[21,19],"tags":[],"class_list":["post-2486","post","type-post","status-publish","format-standard","hentry","category-21","category-znanstveni-skupovi"],"_links":{"self":[{"href":"https:\/\/kranjcic.hr\/index.php?rest_route=\/wp\/v2\/posts\/2486","targetHints":{"allow":["GET"]}}],"collection":[{"href":"https:\/\/kranjcic.hr\/index.php?rest_route=\/wp\/v2\/posts"}],"about":[{"href":"https:\/\/kranjcic.hr\/index.php?rest_route=\/wp\/v2\/types\/post"}],"author":[{"embeddable":true,"href":"https:\/\/kranjcic.hr\/index.php?rest_route=\/wp\/v2\/users\/1"}],"replies":[{"embeddable":true,"href":"https:\/\/kranjcic.hr\/index.php?rest_route=%2Fwp%2Fv2%2Fcomments&post=2486"}],"version-history":[{"count":1,"href":"https:\/\/kranjcic.hr\/index.php?rest_route=\/wp\/v2\/posts\/2486\/revisions"}],"predecessor-version":[{"id":3449,"href":"https:\/\/kranjcic.hr\/index.php?rest_route=\/wp\/v2\/posts\/2486\/revisions\/3449"}],"wp:attachment":[{"href":"https:\/\/kranjcic.hr\/index.php?rest_route=%2Fwp%2Fv2%2Fmedia&parent=2486"}],"wp:term":[{"taxonomy":"category","embeddable":true,"href":"https:\/\/kranjcic.hr\/index.php?rest_route=%2Fwp%2Fv2%2Fcategories&post=2486"},{"taxonomy":"post_tag","embeddable":true,"href":"https:\/\/kranjcic.hr\/index.php?rest_route=%2Fwp%2Fv2%2Ftags&post=2486"}],"curies":[{"name":"wp","href":"https:\/\/api.w.org\/{rel}","templated":true}]}}