{"id":2488,"date":"2008-10-28T19:07:51","date_gmt":"2008-10-28T19:07:51","guid":{"rendered":"https:\/\/udrugadrstjepankranjcic.wordpress.com\/?p=2488"},"modified":"2016-10-29T19:43:10","modified_gmt":"2016-10-29T19:43:10","slug":"odabrane-slike-za-aukciju-s-likovne-kolonije-dr-stjepan-kranjcic-2008","status":"publish","type":"post","link":"https:\/\/kranjcic.hr\/?p=2488","title":{"rendered":"ODABRANE SLIKE ZA AUKCIJU S LIKOVNE KOLONIJE &#8220;DR. STJEPAN KRANJ\u010cI\u0106&#8221; 2008."},"content":{"rendered":"<p><span style=\"color: #808080;\">U nazo\u010dnosti voditeljice Sakralne galerije hrvatskih umjetnika \u201eLaudato&#8221; <strong>Ane Guberin<\/strong><strong>e<\/strong>, kri\u017eeva\u010dkoga \u017eupnika vl\u010d. <strong>Kre\u0161imira \u017dini\u0107a<\/strong> i predsjednice Udruge za promicanje znamenitih Kri\u017eev\u010dana \u201eDr. Stjepan Kranj\u010di\u0107&#8221;\u00a0mr. <strong>Tanje Baran<\/strong> u Kri\u017eevcima je u utorak 28. listopada 2008. voditelj Likovne kolonije \u201eDr. Stjepan Kranj\u010di\u0107&#8221; prof. <strong>Stanko \u0160poljari\u0107<\/strong> odabrao slike koje \u0107e biti ponu\u0111ene na aukciji 28. studenoga u 19 sati i 30 minuta u hotelu \u201eKalnik&#8221; u Kri\u017eevcima.<!--more--><\/span><\/p>\n<p><span style=\"color: #808080;\">Na likovnoj koloniji, koja je odr\u017eana u Kri\u017eevcima 13. i 14. rujna 2008. kao dio tromjese\u010dne Dobrotvorne akcije \u201eDr. Stjepan Kranj\u010di\u0107&#8221;, nastalo je, ili su slikari donirali, 83 umjetnine, ponajvi\u0161e slike. Prof. \u0160poljari\u0107 je za aukciju, koja \u0107e imati popratni katalog, odabrao 31 umjetninu s koje \u0107e prihod i\u0107i u korist promicanja \u0161tovanja sv. Marka Kri\u017eev\u010danina u i\u0161\u010dekivanju promicanja \u0161tovanja sv. Marka Kri\u017eev\u010danina. Likovnu koloniju nazvao je vrlo uspje\u0161nom ocijeniv\u0161i da su slikari naslikali mnogo jako dobrih djela.<\/span><\/p>\n<p>&nbsp;<\/p>\n<p>&nbsp;<\/p>\n","protected":false},"excerpt":{"rendered":"<p>U nazo\u010dnosti voditeljice Sakralne galerije hrvatskih umjetnika \u201eLaudato&#8221; Ane Guberine, kri\u017eeva\u010dkoga \u017eupnika vl\u010d. Kre\u0161imira \u017dini\u0107a i predsjednice Udruge za promicanje znamenitih Kri\u017eev\u010dana \u201eDr. Stjepan Kranj\u010di\u0107&#8221;\u00a0mr. Tanje Baran u Kri\u017eevcima je u utorak 28. listopada 2008. voditelj Likovne kolonije \u201eDr. Stjepan Kranj\u010di\u0107&#8221; prof. Stanko \u0160poljari\u0107 odabrao slike koje \u0107e biti ponu\u0111ene&hellip; <\/p>\n","protected":false},"author":1,"featured_media":0,"comment_status":"closed","ping_status":"closed","sticky":false,"template":"","format":"standard","meta":{"footnotes":""},"categories":[21,32],"tags":[],"class_list":["post-2488","post","type-post","status-publish","format-standard","hentry","category-21","category-dobrotvorna-akcija-dr-stjepan-kranjcic"],"_links":{"self":[{"href":"https:\/\/kranjcic.hr\/index.php?rest_route=\/wp\/v2\/posts\/2488","targetHints":{"allow":["GET"]}}],"collection":[{"href":"https:\/\/kranjcic.hr\/index.php?rest_route=\/wp\/v2\/posts"}],"about":[{"href":"https:\/\/kranjcic.hr\/index.php?rest_route=\/wp\/v2\/types\/post"}],"author":[{"embeddable":true,"href":"https:\/\/kranjcic.hr\/index.php?rest_route=\/wp\/v2\/users\/1"}],"replies":[{"embeddable":true,"href":"https:\/\/kranjcic.hr\/index.php?rest_route=%2Fwp%2Fv2%2Fcomments&post=2488"}],"version-history":[{"count":2,"href":"https:\/\/kranjcic.hr\/index.php?rest_route=\/wp\/v2\/posts\/2488\/revisions"}],"predecessor-version":[{"id":3450,"href":"https:\/\/kranjcic.hr\/index.php?rest_route=\/wp\/v2\/posts\/2488\/revisions\/3450"}],"wp:attachment":[{"href":"https:\/\/kranjcic.hr\/index.php?rest_route=%2Fwp%2Fv2%2Fmedia&parent=2488"}],"wp:term":[{"taxonomy":"category","embeddable":true,"href":"https:\/\/kranjcic.hr\/index.php?rest_route=%2Fwp%2Fv2%2Fcategories&post=2488"},{"taxonomy":"post_tag","embeddable":true,"href":"https:\/\/kranjcic.hr\/index.php?rest_route=%2Fwp%2Fv2%2Ftags&post=2488"}],"curies":[{"name":"wp","href":"https:\/\/api.w.org\/{rel}","templated":true}]}}