{"id":2554,"date":"2008-09-14T19:51:36","date_gmt":"2008-09-14T19:51:36","guid":{"rendered":"https:\/\/udrugadrstjepankranjcic.wordpress.com\/?p=2554"},"modified":"2016-10-29T19:46:58","modified_gmt":"2016-10-29T19:46:58","slug":"likovna-kolonija-dr-stjepan-kranjcic","status":"publish","type":"post","link":"https:\/\/kranjcic.hr\/?p=2554","title":{"rendered":"LIKOVNA KOLONIJA &#8220;DR. STJEPAN KRANJ\u010cI\u0106&#8221;"},"content":{"rendered":"<p><span style=\"color: #808080;\">Tromjese\u010dna dobrotvorna akcija \u201eDr. Stjepan Kranj\u010di\u0107&#8221; osmi\u0161ljena radi intenzivnijega \u0161tovanja tre\u0107ega hrvatskog sveca Marka Kri\u017eev\u010danina, a u i\u0161\u010dekivanju po\u010detka izgradnje sveti\u0161ta sv. Marka u Kri\u017eevcima, nakon uspje\u0161nog je koncerta \u201eSveti Marko Kri\u017eev\u010danin i Kri\u017eevci u Lisinskom&#8221; nastavljena u subotu 13. i nedjelju 14. rujna 2008. u Kri\u017eevcima na likovnoj koloniji \u201eDr. Stjepan Kranj\u010di\u0107&#8221;.<!--more--><\/span><\/p>\n<p><span style=\"color: #808080;\">Na molbu doma\u0107ina: Udruge za promicanje znamenitih Kri\u017eev\u010dana \u201eDr. Stjepan Kranj\u010di\u0107&#8221;, obje kri\u017eeva\u010dke \u017eupe BDM \u017dalosne i sv. Marka Kri\u017eev\u010danina te sv. Ane, Grada Kri\u017eevaca i Kri\u017eeva\u010dkoga likovnog kruga predvodnica dvodnevnoga umjetni\u010dkog susreta oko 40 likovnih umjetnika iz razli\u010ditih dijelova Lijepe na\u0161e bila je Sakralna galerija hrvatskih umjetnika \u201eLaudato&#8221; iz Zagreba. Zato su na otvorenju kolonije u \u017eupnom dvoru sv. Ane okupljene pozdravili i zahvalili im na umjetni\u010dkom doprinosu doma\u0107i kri\u017eeva\u010dki \u017eupnik <strong>Kre\u0161imir \u017dini\u0107<\/strong>, kri\u017eeva\u010dki gradona\u010delnik <strong>Branko Hrg<\/strong>, direktorica Turisti\u010dke zajednice Kri\u017eevci <strong>Vlasta Kli\u010dek<\/strong>, dok je uime \u201eLaudata&#8221; govorila direktorica <strong>Ksenija Abramovi\u0107<\/strong>, a koloniju je otvorio umjetni\u010dki voditelj kustos prof. <strong>Stanko \u0160poljari\u0107<\/strong>.<\/span><\/p>\n<p><span style=\"color: #808080;\">Slikari i kipari zatim su prionuli stvaranju ponajvi\u0161e sakralnih motiva kojih je u Kri\u017eevcima u izobilju te slikanjima pejsa\u017ea. Doma\u0107ini su im pokazali grad, puno povijesnih crkva i grkokatoli\u010dku katedralu u u\u017eem sredi\u0161tu grada, a subotnji je susret zavr\u0161io ve\u010derom po \u201eKri\u017eeva\u010dkim \u0161tatutima&#8221; najpoznatijim hrvatskim vinsko-pajda\u0161kim regulama koje su uprizorili <strong>Vlasta Kli\u010dek<\/strong> kao hi\u017ena mamica i poznati kri\u017eeva\u010dki slikar hiperrealist prof. <strong>Zoran Homen<\/strong> kao hi\u017eni japica. U toj su prilici u \u201ekri\u017eeva\u010dko pajda\u0161tvo&#8221;, uz okupljene umjetnike, primljeni tek pristigli kri\u017eeva\u010dki \u017eupnik<strong> Ivan Novak<\/strong> i gvardijan samostana franjevaca konventualaca na Sv. Duhu u Zagrebu fra <strong>Zdravko Tuba<\/strong>.<\/span><\/p>\n<p><span style=\"color: #808080;\">Nakon nedjeljne je mise uprili\u010den posjet Kalniku i biblijskom vrtu mira, a nakon likovnoga je rada kolonija zavr\u0161ila odlaskom slikara na promotivni koncert CD-a s pjesmama posve\u0107enima sv. Marku Kri\u017eev\u010daninu. Time su nastavljeni sadr\u017eaji godine Dr. Stjepana Kranj\u010di\u0107a koji \u0107e u Kri\u017eevcima trajati do 10. travnja 2009.<\/span><\/p>\n\n<p>&nbsp;<\/p>\n<p>&nbsp;<\/p>\n","protected":false},"excerpt":{"rendered":"<p>Tromjese\u010dna dobrotvorna akcija \u201eDr. Stjepan Kranj\u010di\u0107&#8221; osmi\u0161ljena radi intenzivnijega \u0161tovanja tre\u0107ega hrvatskog sveca Marka Kri\u017eev\u010danina, a u i\u0161\u010dekivanju po\u010detka izgradnje sveti\u0161ta sv. Marka u Kri\u017eevcima, nakon uspje\u0161nog je koncerta \u201eSveti Marko Kri\u017eev\u010danin i Kri\u017eevci u Lisinskom&#8221; nastavljena u subotu 13. i nedjelju 14. rujna 2008. u Kri\u017eevcima na likovnoj koloniji&hellip; <\/p>\n","protected":false},"author":1,"featured_media":0,"comment_status":"closed","ping_status":"closed","sticky":false,"template":"","format":"standard","meta":{"footnotes":""},"categories":[21,32],"tags":[],"class_list":["post-2554","post","type-post","status-publish","format-standard","hentry","category-21","category-dobrotvorna-akcija-dr-stjepan-kranjcic"],"_links":{"self":[{"href":"https:\/\/kranjcic.hr\/index.php?rest_route=\/wp\/v2\/posts\/2554","targetHints":{"allow":["GET"]}}],"collection":[{"href":"https:\/\/kranjcic.hr\/index.php?rest_route=\/wp\/v2\/posts"}],"about":[{"href":"https:\/\/kranjcic.hr\/index.php?rest_route=\/wp\/v2\/types\/post"}],"author":[{"embeddable":true,"href":"https:\/\/kranjcic.hr\/index.php?rest_route=\/wp\/v2\/users\/1"}],"replies":[{"embeddable":true,"href":"https:\/\/kranjcic.hr\/index.php?rest_route=%2Fwp%2Fv2%2Fcomments&post=2554"}],"version-history":[{"count":2,"href":"https:\/\/kranjcic.hr\/index.php?rest_route=\/wp\/v2\/posts\/2554\/revisions"}],"predecessor-version":[{"id":4075,"href":"https:\/\/kranjcic.hr\/index.php?rest_route=\/wp\/v2\/posts\/2554\/revisions\/4075"}],"wp:attachment":[{"href":"https:\/\/kranjcic.hr\/index.php?rest_route=%2Fwp%2Fv2%2Fmedia&parent=2554"}],"wp:term":[{"taxonomy":"category","embeddable":true,"href":"https:\/\/kranjcic.hr\/index.php?rest_route=%2Fwp%2Fv2%2Fcategories&post=2554"},{"taxonomy":"post_tag","embeddable":true,"href":"https:\/\/kranjcic.hr\/index.php?rest_route=%2Fwp%2Fv2%2Ftags&post=2554"}],"curies":[{"name":"wp","href":"https:\/\/api.w.org\/{rel}","templated":true}]}}