{"id":2627,"date":"2008-09-04T20:19:21","date_gmt":"2008-09-04T20:19:21","guid":{"rendered":"https:\/\/udrugadrstjepankranjcic.wordpress.com\/?p=2627"},"modified":"2016-10-29T19:47:47","modified_gmt":"2016-10-29T19:47:47","slug":"najava-dobrotvorne-akcije-dr-stjepan-kranjcic","status":"publish","type":"post","link":"https:\/\/kranjcic.hr\/?p=2627","title":{"rendered":"NAJAVA DOBROTVORNE AKCIJE &#8220;DR. STJEPAN KRANJ\u010cI\u0106&#8221;"},"content":{"rendered":"<p><span style=\"color: #808080;\">Na konferenciji za novinare u \u010detvrtak 4. rujna 2008. u Velikoj vije\u0107nici Gradskog poglavarstva u Kri\u017eevcima Dobrotvornu akciju \u201eDr. Stjepan Kranj\u010di\u0107&#8221; predstavili su kri\u017eeva\u010dki gradona\u010delnik <strong>Branko Hrg<\/strong>, kri\u017eeva\u010dki \u017eupnik <strong>Kre\u0161imir \u017dini\u0107<\/strong> i predsjednica Udruge za promicanje znamenitih Kri\u017eev\u010dana \u201eDr. Stjepan Kranj\u010di\u0107&#8221; <strong>Tanja Baran<\/strong>.<!--more--><\/span><\/p>\n<p><span style=\"color: #808080;\">Sve\u010danim koncertom \u201eKri\u017e nek&#8217; ti sa\u010duva ime \u2013 sv. Marko Kri\u017eev\u010danin i Kri\u017eevci u Lisinskom&#8221; u nedjelju 7. rujna u 20 sati zapo\u010det \u0107e tromjese\u010dna dobrotvorna akcija \u201eDr. Stjepan Kranj\u010di\u0107&#8221; radi promicanja \u0161tovanja sv. Marka Kri\u017eev\u010danina, a u i\u0161\u010dekivanju izgradnje sveti\u0161ta sv. Marka u Kri\u017eevcima.<\/span><\/p>\n<p><span style=\"color: #808080;\">Tako \u0107e prvi put hrvatski svetac, i to tre\u0107i hrvatski svetac te prvi i jedini svetac Zagreba\u010dke nadbiskupije \u2013 sveti Marko Kri\u017eev\u010danin \u2013 glazbeno i scenski biti predstavljen u hramu hrvatske glazbe u Koncertnoj dvorani Vatroslava Lisinskog. Sv. Marka \u0107e se predstaviti kao za\u0161titnika katoli\u010dkog tiska, \u0161to je jo\u0161 \u010detrdesetih godina pro\u0161loga stolje\u0107a odredio sada bl. Alojzije Stepinac, te kao za\u0161titnika europskih integracija, \u0161to sv. Marko po svojem poslanju i djelovanju uistinu jest.<\/span><\/p>\n<p><span style=\"color: #808080;\">Koncert, kao i cijelu dobrotvornu akciju, organiziraju: Udruga za promicanje znamenitih Kri\u017eev\u010dana \u201eDr. Stjepan Kranj\u010di\u0107&#8221;, kojoj su se priklju\u010dile obje kri\u017eeva\u010dke \u017eupe: BDM \u017dalosne i sv. Marka Kri\u017eev\u010danina te sv. Ane, kao i Grad Kri\u017eevci. Pokrovitelj je potpredsjednik Vlade RH <strong>Damir Polan\u010dec<\/strong>.<\/span><\/p>\n<p><span style=\"color: #808080;\">Na koncertu \u0107e nastupiti poznati hrvatski pjeva\u010di razli\u010ditih glazbenih usmjerenja te glumci: <strong>Ivanka Boljkovac, Mira Vlahovi\u0107, Barbara Othman, Nik\u0161a Radovanovi\u0107, Jacques Houdek,<\/strong> Kvartet \u201eGubec\u201d, Klapa \u201eSagena\u201d, VS \u201eAllegro\u201d, Bube, <strong>Daniela Sisgoreo-Morsan, Adam Kon\u010di\u0107, Vid Balog, Rene Medve\u0161ek, Tomislav Marti\u0107, Tomislav Baran, Vlasta Kli\u010dek, Zoran Homen<\/strong>. U programu \u0107e gostovati <strong>Tatjana Mateja\u0161 Taj\u010di<\/strong> (video vezom) i <strong>Marko Perkovi\u0107 Thompson<\/strong>, a svirat \u0107e najbolji hrvatski amaterski orkestri, sve Kri\u017eev\u010dani, od kojih tambura\u0161i ve\u0107 du\u017ee vrijeme imaju status najboljih u Europi. Tako \u0107e svoje umije\u0107e na instrumentima pokazati: Tambura\u0161ki orkestar G\u0160 Alberta \u0160trige sa solisticom <strong>Anom Fortuna<\/strong> i dirigentom <strong>Stjepanom Fortuna<\/strong>, zatim Gradski puha\u010dki orkestar Kri\u017eevci s dirigentom <strong>Mariom Komazinom<\/strong> te HPD \u201eKalnik\u201d uz orgulje <strong>Ozrena Bogdanovi\u0107a<\/strong> i dirigenticu <strong>Branku \u0160poljar<\/strong>. Harfu \u0107e svirati <strong>Marija Mlinar<\/strong>, a kroz program \u0107e voditi <strong>Lejdi Oreb<\/strong> i <strong>Tanja Baran<\/strong>.<\/span><\/p>\n<p><span style=\"color: #808080;\">Dobrotvorna akcija bit \u0107e nastavljena 13. i 14. rujna Likovnom kolonijom \u201eDr. Stjepan Kranj\u010di\u0107<strong>&#8220;<\/strong>\u00a0koju predvodi Sakralna galerija hrvatskih umjetnika \u201eLaudato<strong>&#8220;<\/strong>, zatim 2. listopada nogometnom utakmicom izme\u0111u Hrvatske sve\u0107eni\u010dke nogometne reprezentacije i ekipe \u201eLica s naslovnica&#8221;, a dobrotvorna \u0107e akcija zavr\u0161iti velikim koncertom duhovne glazbe 6. prosinca u kri\u017eeva\u010dkoj sportskoj dvorani.<\/span><\/p>\n<p><span style=\"color: #808080;\">Cijela je dobrotvorna akcija zami\u0161ljena kao dio programa Godine dr. Stjepana Kranj\u010di\u0107a, ve\u0107 40 godina pokojnoga kri\u017eeva\u010dkog \u017eupnika na glasu svetosti koji jo\u0161 pedesetih i \u0161ezdesetih godina 20. stolje\u0107a redovito po\u0161tovao i zazivao sv. Marka, koji je redovito i nesebi\u010dno duhovno i materijalno pomagao svojim vjernicima te je i osnovao prvi caritas u Kri\u017eevcima. Zato dobrotvorna akcija i nosi Kranj\u010di\u0107evo ime.<\/span><\/p>\n<p><span style=\"color: #808080;\">Svi koji mogu i \u017eele pomo\u0107i dobrotvornu akciju svoj dar mogu uplatiti na broj \u017eiro ra\u010duna: 2360000-1300064829, \u017dupa BDM \u017dalosne i sv. Marka Kri\u017eev\u010danina, Ivana Zakmardija Dijanove\u010dkog 1, Kri\u017eevci, uz naznaku: Za promicanje \u0161tovanja sv. Marka Kri\u017eev\u010danina.<\/span><\/p>\n<h2><span style=\"color: #808080;\">\u00a0<\/span><\/h2>\n<h4><span style=\"color: #808080;\">PRILOZI<\/span><\/h4>\n<p><a href=\"http:\/\/novo.kranjcic.hr\/wp-content\/uploads\/2016\/05\/letak.pdf\" target=\"_blank\">Letak<\/a><\/p>\n\n<p>&nbsp;<\/p>\n<p>&nbsp;<\/p>\n","protected":false},"excerpt":{"rendered":"<p>Na konferenciji za novinare u \u010detvrtak 4. rujna 2008. u Velikoj vije\u0107nici Gradskog poglavarstva u Kri\u017eevcima Dobrotvornu akciju \u201eDr. Stjepan Kranj\u010di\u0107&#8221; predstavili su kri\u017eeva\u010dki gradona\u010delnik Branko Hrg, kri\u017eeva\u010dki \u017eupnik Kre\u0161imir \u017dini\u0107 i predsjednica Udruge za promicanje znamenitih Kri\u017eev\u010dana \u201eDr. Stjepan Kranj\u010di\u0107&#8221; Tanja Baran.<\/p>\n","protected":false},"author":1,"featured_media":0,"comment_status":"closed","ping_status":"closed","sticky":false,"template":"","format":"standard","meta":{"footnotes":""},"categories":[21,32],"tags":[],"class_list":["post-2627","post","type-post","status-publish","format-standard","hentry","category-21","category-dobrotvorna-akcija-dr-stjepan-kranjcic"],"_links":{"self":[{"href":"https:\/\/kranjcic.hr\/index.php?rest_route=\/wp\/v2\/posts\/2627","targetHints":{"allow":["GET"]}}],"collection":[{"href":"https:\/\/kranjcic.hr\/index.php?rest_route=\/wp\/v2\/posts"}],"about":[{"href":"https:\/\/kranjcic.hr\/index.php?rest_route=\/wp\/v2\/types\/post"}],"author":[{"embeddable":true,"href":"https:\/\/kranjcic.hr\/index.php?rest_route=\/wp\/v2\/users\/1"}],"replies":[{"embeddable":true,"href":"https:\/\/kranjcic.hr\/index.php?rest_route=%2Fwp%2Fv2%2Fcomments&post=2627"}],"version-history":[{"count":2,"href":"https:\/\/kranjcic.hr\/index.php?rest_route=\/wp\/v2\/posts\/2627\/revisions"}],"predecessor-version":[{"id":3459,"href":"https:\/\/kranjcic.hr\/index.php?rest_route=\/wp\/v2\/posts\/2627\/revisions\/3459"}],"wp:attachment":[{"href":"https:\/\/kranjcic.hr\/index.php?rest_route=%2Fwp%2Fv2%2Fmedia&parent=2627"}],"wp:term":[{"taxonomy":"category","embeddable":true,"href":"https:\/\/kranjcic.hr\/index.php?rest_route=%2Fwp%2Fv2%2Fcategories&post=2627"},{"taxonomy":"post_tag","embeddable":true,"href":"https:\/\/kranjcic.hr\/index.php?rest_route=%2Fwp%2Fv2%2Ftags&post=2627"}],"curies":[{"name":"wp","href":"https:\/\/api.w.org\/{rel}","templated":true}]}}