{"id":2635,"date":"2008-08-21T20:30:03","date_gmt":"2008-08-21T20:30:03","guid":{"rendered":"https:\/\/udrugadrstjepankranjcic.wordpress.com\/?p=2635"},"modified":"2016-10-29T19:48:25","modified_gmt":"2016-10-29T19:48:25","slug":"o-dobrotvornoj-akciji-dr-stjepan-kranjcic-na-radio-mariji","status":"publish","type":"post","link":"https:\/\/kranjcic.hr\/?p=2635","title":{"rendered":"O DOBROTVORNOJ AKCIJI &#8220;DR. STJEPAN KRANJ\u010cI\u0106&#8221; NA RADIO MARIJI"},"content":{"rendered":"<p><span style=\"color: #808080;\">U \u010detvrtak 21. kolovoza 2008. u redovitoj emisiji Radio Marije \u201ePoticaji Stjepana Kranj\u010di\u0107a&#8221; gostovali su kri\u017eeva\u010dki \u017eupnik <strong>Kre\u0161imir \u017dini\u0107<\/strong> te scenaristica koncerta \u201eKri\u017e nek&#8217; ti sa\u010duva ime &#8211; Sveti Marko Kri\u017eev\u010danin i Kri\u017eevci u Lisinskom&#8221; kojim \u0107e 7. rujna zapo\u010deti dobrotvorna akcija, <strong>Lejdi Oreb<\/strong>.<!--more--><\/span><\/p>\n<p><span style=\"color: #808080;\">Najavljeno je da \u0107e osim koncerta u tromjese\u010dnoj dobrotvornoj akciji, namijenjenoj intenzivnijem promicanju \u0161tovanja svetog Marka Kri\u017eev\u010danina s nadom u skori po\u010detak izgradnje sveti\u0161ta sv. Marka u Kri\u017eevcima, 13. i 14. rujna u Kri\u017eevcima biti odr\u017eana likovna kolonija koju \u0107e s doma\u0107inima\u00a0 predvoditi Sakralna galerija hrvatskih umjetnika \u201eLaudato&#8221;.<\/span><\/p>\n<p><span style=\"color: #808080;\">Dobrotvorna \u0107e akcija biti nastavljena, istaknuto je, 2. listopada nogometnom utakmicom Hrvatske sve\u0107eni\u010dke nogometne reprezentacije i Ekipe \u201eLica s naslovnica&#8221; na Gradskom stadionu u Kri\u017eevcima u 17 sati. Od 21 sat okupljena lica s naslovnica odr\u017eat \u0107e koncert na prostorima biv\u0161e vojarne u Kri\u017eevcima.<\/span><\/p>\n<p><span style=\"color: #808080;\">Dobrotvorna \u0107e akcija zavr\u0161iti, zaklju\u010dio je \u017eupnik \u017dini\u0107, velikim koncertom popularne duhovne glazbe u kri\u017eeva\u010dkoj sportskoj dvorani na blagdan sv. Nikole, biskupa 6. prosinca, dan nakon proslave 90. obljetnice Kranj\u010di\u0107eva ro\u0111enja u njegovu rodnom Petrijancu.<\/span><\/p>\n<p>&nbsp;<\/p>\n<p>&nbsp;<\/p>\n","protected":false},"excerpt":{"rendered":"<p>U \u010detvrtak 21. kolovoza 2008. u redovitoj emisiji Radio Marije \u201ePoticaji Stjepana Kranj\u010di\u0107a&#8221; gostovali su kri\u017eeva\u010dki \u017eupnik Kre\u0161imir \u017dini\u0107 te scenaristica koncerta \u201eKri\u017e nek&#8217; ti sa\u010duva ime &#8211; Sveti Marko Kri\u017eev\u010danin i Kri\u017eevci u Lisinskom&#8221; kojim \u0107e 7. rujna zapo\u010deti dobrotvorna akcija, Lejdi Oreb.<\/p>\n","protected":false},"author":1,"featured_media":0,"comment_status":"closed","ping_status":"closed","sticky":false,"template":"","format":"standard","meta":{"footnotes":""},"categories":[21,32,11],"tags":[],"class_list":["post-2635","post","type-post","status-publish","format-standard","hentry","category-21","category-dobrotvorna-akcija-dr-stjepan-kranjcic","category-poticaji-stjepana-kranjcica"],"_links":{"self":[{"href":"https:\/\/kranjcic.hr\/index.php?rest_route=\/wp\/v2\/posts\/2635","targetHints":{"allow":["GET"]}}],"collection":[{"href":"https:\/\/kranjcic.hr\/index.php?rest_route=\/wp\/v2\/posts"}],"about":[{"href":"https:\/\/kranjcic.hr\/index.php?rest_route=\/wp\/v2\/types\/post"}],"author":[{"embeddable":true,"href":"https:\/\/kranjcic.hr\/index.php?rest_route=\/wp\/v2\/users\/1"}],"replies":[{"embeddable":true,"href":"https:\/\/kranjcic.hr\/index.php?rest_route=%2Fwp%2Fv2%2Fcomments&post=2635"}],"version-history":[{"count":2,"href":"https:\/\/kranjcic.hr\/index.php?rest_route=\/wp\/v2\/posts\/2635\/revisions"}],"predecessor-version":[{"id":3462,"href":"https:\/\/kranjcic.hr\/index.php?rest_route=\/wp\/v2\/posts\/2635\/revisions\/3462"}],"wp:attachment":[{"href":"https:\/\/kranjcic.hr\/index.php?rest_route=%2Fwp%2Fv2%2Fmedia&parent=2635"}],"wp:term":[{"taxonomy":"category","embeddable":true,"href":"https:\/\/kranjcic.hr\/index.php?rest_route=%2Fwp%2Fv2%2Fcategories&post=2635"},{"taxonomy":"post_tag","embeddable":true,"href":"https:\/\/kranjcic.hr\/index.php?rest_route=%2Fwp%2Fv2%2Ftags&post=2635"}],"curies":[{"name":"wp","href":"https:\/\/api.w.org\/{rel}","templated":true}]}}