{"id":2816,"date":"2015-09-29T12:59:48","date_gmt":"2015-09-29T12:59:48","guid":{"rendered":"https:\/\/udrugadrstjepankranjcic.wordpress.com\/?p=12"},"modified":"2015-09-29T12:59:48","modified_gmt":"2015-09-29T12:59:48","slug":"odrzana-izborna-skupstina-udruge-dr-stjepan-kranjcic","status":"publish","type":"post","link":"https:\/\/kranjcic.hr\/?p=2816","title":{"rendered":"ODR\u017dANA IZBORNA SKUP\u0160TINA UDRUGE &#8220;DR. STJEPAN KRANJ\u010cI\u0106\u201d"},"content":{"rendered":"<p>U \u017eupnom kompleksu Sv. Ane u Kri\u017eevcima u utorak 29. rujna 2015. odr\u017eana je izborna skup\u0161tina Udruge za promicanje znamenitih Kri\u017eev\u010dana \u201eDr. Stjepan Kranj\u010di\u0107\u201d.<!--more--><\/p>\n<p>Za predsjednicu je ponovno izabrana dr. sc. <strong><span style=\"color:#a18838;\">Tanja Baran<\/span><\/strong>, za dopredsjednika <span style=\"color:#a18838;\"><strong>\u017deljko \u0160tubelj<\/strong><\/span>, za tajnicu <span style=\"color:#a18838;\"><strong>Patricia \u017dupani\u0107<\/strong><\/span> te za \u010dlanove Upravnog odbora vl\u010d. <span style=\"color:#a18838;\"><strong>Stjepan Sovi\u010dek<\/strong><\/span> i <span style=\"color:#a18838;\"><strong>Roko Ba\u0161i\u0107<\/strong><\/span>. U Nadzorni su odbor izabrani vl\u010d. <span style=\"color:#a18838;\"><strong>Dra\u017een Hladuvk<\/strong><strong>a<\/strong><\/span>, <span style=\"color:#a18838;\"><strong>Stjepan Krpani\u0107<\/strong><\/span> i <span style=\"color:#a18838;\"><strong>Franjo Nendl<\/strong><\/span>. Za likvidatora je izabran <span style=\"color:#a18838;\"><strong>\u017deljko \u0160tubelj<\/strong><\/span>, a u Komisiju za mirenje izabrani su <span style=\"color:#a18838;\"><strong>Marcel Kova\u010di\u0107<\/strong><\/span>, <span style=\"color:#a18838;\"><strong>Martina Valec Rebi\u0107<\/strong><\/span> i <span style=\"color:#a18838;\"><strong>Danijela Zagorec<\/strong><\/span>.<\/p>\n<p>U toj je prilici izmijenjen Statut Udruge sukladno novom Zakonom o udrugama. Predsjednica Tanja Baran podnijela je izvje\u0161\u0107e o radu Udruge za proteklih godinu dana te najavila planove Udruge za 2016.<\/p>\n<p>Udruga za promicanje znamenitih Kri\u017eev\u010dana \u201eDr. Stjepan Kranj\u010di\u0107\u201d utemeljena je 2007. U svojem se radu ponajprije bavi promicanjem \u0161tovanja hrvatskih svetaca i bla\u017eenika, s naglaskom na sv. Marka Kri\u017eev\u010danina i \u017eupnika na glasu svetosti Stjepana Kranj\u010di\u0107a te organizira natje\u010daje za hrvatsku knji\u017eevnost kr\u0161\u0107anskoga nadahnu\u0107a na nacionalnoj razini. U javnosti je Udruga \u201eDr. Stjepan Kranj\u010di\u0107\u201d najpoznatija po organizaciji manifestacija Dani hrvatskih svetaca i bla\u017eenika, Susret hrvatskoga duhovnoga knji\u017eevnoga stvarala\u0161tva \u201eStjepan Kranj\u010di\u0107\u201d i Susret hrvatskoga dje\u010djega duhovnoga stvarala\u0161tva \u201eStjepan Kranj\u010di\u0107\u201d.<\/p>\n\n","protected":false},"excerpt":{"rendered":"<p>U \u017eupnom kompleksu Sv. Ane u Kri\u017eevcima u utorak 29. rujna 2015. odr\u017eana je izborna skup\u0161tina Udruge za promicanje znamenitih Kri\u017eev\u010dana \u201eDr. Stjepan Kranj\u010di\u0107\u201d.<\/p>\n","protected":false},"author":1,"featured_media":0,"comment_status":"closed","ping_status":"closed","sticky":false,"template":"","format":"standard","meta":{"footnotes":""},"categories":[28,15,18],"tags":[],"class_list":["post-2816","post","type-post","status-publish","format-standard","hentry","category-28","category-skupstine","category-zbivanja"],"_links":{"self":[{"href":"https:\/\/kranjcic.hr\/index.php?rest_route=\/wp\/v2\/posts\/2816","targetHints":{"allow":["GET"]}}],"collection":[{"href":"https:\/\/kranjcic.hr\/index.php?rest_route=\/wp\/v2\/posts"}],"about":[{"href":"https:\/\/kranjcic.hr\/index.php?rest_route=\/wp\/v2\/types\/post"}],"author":[{"embeddable":true,"href":"https:\/\/kranjcic.hr\/index.php?rest_route=\/wp\/v2\/users\/1"}],"replies":[{"embeddable":true,"href":"https:\/\/kranjcic.hr\/index.php?rest_route=%2Fwp%2Fv2%2Fcomments&post=2816"}],"version-history":[{"count":0,"href":"https:\/\/kranjcic.hr\/index.php?rest_route=\/wp\/v2\/posts\/2816\/revisions"}],"wp:attachment":[{"href":"https:\/\/kranjcic.hr\/index.php?rest_route=%2Fwp%2Fv2%2Fmedia&parent=2816"}],"wp:term":[{"taxonomy":"category","embeddable":true,"href":"https:\/\/kranjcic.hr\/index.php?rest_route=%2Fwp%2Fv2%2Fcategories&post=2816"},{"taxonomy":"post_tag","embeddable":true,"href":"https:\/\/kranjcic.hr\/index.php?rest_route=%2Fwp%2Fv2%2Ftags&post=2816"}],"curies":[{"name":"wp","href":"https:\/\/api.w.org\/{rel}","templated":true}]}}