{"id":2934,"date":"2016-05-22T10:27:01","date_gmt":"2016-05-22T10:27:01","guid":{"rendered":"http:\/\/novo.kranjcic.hr\/?p=2934"},"modified":"2016-10-16T20:11:59","modified_gmt":"2016-10-16T20:11:59","slug":"2-znanstveni-skup-hrvatska-knjizevnost-krscanskoga-nadahnuca-u-razdoblju-komunizma","status":"publish","type":"post","link":"https:\/\/kranjcic.hr\/?p=2934","title":{"rendered":"Drugi znanstveni skup \u201eHrvatska knji\u017eevnost kr\u0161\u0107anskoga nadahnu\u0107a &#8211; u razdoblju komunizma&#8221;"},"content":{"rendered":"<p>22. 10. 2016. \u2013 Kri\u017eevci<\/p>\n<p><!--more--><\/p>\n<p>Drugi znanstveni skup \u201eHrvatska knji\u017eevnost kr\u0161\u0107anskoga nadahnu\u0107a \u2013 u razdoblju komunizma\u201c bit \u0107e odr\u017ean u subotu 22. listopada 2016. u Kri\u017eevcima u organizaciji Hrvatskih studija Sveu\u010dili\u0161ta u Zagrebu, Glasa Koncila i Udruge za promicanje znamenitih Kri\u017eev\u010dana \u201eDr. Stjepan Kranj\u010di\u0107\u201c. Na znanstvenom skupu sudjelovat \u0107e 21 znanstvenik iz cijele Hrvatske. Otvorenje \u0107e biti u 09.00 sati u Maloj dvorani Hrvatskoga doma, Antuna Gustava Mato\u0161a 4. Prva sesija zapo\u010dinje u 09.30, a druga u 16.00 sati.<\/p>\n<p>Uvodno \u0107e predavanje Katoli\u010dka knji\u017eevnost 1945. \u2013 1990. odr\u017eati <em>Vladimir Lon\u010darevi\u0107<\/em>, o nekim problemima hrvatske duhovne poezije osamdesetih godina 20. stolje\u0107a govorit \u0107e <em>Mario Gr\u010devi\u0107<\/em>. Religiozno kazali\u0161te u Hrvatskoj od 1945. ili kako su rubovi o\u010duvali svjetlo predstavit \u0107e <em>Sanja Nik\u010devi\u0107<\/em>, dok \u0107e o temi Slagatelji knjige Njegove govoriti <em>Zrinka Jelaska<\/em> i <em>Nada Babi\u0107<\/em>. <em>Emina Dabo<\/em> predstavit \u0107e biblijske motive pu\u010dkih pjesama otoka Paga iz sredine i kraja 20. stolje\u0107a, dok \u0107e <em>Zdravko Gavran<\/em> izlagati o likovima, selu, vjeri i umjetnosti u pripovjednoj prozi Stjepana D\u017ealte objavljenoj u razdoblju 1970. \u2013 1990.<\/p>\n<p>Nakon stanke <em>Jasna \u0160ego<\/em> \u0107e predstaviti socijalne, religiozne i domoljubne motive u pjesni\u0161tvu Vinka Nikoli\u0107a, <em>Andrea Sli\u0161kovi\u0107<\/em> analizirat \u0107e Ivana Raosa kao bunkeriranog pu\u010dko-religioznog knji\u017eevnika. O znanom i neznanom knji\u017eevnom stvarala\u0161tvu Ivana Goluba prije 1990-ih govorit \u0107e <em>Mario Kolar<\/em>, knji\u017eevni rad hrvatskog pisca Josipa Cvrtile u vrijeme komunizma predstavit<em> \u0107e Kre\u0161imir \u010cokoli\u0107. <\/em>Izlaganje pod naslovom Rije\u010di iz pera pune Ljubavi izre\u0107i \u0107e <em>Petar Bilobrk, Stjepan Tomi\u0107 <\/em>\u0107e govoriti o katolicizmu Zvonimira Remete, a<em> Matijas Bakovi\u0107 <\/em>o ideologiji u hrvatskim pravopisima 40-ih godina XX. stolje\u0107a<\/p>\n<p>U poslijepodnevnom dijelu programa <em>Marinko \u0160i\u0161ak<\/em> govorit \u0107e o vjerskim piscima i prijeporima oko prvog sveska HBL-a. O temi pod nazivom Prijevod kao knji\u017eevno djelo \u2013 graditelji Biblije Zagreba\u010dke izlagat \u0107e <em>Nada Babi\u0107<\/em> i <em>Zrinka Jelaska<\/em>. Kr\u0161\u0107anska knji\u017eevnost i \u010dasopis \u201eKnjiga i \u010ditaoci\u201c (1967. \u2013 1979.) tema je koju \u0107e predstaviti <em>\u017deljko Vegh.<\/em> <em>Suzana Peran<\/em> i <em>An\u0111elka Ragu\u017e<\/em> govorit \u0107e o ulozi \u017eupnih listova u o\u010duvanju i razvoju hrvatske knji\u017eevnosti kr\u0161\u0107anskoga nadahnu\u0107a na primjeru \u017eupnog lista Duh zajedni\u0161tva. Temu Crkva u Hrvatskom prolje\u0107u: analiza \u201episama \u010ditatelja\u201c objavljenih u kr\u0161\u0107anskoj obiteljskoj reviji Kana godine 1970. i 1971. obradit \u0107e <em>Veronika Mila Popi\u0107<\/em>, dok \u0107e <em>Kristina Marijanovi\u0107<\/em> predstaviti temu Marija me\u0111u nama \u2013 provincijski glasnik kao poku\u0161aj knji\u017eevnih izri\u010daja \u0160kolskih sestara franjevki u Bosni.<\/p>\n<p>Radovi sa znanstvenoga skupa bit \u0107e recenzirani i tiskani u \u010dasopisu \u201eKroatologija\u201c Hrvatskih studija tijekom 2017. godine.<\/p>\n<p>Cilj je znanstvenoga skupa \u201eHrvatska knji\u017eevnost kr\u0161\u0107anskoga nadahnu\u0107a \u2013 u razdoblju komunizma\u201c znanstveno analizirati i vrednovati zanemarenu hrvatsku knji\u017eevnost kr\u0161\u0107anskoga nadahnu\u0107a te dati doprinos premo\u0161\u0107ivanju umjetno stvorenoga diskontinuiteta u hrvatskoj knji\u017eevnosti i kulturi op\u0107enito.<\/p>\n<p>Znanstveni skup odr\u017eava se uz potporu Grada Kri\u017eevaca i Koprivni\u010dko-kri\u017eeva\u010dke \u017eupanije.<\/p>\n<hr \/>\n<p>Materijali<\/p>\n<p><a href=\"http:\/\/novo.kranjcic.hr\/wp-content\/uploads\/2016\/05\/2.-HKKN-2016.-plakat.pdf\">Plakat<\/a><br \/>\n<a href=\"http:\/\/novo.kranjcic.hr\/wp-content\/uploads\/2016\/05\/2.-HKKN-2016.-pozivnica.pdf\">Pozivnica<\/a><br \/>\n<a href=\"http:\/\/novo.kranjcic.hr\/wp-content\/uploads\/2016\/05\/2.-HKKN-2016.-program.pdf\">Program<\/a><\/p>\n","protected":false},"excerpt":{"rendered":"<p>22. 10. 2016. \u2013 Kri\u017eevci<\/p>\n","protected":false},"author":1,"featured_media":0,"comment_status":"closed","ping_status":"closed","sticky":false,"template":"","format":"standard","meta":{"footnotes":""},"categories":[9],"tags":[],"class_list":["post-2934","post","type-post","status-publish","format-standard","hentry","category-najave"],"_links":{"self":[{"href":"https:\/\/kranjcic.hr\/index.php?rest_route=\/wp\/v2\/posts\/2934","targetHints":{"allow":["GET"]}}],"collection":[{"href":"https:\/\/kranjcic.hr\/index.php?rest_route=\/wp\/v2\/posts"}],"about":[{"href":"https:\/\/kranjcic.hr\/index.php?rest_route=\/wp\/v2\/types\/post"}],"author":[{"embeddable":true,"href":"https:\/\/kranjcic.hr\/index.php?rest_route=\/wp\/v2\/users\/1"}],"replies":[{"embeddable":true,"href":"https:\/\/kranjcic.hr\/index.php?rest_route=%2Fwp%2Fv2%2Fcomments&post=2934"}],"version-history":[{"count":6,"href":"https:\/\/kranjcic.hr\/index.php?rest_route=\/wp\/v2\/posts\/2934\/revisions"}],"predecessor-version":[{"id":2989,"href":"https:\/\/kranjcic.hr\/index.php?rest_route=\/wp\/v2\/posts\/2934\/revisions\/2989"}],"wp:attachment":[{"href":"https:\/\/kranjcic.hr\/index.php?rest_route=%2Fwp%2Fv2%2Fmedia&parent=2934"}],"wp:term":[{"taxonomy":"category","embeddable":true,"href":"https:\/\/kranjcic.hr\/index.php?rest_route=%2Fwp%2Fv2%2Fcategories&post=2934"},{"taxonomy":"post_tag","embeddable":true,"href":"https:\/\/kranjcic.hr\/index.php?rest_route=%2Fwp%2Fv2%2Ftags&post=2934"}],"curies":[{"name":"wp","href":"https:\/\/api.w.org\/{rel}","templated":true}]}}