{"id":2942,"date":"2016-05-26T10:36:33","date_gmt":"2016-05-26T10:36:33","guid":{"rendered":"http:\/\/novo.kranjcic.hr\/?p=2942"},"modified":"2016-10-26T19:39:44","modified_gmt":"2016-10-26T19:39:44","slug":"otvoreni-8-dani-hrvatskih-svetaca-i-blazenika-1-dan-dan-sv-marka-krizevcanina","status":"publish","type":"post","link":"https:\/\/kranjcic.hr\/?p=2942","title":{"rendered":"OTVORENI 8. DANI HRVATSKIH SVETACA I BLA\u017dENIKA (1. DAN \u2013 DAN SV. MARKA KRI\u017dEV\u010cANINA)"},"content":{"rendered":"<p>Molitvenim, knji\u017eevnim i glazbenim programom posve\u0107enim sv. Marku Kri\u017eev\u010daninu, misnim slavljem koje je predvodio bjelovarsko-kri\u017eeva\u010dki biskup mons. Vjekoslav Huzjak te otvorenjem izlo\u017ebe portreta \u201eHrvatski sveci i bla\u017eenici u na\u0161em narodu\u201d akademskog slikara Ante Mamu\u0161e, u Kri\u017eevcima su na svetkovinu Tijelova u \u010detvrtak 26. svibnja 2016. zapo\u010deli 8. Dani hrvatskih svetaca i bla\u017eenika.<\/p>\n<p>Sve\u010danost proslave sv. Marka Kri\u017eev\u010danina zapo\u010dela je u crkvi sv. Ane uvodnim pozdravima kri\u017eeva\u010dkoga \u017eupnika <span style=\"color: #63c6ae;\"><strong>Stjepana Sovi\u010deka<\/strong><\/span> te sv. Kri\u017eev\u010daninu posve\u0107enim pretprogramom autorice <strong><span style=\"color: #63c6ae;\">Renate Vivek Bo\u017ei\u0107<\/span><\/strong> koji su izveli \u010dlanovi Udruge za promicanje znamenitih Kri\u017eev\u010dana \u201eDr. Stjepan Kranj\u010di\u0107\u201d i zbor mladih \u201eCrisinus\u201d.<\/p>\n<p>Euharistiju je u suslavlju s predsjednikom Hrvatske konferencije vi\u0161ih redovni\u010dkih poglavara i poglavarica fra <span style=\"color: #63c6ae;\"><strong>Jurom \u0160ar\u010devi\u0107em<\/strong><\/span>, kanonikom Prvostolnoga kaptola zagreba\u010dkog mons. <span style=\"color: #63c6ae;\"><strong>Lovrom Cindorijem<\/strong><\/span>, \u017eupnikom Sv. Petra Orehovca <span style=\"color: #63c6ae;\"><strong>Ivanom \u017dufikom<\/strong><\/span>, \u017eupnikom Maloga Ravna <span style=\"color: #63c6ae;\"><strong>Zvonimirom Roginom<\/strong><\/span>, vl\u010d. <span style=\"color: #63c6ae;\"><strong>Goranom Bu\u017eakom<\/strong><\/span>, kri\u017eeva\u010dkim grkokatoli\u010dkim \u017eupnikom <span style=\"color: #63c6ae;\"><strong>Mihajlom Simunovi\u0107em<\/strong> <\/span>i \u017eupnikom doma\u0107inom Sovi\u010dekom, predvodio bjelovarsko-kri\u017eeva\u010dki biskup mons. <span style=\"color: #63c6ae;\"><strong>Vjekoslav Huzjak<\/strong><\/span>.<\/p>\n<p>U propovijedi je biskup govorio da je sv. Marko znao dosti\u0107i ono \u0161to je vje\u010dno, da je mogao zatajiti Isusa, napraviti kompromis, ali da time ne bi ostvario svetost. \u201eBiti svet zna\u010di prihvatiti Isusa u punini, a ne uzimati od Crkve samo ono \u0161to nam se svi\u0111a\u201d,\u00a0 istaknuo je propovjednik te naglasio da se ne smije osu\u0111ivati one ljude koji nisu Bo\u017eji, sveti, ve\u0107 da se za njih treba moliti. \u201eSv. Marko svoje progonitelje nije proklinjao, ve\u0107 je molio za njih\u201d, podsjetio je biskup Huzjak i zaklju\u010dio da su sveci u smrti svojega tijela, vlastitoga predanja, otvarali vrata \u017eivota. Glazbeni obol euharistijskom slavlju dao mje\u0161oviti zbor \u017eupe sv. Ane.<\/p>\n<p>Program je nastavljen u Gradskoj galeriji otvorenjem izlo\u017ebe \u201eHrvatski sveci i bla\u017eenici u na\u0161em narodu\u201d akademskog slikara <span style=\"color: #63c6ae;\"><strong>Ante Mamu\u0161e<\/strong><\/span>. U sve\u010danosti su sudjelovali pro\u010delnik za dru\u0161tvene djelatnosti Grada Kri\u017eevaca <span style=\"color: #63c6ae;\"><strong>Mladen Tenodi<\/strong><\/span>, ravnateljica kri\u017eeva\u010dkoga Gradskog muzeja <span style=\"color: #63c6ae;\"><strong>Lana Okro\u0161a Ro\u017ei\u0107<\/strong><\/span>, direktorica Galerije hrvatske sakralne umjetnosti \u201eLaudato\u201d, koja je organizirala izlo\u017ebu, <span style=\"color: #63c6ae;\"><strong>Ksenija Abramovi\u0107<\/strong><\/span>, likovni kriti\u010dar <span style=\"color: #63c6ae;\"><strong>Stanko \u0160poljari\u0107<\/strong> <\/span>te sam autor.<\/p>\n<p>Glazbeni obol sve\u010danosti dao je Vokalni sastav \u201eAllegro\u201d te prigodnim stihovima o svetosti glumac <span style=\"color: #63c6ae;\"><strong>Dubravko Sidor<\/strong><\/span>. Izlo\u017ebu je otvorio mons. Huzjak, a kroz program je uime organizatora 8. Dana hrvatskih svetaca i bla\u017eenika Udruge za promicanje znamenitih Kri\u017eev\u010dana \u201eDr. Stjepan Kranj\u010di\u0107\u201d te kri\u017eeva\u010dkih \u017eupa sv. Ane te BDM \u017dalosne i sv. Marka Kri\u017eev\u010danina vodila <span style=\"color: #63c6ae;\"><strong>Tanja Baran<\/strong><\/span>.<\/p>\n<p>Izlo\u017ebu, koja \u0107e biti otvorena do 13. lipnja, prati sadr\u017eajan katalog u kojem je estetsku analizu napisao likovni kriti\u010dar Stanko \u0160poljari\u0107. U njemu je objavljen i popis svih hrvatskih svetaca i bla\u017eenika te slugu i slu\u017ebenica Bo\u017ejih te su prikazani portreti svih na\u0161ih progla\u0161enih duhovnih velikana.<\/p>\n<p>Nakon zatvaranja izlo\u017ebe u Kri\u017eevcima, ta ista izlo\u017eba bit \u0107e otvorena 13. srpnja u Trogiru, rodnom gradu bl. Augustina Ka\u017eoti\u0107a te uz Redovni\u010dke dane 18. rujna u galeriji \u201eVinko Draganja OP\u201d dominikanskoga samostana u Splitu. Po\u010detkom 2017. izlo\u017eba \u0107e biti postavljena u Slavonskom Brodu, tijekom korizme u \u017eupi bl. Augustina Ka\u017eoti\u0107a na Pe\u0161\u010denici u Zagrebu, a nakon korizme u \u017eupi sv. Leopolda Bogdana Mandi\u0107a u zagreba\u010dkoj Gornjoj Dubravi.<\/p>\n\n\t\t<style type=\"text\/css\">\n\t\t\t#gallery-1 {\n\t\t\t\tmargin: auto;\n\t\t\t}\n\t\t\t#gallery-1 .gallery-item {\n\t\t\t\tfloat: left;\n\t\t\t\tmargin-top: 10px;\n\t\t\t\ttext-align: center;\n\t\t\t\twidth: 33%;\n\t\t\t}\n\t\t\t#gallery-1 img {\n\t\t\t\tborder: 2px solid #cfcfcf;\n\t\t\t}\n\t\t\t#gallery-1 .gallery-caption {\n\t\t\t\tmargin-left: 0;\n\t\t\t}\n\t\t\t\/* see gallery_shortcode() in wp-includes\/media.php *\/\n\t\t<\/style>\n\t\t<div id='gallery-1' class='gallery galleryid-2942 gallery-columns-3 gallery-size-medium'><dl class='gallery-item'>\n\t\t\t<dt class='gallery-icon landscape'>\n\t\t\t\t<a href='https:\/\/kranjcic.hr\/?attachment_id=2943'><img loading=\"lazy\" decoding=\"async\" width=\"200\" height=\"133\" src=\"https:\/\/kranjcic.hr\/wp-content\/uploads\/2016\/05\/001-Misa2-500x333.jpg\" class=\"attachment-medium size-medium\" alt=\"\" srcset=\"https:\/\/kranjcic.hr\/wp-content\/uploads\/2016\/05\/001-Misa2-500x333.jpg 500w, https:\/\/kranjcic.hr\/wp-content\/uploads\/2016\/05\/001-Misa2-120x80.jpg 120w, https:\/\/kranjcic.hr\/wp-content\/uploads\/2016\/05\/001-Misa2.jpg 600w\" sizes=\"auto, (max-width: 200px) 100vw, 200px\" \/><\/a>\n\t\t\t<\/dt><\/dl><dl class='gallery-item'>\n\t\t\t<dt class='gallery-icon portrait'>\n\t\t\t\t<a href='https:\/\/kranjcic.hr\/?attachment_id=2944'><img loading=\"lazy\" decoding=\"async\" width=\"100\" height=\"150\" src=\"https:\/\/kranjcic.hr\/wp-content\/uploads\/2016\/05\/002-Biskup-Huzjak-propovijeda-333x500.jpg\" class=\"attachment-medium size-medium\" alt=\"\" srcset=\"https:\/\/kranjcic.hr\/wp-content\/uploads\/2016\/05\/002-Biskup-Huzjak-propovijeda-333x500.jpg 333w, https:\/\/kranjcic.hr\/wp-content\/uploads\/2016\/05\/002-Biskup-Huzjak-propovijeda-80x120.jpg 80w, https:\/\/kranjcic.hr\/wp-content\/uploads\/2016\/05\/002-Biskup-Huzjak-propovijeda.jpg 400w\" sizes=\"auto, (max-width: 100px) 100vw, 100px\" \/><\/a>\n\t\t\t<\/dt><\/dl><dl class='gallery-item'>\n\t\t\t<dt class='gallery-icon landscape'>\n\t\t\t\t<a href='https:\/\/kranjcic.hr\/?attachment_id=2945'><img loading=\"lazy\" decoding=\"async\" width=\"200\" height=\"133\" src=\"https:\/\/kranjcic.hr\/wp-content\/uploads\/2016\/05\/003-Otvorenje-izlo\u017ebe-500x333.jpg\" class=\"attachment-medium size-medium\" alt=\"\" srcset=\"https:\/\/kranjcic.hr\/wp-content\/uploads\/2016\/05\/003-Otvorenje-izlo\u017ebe-500x333.jpg 500w, https:\/\/kranjcic.hr\/wp-content\/uploads\/2016\/05\/003-Otvorenje-izlo\u017ebe-120x80.jpg 120w, https:\/\/kranjcic.hr\/wp-content\/uploads\/2016\/05\/003-Otvorenje-izlo\u017ebe.jpg 600w\" sizes=\"auto, (max-width: 200px) 100vw, 200px\" \/><\/a>\n\t\t\t<\/dt><\/dl><br style=\"clear: both\" \/><dl class='gallery-item'>\n\t\t\t<dt class='gallery-icon landscape'>\n\t\t\t\t<a href='https:\/\/kranjcic.hr\/?attachment_id=2946'><img loading=\"lazy\" decoding=\"async\" width=\"200\" height=\"133\" src=\"https:\/\/kranjcic.hr\/wp-content\/uploads\/2016\/05\/005-VS-Allegro-500x333.jpg\" class=\"attachment-medium size-medium\" alt=\"\" srcset=\"https:\/\/kranjcic.hr\/wp-content\/uploads\/2016\/05\/005-VS-Allegro-500x333.jpg 500w, https:\/\/kranjcic.hr\/wp-content\/uploads\/2016\/05\/005-VS-Allegro-120x80.jpg 120w, https:\/\/kranjcic.hr\/wp-content\/uploads\/2016\/05\/005-VS-Allegro.jpg 600w\" sizes=\"auto, (max-width: 200px) 100vw, 200px\" \/><\/a>\n\t\t\t<\/dt><\/dl><dl class='gallery-item'>\n\t\t\t<dt class='gallery-icon landscape'>\n\t\t\t\t<a href='https:\/\/kranjcic.hr\/?attachment_id=2947'><img loading=\"lazy\" decoding=\"async\" width=\"200\" height=\"133\" src=\"https:\/\/kranjcic.hr\/wp-content\/uploads\/2016\/05\/006-Pretprogram-500x332.jpg\" class=\"attachment-medium size-medium\" alt=\"\" srcset=\"https:\/\/kranjcic.hr\/wp-content\/uploads\/2016\/05\/006-Pretprogram-500x332.jpg 500w, https:\/\/kranjcic.hr\/wp-content\/uploads\/2016\/05\/006-Pretprogram-120x80.jpg 120w, https:\/\/kranjcic.hr\/wp-content\/uploads\/2016\/05\/006-Pretprogram.jpg 600w\" sizes=\"auto, (max-width: 200px) 100vw, 200px\" \/><\/a>\n\t\t\t<\/dt><\/dl><dl class='gallery-item'>\n\t\t\t<dt class='gallery-icon landscape'>\n\t\t\t\t<a href='https:\/\/kranjcic.hr\/?attachment_id=2948'><img loading=\"lazy\" decoding=\"async\" width=\"200\" height=\"133\" src=\"https:\/\/kranjcic.hr\/wp-content\/uploads\/2016\/05\/007-Vjernici-500x332.jpg\" class=\"attachment-medium size-medium\" alt=\"\" srcset=\"https:\/\/kranjcic.hr\/wp-content\/uploads\/2016\/05\/007-Vjernici-500x332.jpg 500w, https:\/\/kranjcic.hr\/wp-content\/uploads\/2016\/05\/007-Vjernici-120x80.jpg 120w, https:\/\/kranjcic.hr\/wp-content\/uploads\/2016\/05\/007-Vjernici.jpg 600w\" sizes=\"auto, (max-width: 200px) 100vw, 200px\" \/><\/a>\n\t\t\t<\/dt><\/dl><br style=\"clear: both\" \/>\n\t\t<\/div>\n\n<p>&nbsp;<\/p>\n<p>&nbsp;<\/p>\n<p>&nbsp;<\/p>\n","protected":false},"excerpt":{"rendered":"<p>Molitvenim, knji\u017eevnim i glazbenim programom posve\u0107enim sv. Marku Kri\u017eev\u010daninu, misnim slavljem koje je predvodio bjelovarsko-kri\u017eeva\u010dki biskup mons. Vjekoslav Huzjak te otvorenjem izlo\u017ebe portreta \u201eHrvatski sveci i bla\u017eenici u na\u0161em narodu\u201d akademskog slikara Ante Mamu\u0161e, u Kri\u017eevcima su na svetkovinu Tijelova u \u010detvrtak 26. svibnja 2016. zapo\u010deli 8. Dani hrvatskih svetaca&hellip; <\/p>\n","protected":false},"author":1,"featured_media":0,"comment_status":"closed","ping_status":"closed","sticky":false,"template":"","format":"standard","meta":{"footnotes":""},"categories":[29,61,30],"tags":[],"class_list":["post-2942","post","type-post","status-publish","format-standard","hentry","category-29","category-8-dani-hsib","category-dani-hrvatskih-svetaca-i-blazenika"],"_links":{"self":[{"href":"https:\/\/kranjcic.hr\/index.php?rest_route=\/wp\/v2\/posts\/2942","targetHints":{"allow":["GET"]}}],"collection":[{"href":"https:\/\/kranjcic.hr\/index.php?rest_route=\/wp\/v2\/posts"}],"about":[{"href":"https:\/\/kranjcic.hr\/index.php?rest_route=\/wp\/v2\/types\/post"}],"author":[{"embeddable":true,"href":"https:\/\/kranjcic.hr\/index.php?rest_route=\/wp\/v2\/users\/1"}],"replies":[{"embeddable":true,"href":"https:\/\/kranjcic.hr\/index.php?rest_route=%2Fwp%2Fv2%2Fcomments&post=2942"}],"version-history":[{"count":3,"href":"https:\/\/kranjcic.hr\/index.php?rest_route=\/wp\/v2\/posts\/2942\/revisions"}],"predecessor-version":[{"id":3019,"href":"https:\/\/kranjcic.hr\/index.php?rest_route=\/wp\/v2\/posts\/2942\/revisions\/3019"}],"wp:attachment":[{"href":"https:\/\/kranjcic.hr\/index.php?rest_route=%2Fwp%2Fv2%2Fmedia&parent=2942"}],"wp:term":[{"taxonomy":"category","embeddable":true,"href":"https:\/\/kranjcic.hr\/index.php?rest_route=%2Fwp%2Fv2%2Fcategories&post=2942"},{"taxonomy":"post_tag","embeddable":true,"href":"https:\/\/kranjcic.hr\/index.php?rest_route=%2Fwp%2Fv2%2Ftags&post=2942"}],"curies":[{"name":"wp","href":"https:\/\/api.w.org\/{rel}","templated":true}]}}