{"id":2995,"date":"2016-09-08T20:35:34","date_gmt":"2016-09-08T20:35:34","guid":{"rendered":"http:\/\/novo.kranjcic.hr\/?p=2995"},"modified":"2016-10-26T19:38:57","modified_gmt":"2016-10-26T19:38:57","slug":"predstavljena-knjiga-stjepana-krasica-mucenistvo-sv-marka-krizevcanina-u-povijesnom-kontekstu","status":"publish","type":"post","link":"https:\/\/kranjcic.hr\/?p=2995","title":{"rendered":"PREDSTAVLJENA KNJIGA STJEPANA KRASI\u0106A \u201eMU\u010cENI\u0160TVO SV. MARKA KRI\u017dEV\u010cANINA U POVIJESNOM KONTEKSTU&#8221;"},"content":{"rendered":"<p>U sklopu dvotjednih Dana sv. Marka Kri\u017eev\u010danina u u kri\u017eeva\u010dkoj je \u017eupnoj crkvi sv. Ane u \u010detvrtak 8. rujna, na blagdan Male Gospe, odr\u017eano predavanje \u201eMu\u010deni\u0161tvo sv. Marka Kri\u017eev\u010danina u povijesnom kontekstu&#8221; te je predstavljena istoimena knjiga.<\/p>\n<p><!--more--><\/p>\n<p>Predavao je autor knjige dubrova\u010dki dominikanac, povjesni\u010dar prof. dr. Stjepan Krasi\u0107, dok su knjigu zajedno objavili Glas Koncila kao nakladnik i Udruga za promicanje znamenitih Kri\u017eev\u010dana \u201eDr. Stjepan Kranj\u010di\u0107&#8221; kao izdava\u010d.<\/p>\n<p>O sadr\u017eaju knjige uvodno je govorila predsjednica Udruge i urednica knjige dr. Tanja Baran, nakon \u010dega je dr. Krasi\u0107 detaljno predstavio temu.<\/p>\n<p>Ostvarenje, nakon predgovora koji je napisao bjelovarsko-kri\u017eeva\u010dki biskup Vjekoslav Huzjak, na 144 stranice donosi pravu sintezu protestantizma od kojega su 7. rujna 1619. godine stradali Ko\u0161i\u010dki mu\u010denici \u2013 sv. Marko Kri\u017eev\u010danin te njegova subra\u0107a isusovci Stjepan Pongracz i Melkior Grodziecki. \u00a0Nakon uvoda i teksta o poro\u0111ajnim mukama novoga vijeka, dr. Krasi\u0107 je predstavio lik i djelovanje klju\u010dnih reformatora Martina Luthera, Ulricha Zwinglija i Jeana Calvina. Zatim se posvetio poja\u0161njavanju kalvinizma u zapadnoj Europi i Ugarskoj, reformaciji u hrvatskim krajevima, Europi u vihoru Tridesetogodi\u0161njeg rata (1618. \u2013 1648.), samome mu\u010deni\u0161tvu trojice 1995. godine progla\u0161enih svetaca te na kraju toleranciji kao klju\u010du su\u017eivota. Knjiga ima i sadr\u017eajnu likovnu opremu s naglaskom na opisivane povijesne li\u010dnosti, a ponajprije na portrete sv. Marka Kri\u017eev\u010danina, posebno one nastale na dosada\u0161njim izlo\u017ebama galerije Laudato, a nastale za Dane hrvatskih svetaca i bla\u017eenika u Kri\u017eevcima. Me\u0111u tim se portretima, koji su svoje mjesto prona\u0161li i na naslovnici knjige, isti\u010du portreti sv. Marka Josipa Botterija Dinija, Ante Mamu\u0161e, Tomislava Buntaka, Matka Antol\u010di\u0107a i Maje Vidovi\u0107.<\/p>\n<p>Uo\u010di predavanja i predstavljanja dr. Krasi\u0107 je, uz \u017eupnika doma\u0107ina Stjepana Sovi\u010deka, predvodio i misno slavlje, a kao uvertiru u predavanje prigodni su kra\u0107i glazbeni i recitalni program izveli Zbor mladih kri\u017eeva\u010dkih \u017eupa \u201eCrisinus&#8221; te \u010dlanice Udruge \u201eDr. Stjepan Kranj\u010di\u0107&#8221;.<\/p>\n\n\t\t<style type=\"text\/css\">\n\t\t\t#gallery-1 {\n\t\t\t\tmargin: auto;\n\t\t\t}\n\t\t\t#gallery-1 .gallery-item {\n\t\t\t\tfloat: left;\n\t\t\t\tmargin-top: 10px;\n\t\t\t\ttext-align: center;\n\t\t\t\twidth: 33%;\n\t\t\t}\n\t\t\t#gallery-1 img {\n\t\t\t\tborder: 2px solid #cfcfcf;\n\t\t\t}\n\t\t\t#gallery-1 .gallery-caption {\n\t\t\t\tmargin-left: 0;\n\t\t\t}\n\t\t\t\/* see gallery_shortcode() in wp-includes\/media.php *\/\n\t\t<\/style>\n\t\t<div id='gallery-1' class='gallery galleryid-2995 gallery-columns-3 gallery-size-medium'><dl class='gallery-item'>\n\t\t\t<dt class='gallery-icon landscape'>\n\t\t\t\t<a href='https:\/\/kranjcic.hr\/?attachment_id=3002'><img loading=\"lazy\" decoding=\"async\" width=\"200\" height=\"133\" src=\"https:\/\/kranjcic.hr\/wp-content\/uploads\/2016\/09\/krasic-5-500x333.jpg\" class=\"attachment-medium size-medium\" alt=\"\" srcset=\"https:\/\/kranjcic.hr\/wp-content\/uploads\/2016\/09\/krasic-5-500x333.jpg 500w, https:\/\/kranjcic.hr\/wp-content\/uploads\/2016\/09\/krasic-5-120x80.jpg 120w, https:\/\/kranjcic.hr\/wp-content\/uploads\/2016\/09\/krasic-5.jpg 600w\" sizes=\"auto, (max-width: 200px) 100vw, 200px\" \/><\/a>\n\t\t\t<\/dt><\/dl><dl class='gallery-item'>\n\t\t\t<dt class='gallery-icon landscape'>\n\t\t\t\t<a href='https:\/\/kranjcic.hr\/?attachment_id=3001'><img loading=\"lazy\" decoding=\"async\" width=\"200\" height=\"133\" src=\"https:\/\/kranjcic.hr\/wp-content\/uploads\/2016\/09\/krasic-4-500x333.jpg\" class=\"attachment-medium size-medium\" alt=\"\" srcset=\"https:\/\/kranjcic.hr\/wp-content\/uploads\/2016\/09\/krasic-4-500x333.jpg 500w, https:\/\/kranjcic.hr\/wp-content\/uploads\/2016\/09\/krasic-4-120x80.jpg 120w, https:\/\/kranjcic.hr\/wp-content\/uploads\/2016\/09\/krasic-4.jpg 600w\" sizes=\"auto, (max-width: 200px) 100vw, 200px\" \/><\/a>\n\t\t\t<\/dt><\/dl><dl class='gallery-item'>\n\t\t\t<dt class='gallery-icon landscape'>\n\t\t\t\t<a href='https:\/\/kranjcic.hr\/?attachment_id=3000'><img loading=\"lazy\" decoding=\"async\" width=\"200\" height=\"133\" src=\"https:\/\/kranjcic.hr\/wp-content\/uploads\/2016\/09\/krasic-3-500x333.jpg\" class=\"attachment-medium size-medium\" alt=\"\" srcset=\"https:\/\/kranjcic.hr\/wp-content\/uploads\/2016\/09\/krasic-3-500x333.jpg 500w, https:\/\/kranjcic.hr\/wp-content\/uploads\/2016\/09\/krasic-3-120x80.jpg 120w, https:\/\/kranjcic.hr\/wp-content\/uploads\/2016\/09\/krasic-3.jpg 600w\" sizes=\"auto, (max-width: 200px) 100vw, 200px\" \/><\/a>\n\t\t\t<\/dt><\/dl><br style=\"clear: both\" \/><dl class='gallery-item'>\n\t\t\t<dt class='gallery-icon landscape'>\n\t\t\t\t<a href='https:\/\/kranjcic.hr\/?attachment_id=2999'><img loading=\"lazy\" decoding=\"async\" width=\"200\" height=\"133\" src=\"https:\/\/kranjcic.hr\/wp-content\/uploads\/2016\/09\/krasic-2-500x332.jpg\" class=\"attachment-medium size-medium\" alt=\"\" srcset=\"https:\/\/kranjcic.hr\/wp-content\/uploads\/2016\/09\/krasic-2-500x332.jpg 500w, https:\/\/kranjcic.hr\/wp-content\/uploads\/2016\/09\/krasic-2-120x80.jpg 120w, https:\/\/kranjcic.hr\/wp-content\/uploads\/2016\/09\/krasic-2.jpg 600w\" sizes=\"auto, (max-width: 200px) 100vw, 200px\" \/><\/a>\n\t\t\t<\/dt><\/dl><dl class='gallery-item'>\n\t\t\t<dt class='gallery-icon landscape'>\n\t\t\t\t<a href='https:\/\/kranjcic.hr\/?attachment_id=2998'><img loading=\"lazy\" decoding=\"async\" width=\"200\" height=\"133\" src=\"https:\/\/kranjcic.hr\/wp-content\/uploads\/2016\/09\/krasic-1-500x332.jpg\" class=\"attachment-medium size-medium\" alt=\"\" srcset=\"https:\/\/kranjcic.hr\/wp-content\/uploads\/2016\/09\/krasic-1-500x332.jpg 500w, https:\/\/kranjcic.hr\/wp-content\/uploads\/2016\/09\/krasic-1-120x80.jpg 120w, https:\/\/kranjcic.hr\/wp-content\/uploads\/2016\/09\/krasic-1.jpg 600w\" sizes=\"auto, (max-width: 200px) 100vw, 200px\" \/><\/a>\n\t\t\t<\/dt><\/dl>\n\t\t\t<br style='clear: both' \/>\n\t\t<\/div>\n\n<p>&nbsp;<\/p>\n<p>&nbsp;<\/p>\n","protected":false},"excerpt":{"rendered":"<p>U sklopu dvotjednih Dana sv. Marka Kri\u017eev\u010danina u u kri\u017eeva\u010dkoj je \u017eupnoj crkvi sv. Ane u \u010detvrtak 8. rujna, na blagdan Male Gospe, odr\u017eano predavanje \u201eMu\u010deni\u0161tvo sv. Marka Kri\u017eev\u010danina u povijesnom kontekstu&#8221; te je predstavljena istoimena knjiga.<\/p>\n","protected":false},"author":1,"featured_media":2998,"comment_status":"closed","ping_status":"closed","sticky":false,"template":"","format":"standard","meta":{"footnotes":""},"categories":[29,13],"tags":[],"class_list":["post-2995","post","type-post","status-publish","format-standard","has-post-thumbnail","hentry","category-29","category-publikacije"],"_links":{"self":[{"href":"https:\/\/kranjcic.hr\/index.php?rest_route=\/wp\/v2\/posts\/2995","targetHints":{"allow":["GET"]}}],"collection":[{"href":"https:\/\/kranjcic.hr\/index.php?rest_route=\/wp\/v2\/posts"}],"about":[{"href":"https:\/\/kranjcic.hr\/index.php?rest_route=\/wp\/v2\/types\/post"}],"author":[{"embeddable":true,"href":"https:\/\/kranjcic.hr\/index.php?rest_route=\/wp\/v2\/users\/1"}],"replies":[{"embeddable":true,"href":"https:\/\/kranjcic.hr\/index.php?rest_route=%2Fwp%2Fv2%2Fcomments&post=2995"}],"version-history":[{"count":6,"href":"https:\/\/kranjcic.hr\/index.php?rest_route=\/wp\/v2\/posts\/2995\/revisions"}],"predecessor-version":[{"id":2997,"href":"https:\/\/kranjcic.hr\/index.php?rest_route=\/wp\/v2\/posts\/2995\/revisions\/2997"}],"wp:featuredmedia":[{"embeddable":true,"href":"https:\/\/kranjcic.hr\/index.php?rest_route=\/wp\/v2\/media\/2998"}],"wp:attachment":[{"href":"https:\/\/kranjcic.hr\/index.php?rest_route=%2Fwp%2Fv2%2Fmedia&parent=2995"}],"wp:term":[{"taxonomy":"category","embeddable":true,"href":"https:\/\/kranjcic.hr\/index.php?rest_route=%2Fwp%2Fv2%2Fcategories&post=2995"},{"taxonomy":"post_tag","embeddable":true,"href":"https:\/\/kranjcic.hr\/index.php?rest_route=%2Fwp%2Fv2%2Ftags&post=2995"}],"curies":[{"name":"wp","href":"https:\/\/api.w.org\/{rel}","templated":true}]}}