{"id":339,"date":"2010-01-28T18:11:02","date_gmt":"2010-01-28T18:11:02","guid":{"rendered":"https:\/\/sveciiblazenici.wordpress.com\/?p=339"},"modified":"2016-10-29T21:00:33","modified_gmt":"2016-10-29T21:00:33","slug":"zapoceli-2-dani-hrvatskih-svetaca-i-blazenika-1-dan-%e2%80%92-dan-hrvatskih-svetaca-iz-boke-kotorske","status":"publish","type":"post","link":"https:\/\/kranjcic.hr\/?p=339","title":{"rendered":"ZAPO\u010cELI 2. DANI HRVATSKIH SVETACA I BLA\u017dENIKA (1. DAN \u2012 DAN HRVATSKIH SVETACA IZ BOKE KOTORSKE)"},"content":{"rendered":"<p><span style=\"color: #808080;\">Molitvenim, knji\u017eevnim i glazbenim programom posve\u0107enim hrvatskim svecima i bla\u017eenicima iz Boke kotorske, euharistijskim slavljem koje je predvodio kotorski biskup<strong> Ilija Janji\u0107<\/strong> te otvorenjem izlo\u017ebe medalja s likovima hrvatskih duhovnih velikana <strong>Damira Matau\u0161i\u0107a<\/strong>, u Kri\u017eevcima su u \u010detvrtak 28. sije\u010dnja 2010. zapo\u010deli 2. Dani hrvatskih svetaca i bla\u017eenika.<!--more--><\/span><\/p>\n<p><span style=\"color: #808080;\">Okupljene je na po\u010detku sve\u010danosti u \u017eupnoj crkvi sv. Ane prigodnim rije\u010dima pozdravio i Dane otvorio doma\u0107in \u017eupnik <strong>Kre\u0161imir \u017dini\u0107<\/strong>. Izrazio je zadovoljstvo \u0161to se nakon pro\u0161logodi\u0161njega uspje\u0161nog po\u010detka proslave hrvatskih svetaca i bla\u017eenika u Kri\u017eevcima, zapo\u010dinje s novom \u010detverodnevnom vjersko-kulturolo\u0161kom manifestacijom u gradu tre\u0107ega hrvatskog sveca Marka Kri\u017eev\u010danina i \u017eupnika na glasu svetosti Stjepana Kranj\u010di\u0107a. Istaknuo je da se Danima \u017eeli potaknuti na bolje poznavanje i intenzivnije \u0161tovanje hrvatskih svetaca i bla\u017eenika, a da su Udruga za promicanje znamenitih Kri\u017eev\u010dana \u201eDr. Stjepan Kranj\u010di\u0107\u201d, kri\u017eeva\u010dke \u017eupe sv. Ane te BDM \u017dalosne i sv. Marka Kri\u017eev\u010danina i Grad Kri\u017eevci, uz pokroviteljstvo Koprivni\u010dko-kri\u017eeva\u010dke \u017eupanije, ovogodi\u0161nje Dane organizirali kao dio Godine sv. Marka Kri\u017eev\u010danina u povodu 420. obljetnice ro\u0111enja i 390. godina smrti sv. Marka te uz 50. godi\u0161njicu smrti bl. Alojzija Stepinca.<\/span><\/p>\n<p><span style=\"color: #808080;\">Kako je prvi dan 2. Dana hrvatskih svetaca i bla\u017eenika bio posve\u0107en hrvatskim svecima iz Boke kotorske, tako su \u010dasne sestre dominikanke Kongregacije svetih an\u0111ela \u010duvara, predvo\u0111ene s. <strong>Slavkom Sente<\/strong>, i \u017eenska klapa \u201eSalve Regina\u201d u prigodnom uvodnom programu sadr\u017eajno razmatrale o sv. Leopoldu Bogdanu Mandi\u0107u, bl. Graciji iz Mula, bl. Ozani Kotorskoj te o slu\u017ebenici Bo\u017ejoj Ani Mariji Marovi\u0107.<\/span><\/p>\n<h4><span style=\"color: #63c6ae;\">Misno slavlje<\/span><\/h4>\n<p><span style=\"color: #808080;\">Molitvu posve\u0107enu tima svecima izmolio je kotorski biskup Ilija Janji\u0107 koji je i predvodio misno slavlje, uz koncelebraciju doma\u0107ega \u017eupnika \u017dini\u0107a, provincijala Hrvatske provincije franjevaca konventualaca sv. Jeronima o. <strong>\u0110ure Honti\u0107a<\/strong>, promicatelja kauze bl. Augustina Ka\u017eoti\u0107a o. <strong>Marijana Bi\u0161kupa<\/strong>, \u017eupnika iz Sv. Petra Orehovca<strong> Ivana \u017dufike<\/strong> i \u017eupnika iz Zrinskog Topolovca<strong> Milana Ker\u0161a<\/strong>.<\/span><\/p>\n<p><span style=\"color: #808080;\">\u201eDo\u0161ao sam prvi put u Kri\u017eevce kako bih uzeo vode i milosti iz va\u0161ega izvora, iz sredine sv. Marka, a donosim vam vode iz svoje sredine, iz Zaljeva svetaca, kako bih istaknuo vrijednost i poruku vi\u0161e bokokotorskih duhovnih velikana\u201d, kazao je na po\u010detku veoma zanimljive propovijedi biskup Janji\u0107. O bl. Graciji govorio je kao o svecu euharistije koji je svakodnevno, makar nije bio sve\u0107enik, bio kod oltara, slu\u017eio, ministrirao na vi\u0161e misa. Sv. Leopolda prikazao je kao sveca ispovijedi koji je bio niskoga stasa, ali velikoga duha, a kako zbog mucavosti nije bio veliki propovjednik, tako je ve\u0107inu vremena, po 10, 12 sati dnevno sjedio u propovjedaonici \u010dekaju\u0107i ljude s kamenom na srcu. Zato je preko ispovijedi postao prijatelj ljudi, naglasio je biskup isti\u010du\u0107i kako su ta dvojica svetaca predstavnici sakramenata pri\u010desti i ispovijedi koji su dana\u0161njem vjerniku, u vremenu globalizacije i relativizma u kojem \u017eivimo, jako va\u017eni. Govorio je i o ljubavi bl. Ozane prema kri\u017eu, Kristu patniku te o mnogim dobim djelima, posebice o spa\u0161avanju djevojaka, slu\u017ebenice Bo\u017eje Ane Marije Marovi\u0107. Prisjetio se i pro\u0161logodi\u0161nje proslave 12. stolje\u0107a prisutnosti sv. Tripuna u Kotoru oko kojega su svi sveci iz zaljeva rasli i utjecali mu se. \u201eSvi su ti na\u0161i bokotorski sveci bili redovnici, ali oni i laicima poru\u010duju da svetost svatko mo\u017ee osvojiti, usvojiti ili prisvojiti. Kada bi bilo vi\u0161e svetosti, bilo bi manje mr\u017enje, psovki i raznih drugih zala. Svi sveci slave Boga, me\u0111u njima nema ljubomore, konkurencije, nacionalnosti. No, nama su posebno potrebni na\u0161i hrvatski sveci koji nam po na\u0161im prilikama pokazuju kako dose\u0107i svetost\u201d, zaklju\u010dio je biskup Janji\u0107 izraziv\u0161i zadovoljstvo \u0161to su u jednom kutku Lijepe na\u0161e za\u017eivjeli Dani hrvatskih svetaca i bla\u017eenika.<\/span><\/p>\n<h4><span style=\"color: #63c6ae;\">Izlo\u017eba medalja<\/span><\/h4>\n<p><span style=\"color: #808080;\">Nakon misnoga slavlja biskup Janji\u0107 otvorio je izlo\u017ebu medalja s likovima hrvatskih svetaca, bla\u017eenika i slugu Bo\u017ejih poznatoga akademskog kipara i medaljara<strong> Damira Matau\u0161i\u0107a<\/strong> u kri\u017eeva\u010dkoj Gradskoj galeriji. Uime Grada okupljene je pozdravio kri\u017eeva\u010dki gradona\u010delnik <strong>Branko Hrg<\/strong> govore\u0107i o kri\u017eeva\u010dkoj upornosti u pribli\u017eavanju hrvatskih svetinja javnosti te je Dane uime civilnih vlasti proglasio otvorenima. O autoru je govorio doma\u0107in izlo\u017ebe ravnatelj kri\u017eeva\u010dkoga Gradskog muzeja i poznati hrvatski slikar hiperrealist <strong>Zoran Homen<\/strong> koji je uz umjetnicu <strong>Anu Guberinu <\/strong>i autora napravio postave izlo\u017ebe, a o umjetni\u010dkoj dimenziji izlo\u017eenih medalja s likovima hrvatskih svetaca, bla\u017eenika i slugu Bo\u017ejih te op\u0107ecrkvenih svetaca, bla\u017eenika i slugu Bo\u017ejih \u0161tovanih u Hrvata nadahnuto je progovorio likovni kriti\u010dar <strong>Stanko \u0160poljari\u0107<\/strong>.\u00a0Uime glavnog organizatora izlo\u017ebe Sakralne galerije hrvatskih umjetnika \u201eLaudato\u201d, koja i ina\u010de redovito prati i poma\u017ee rad Udruge \u201eDr. Stjepan Kranj\u010di\u0107\u201d, govorila je direktorica <strong>Ksenija Abramovi\u0107<\/strong>, a na kraju se okupljenima obratio i sam autor.<\/span><\/p>\n<p><span style=\"color: #808080;\">Glazbeno su program obogatili prvak opere HNK u Zagrebu <strong>Sini\u0161a Hapa\u010d<\/strong> i korepetitor <strong>Simon Peter De\u0161palj<\/strong>, a kroz program je vodila predsjednica Udruge \u201eDr. Stjepan Kranj\u010di\u0107\u201d <strong>Tanja Baran<\/strong>. Izlo\u017ebu prati iscrpan katalog nazvan \u201eBo\u017eji dar hrvatskom narodu\u201d, rad dizajnerice <strong>Nata\u0161e \u0160iljkovi\u0107<\/strong>, u kojem su uz fotografije medalja, u predgovoru prigodni tekstovi profesora <strong>Stanka \u0160poljari\u0107a<\/strong> i <strong>Borisa Becka <\/strong>te dosad najpotpuniji popis svih hrvatskih svetaca, bla\u017eenika te slugu i slu\u017ebenica Bo\u017ejih.<\/span><\/p>\n<p>&nbsp;<\/p>\n\n<p>&nbsp;<\/p>\n<p>&nbsp;<\/p>\n","protected":false},"excerpt":{"rendered":"<p>Molitvenim, knji\u017eevnim i glazbenim programom posve\u0107enim hrvatskim svecima i bla\u017eenicima iz Boke kotorske, euharistijskim slavljem koje je predvodio kotorski biskup Ilija Janji\u0107 te otvorenjem izlo\u017ebe medalja s likovima hrvatskih duhovnih velikana Damira Matau\u0161i\u0107a, u Kri\u017eevcima su u \u010detvrtak 28. sije\u010dnja 2010. zapo\u010deli 2. Dani hrvatskih svetaca i bla\u017eenika.<\/p>\n","protected":false},"author":1,"featured_media":0,"comment_status":"closed","ping_status":"closed","sticky":false,"template":"","format":"standard","meta":{"footnotes":""},"categories":[39,23,30],"tags":[],"class_list":["post-339","post","type-post","status-publish","format-standard","hentry","category-2-dani-hsib","category-23","category-dani-hrvatskih-svetaca-i-blazenika"],"_links":{"self":[{"href":"https:\/\/kranjcic.hr\/index.php?rest_route=\/wp\/v2\/posts\/339","targetHints":{"allow":["GET"]}}],"collection":[{"href":"https:\/\/kranjcic.hr\/index.php?rest_route=\/wp\/v2\/posts"}],"about":[{"href":"https:\/\/kranjcic.hr\/index.php?rest_route=\/wp\/v2\/types\/post"}],"author":[{"embeddable":true,"href":"https:\/\/kranjcic.hr\/index.php?rest_route=\/wp\/v2\/users\/1"}],"replies":[{"embeddable":true,"href":"https:\/\/kranjcic.hr\/index.php?rest_route=%2Fwp%2Fv2%2Fcomments&post=339"}],"version-history":[{"count":1,"href":"https:\/\/kranjcic.hr\/index.php?rest_route=\/wp\/v2\/posts\/339\/revisions"}],"predecessor-version":[{"id":3560,"href":"https:\/\/kranjcic.hr\/index.php?rest_route=\/wp\/v2\/posts\/339\/revisions\/3560"}],"wp:attachment":[{"href":"https:\/\/kranjcic.hr\/index.php?rest_route=%2Fwp%2Fv2%2Fmedia&parent=339"}],"wp:term":[{"taxonomy":"category","embeddable":true,"href":"https:\/\/kranjcic.hr\/index.php?rest_route=%2Fwp%2Fv2%2Fcategories&post=339"},{"taxonomy":"post_tag","embeddable":true,"href":"https:\/\/kranjcic.hr\/index.php?rest_route=%2Fwp%2Fv2%2Ftags&post=339"}],"curies":[{"name":"wp","href":"https:\/\/api.w.org\/{rel}","templated":true}]}}