{"id":3596,"date":"2016-11-17T20:26:33","date_gmt":"2016-11-17T20:26:33","guid":{"rendered":"http:\/\/kranjcic.hr\/?p=3596"},"modified":"2017-01-26T12:55:22","modified_gmt":"2017-01-26T12:55:22","slug":"najava-8-knjizevnog-kranjcica","status":"publish","type":"post","link":"https:\/\/kranjcic.hr\/?p=3596","title":{"rendered":"NAJAVA 8. \u201eKNJI\u017dEVNOG KRANJ\u010cI\u0106A\u201d"},"content":{"rendered":"<p>U emisiji Radio Marije \u201ePoticaji Stjepan Kranj\u010di\u0107a\u201d u \u010detvrtak 17. studenoga 2016. gostovala je predsjednica Udruge Tanja Baran i najavila 8. \u201eKnji\u017eevni Kranj\u010di\u0107\u201d. Govorila je o natje\u010daju, o detaljima zavr\u0161ne sve\u010danosti koja \u0107e biti u Kri\u017eevcima 3. prosinca te o zborniku najuspjelijih radova \u201eDare\u017eljivo srce\u201d. Na kraju je izmoljena molitva za otvorenje procesa za progla\u0161enje bla\u017eenim Stjepana Kranj\u010di\u0107a. Emisiju je uredio i vodio p. Stjepan Fridl.<\/p>\n","protected":false},"excerpt":{"rendered":"<p>U emisiji Radio Marije \u201ePoticaji Stjepan Kranj\u010di\u0107a\u201d u \u010detvrtak 17. studenoga 2016. gostovala je predsjednica Udruge Tanja Baran i najavila 8. \u201eKnji\u017eevni Kranj\u010di\u0107\u201d. Govorila je o natje\u010daju, o detaljima zavr\u0161ne sve\u010danosti koja \u0107e biti u Kri\u017eevcima 3. prosinca te o zborniku najuspjelijih radova \u201eDare\u017eljivo srce\u201d. Na kraju je izmoljena molitva&hellip; <\/p>\n","protected":false},"author":1,"featured_media":0,"comment_status":"closed","ping_status":"closed","sticky":false,"template":"","format":"standard","meta":{"footnotes":""},"categories":[29,64,34,11],"tags":[],"class_list":["post-3596","post","type-post","status-publish","format-standard","hentry","category-29","category-8-knjizevni-kranjcic","category-knjizevni-kranjcic","category-poticaji-stjepana-kranjcica"],"_links":{"self":[{"href":"https:\/\/kranjcic.hr\/index.php?rest_route=\/wp\/v2\/posts\/3596","targetHints":{"allow":["GET"]}}],"collection":[{"href":"https:\/\/kranjcic.hr\/index.php?rest_route=\/wp\/v2\/posts"}],"about":[{"href":"https:\/\/kranjcic.hr\/index.php?rest_route=\/wp\/v2\/types\/post"}],"author":[{"embeddable":true,"href":"https:\/\/kranjcic.hr\/index.php?rest_route=\/wp\/v2\/users\/1"}],"replies":[{"embeddable":true,"href":"https:\/\/kranjcic.hr\/index.php?rest_route=%2Fwp%2Fv2%2Fcomments&post=3596"}],"version-history":[{"count":2,"href":"https:\/\/kranjcic.hr\/index.php?rest_route=\/wp\/v2\/posts\/3596\/revisions"}],"predecessor-version":[{"id":3598,"href":"https:\/\/kranjcic.hr\/index.php?rest_route=\/wp\/v2\/posts\/3596\/revisions\/3598"}],"wp:attachment":[{"href":"https:\/\/kranjcic.hr\/index.php?rest_route=%2Fwp%2Fv2%2Fmedia&parent=3596"}],"wp:term":[{"taxonomy":"category","embeddable":true,"href":"https:\/\/kranjcic.hr\/index.php?rest_route=%2Fwp%2Fv2%2Fcategories&post=3596"},{"taxonomy":"post_tag","embeddable":true,"href":"https:\/\/kranjcic.hr\/index.php?rest_route=%2Fwp%2Fv2%2Ftags&post=3596"}],"curies":[{"name":"wp","href":"https:\/\/api.w.org\/{rel}","templated":true}]}}