{"id":3612,"date":"2016-11-23T18:49:53","date_gmt":"2016-11-23T18:49:53","guid":{"rendered":"http:\/\/kranjcic.hr\/?p=3612"},"modified":"2016-11-27T18:50:38","modified_gmt":"2016-11-27T18:50:38","slug":"odrzana-redovita-skupstina-udruge-dr-stjepan-kranjcic-2","status":"publish","type":"post","link":"https:\/\/kranjcic.hr\/?p=3612","title":{"rendered":"ODR\u017dANA REDOVITA SKUP\u0160TINA UDRUGE \u201eDR. STJEPAN KRANJ\u010cI\u0106\u201d"},"content":{"rendered":"<p>U dvorani \u017eupe sv. Ane u \u010detvrtak 23. studenoga 2016. odr\u017eana je redovita skup\u0161tina Udruge\u00a0\u201eDr. Stjepan Kranj\u010di\u0107\u201d. Predsjednica Udruge Tanja Baran podnijela je izvje\u0161\u0107e o radu u protekloj godini i zahvalila najistaknutijim \u010dlanovima na zauzetosti. Predstavila je i planove te financijske planove u 2017. Dopredsjednik Udruge \u017deljko \u0160tubelj predstavio je financijsko izvje\u0161\u0107e, a tajnica Udruge Patrica \u017dupani\u0107 dala je izvje\u0161\u0107e Upravnog odbora. Na kraju je razmatrano o teku\u0107em funkcioniranju Udruge. Skup\u0161tini je prethodila molitva, posebice za tijekom protekle godine preminulog \u010dlana Udruge Marcela Kova\u010di\u0107a, koju je predvodio \u017eupnik Stjepan Sovi\u010dek. Uo\u010dki Skup\u0161tine odr\u017eana je i sjednica Upravnog odbora na kojoj su dogovoreni organizacijski detalji 8. \u201eKnji\u017eevnog Kranj\u010di\u0107a\u201d koji \u0107e biti odr\u017ean u Kri\u017eevcima u subotu 3. prosinca 2016.<\/p>\n","protected":false},"excerpt":{"rendered":"<p>U dvorani \u017eupe sv. Ane u \u010detvrtak 23. studenoga 2016. odr\u017eana je redovita skup\u0161tina Udruge\u00a0\u201eDr. Stjepan Kranj\u010di\u0107\u201d. Predsjednica Udruge Tanja Baran podnijela je izvje\u0161\u0107e o radu u protekloj godini i zahvalila najistaknutijim \u010dlanovima na zauzetosti. Predstavila je i planove te financijske planove u 2017. Dopredsjednik Udruge \u017deljko \u0160tubelj predstavio je&hellip; <\/p>\n","protected":false},"author":1,"featured_media":0,"comment_status":"closed","ping_status":"closed","sticky":false,"template":"","format":"standard","meta":{"footnotes":""},"categories":[29,15],"tags":[],"class_list":["post-3612","post","type-post","status-publish","format-standard","hentry","category-29","category-skupstine"],"_links":{"self":[{"href":"https:\/\/kranjcic.hr\/index.php?rest_route=\/wp\/v2\/posts\/3612","targetHints":{"allow":["GET"]}}],"collection":[{"href":"https:\/\/kranjcic.hr\/index.php?rest_route=\/wp\/v2\/posts"}],"about":[{"href":"https:\/\/kranjcic.hr\/index.php?rest_route=\/wp\/v2\/types\/post"}],"author":[{"embeddable":true,"href":"https:\/\/kranjcic.hr\/index.php?rest_route=\/wp\/v2\/users\/1"}],"replies":[{"embeddable":true,"href":"https:\/\/kranjcic.hr\/index.php?rest_route=%2Fwp%2Fv2%2Fcomments&post=3612"}],"version-history":[{"count":1,"href":"https:\/\/kranjcic.hr\/index.php?rest_route=\/wp\/v2\/posts\/3612\/revisions"}],"predecessor-version":[{"id":3613,"href":"https:\/\/kranjcic.hr\/index.php?rest_route=\/wp\/v2\/posts\/3612\/revisions\/3613"}],"wp:attachment":[{"href":"https:\/\/kranjcic.hr\/index.php?rest_route=%2Fwp%2Fv2%2Fmedia&parent=3612"}],"wp:term":[{"taxonomy":"category","embeddable":true,"href":"https:\/\/kranjcic.hr\/index.php?rest_route=%2Fwp%2Fv2%2Fcategories&post=3612"},{"taxonomy":"post_tag","embeddable":true,"href":"https:\/\/kranjcic.hr\/index.php?rest_route=%2Fwp%2Fv2%2Ftags&post=3612"}],"curies":[{"name":"wp","href":"https:\/\/api.w.org\/{rel}","templated":true}]}}