{"id":372,"date":"2010-01-26T18:34:57","date_gmt":"2010-01-26T18:34:57","guid":{"rendered":"https:\/\/sveciiblazenici.wordpress.com\/?p=372"},"modified":"2016-10-29T21:01:06","modified_gmt":"2016-10-29T21:01:06","slug":"konferencija-za-novinare-u-povodu-2-dana-hrvatskih-svetaca-i-blazenika","status":"publish","type":"post","link":"https:\/\/kranjcic.hr\/?p=372","title":{"rendered":"KONFERENCIJA ZA NOVINARE U POVODU 2. DANA HRVATSKIH SVETACA I BLA\u017dENIKA"},"content":{"rendered":"<p><span style=\"color: #808080;\">U Kri\u017eevcima, gradu tre\u0107ega hrvatskog sveca Marka Kri\u017eev\u010danina i \u017eupnika na glasu svetosti Stjepana Kranj\u010di\u0107a, od 28. do 31. sije\u010dnja 2010. trajat \u0107e 2. dani hrvatskih svetaca i bla\u017eenika. Ovogodi\u0161nji \u010detverodnevni Dani odr\u017eavaju se kao dio Godine sv. Marka Kri\u017eev\u010danina u povodu 420. obljetnice ro\u0111enja i 390. godi\u0161njice njegove smrti te uz 50. godi\u0161njicu smrti bl. Alojzija Stepinca.<!--more--><\/span><\/p>\n<p><span style=\"color: #808080;\">Prvi dan manifestacije, \u010detvrtak, 28. sije\u010dnja, bit \u0107e posve\u0107en hrvatskim svecima iz Boke kotorske. U 18 sati u crkvi sv. Ane odr\u017eat \u0107e se sve\u010dano otvorenje Dana uz sudjelovanje kri\u017eeva\u010dkih \u017eupnika Kre\u0161imira \u017dini\u0107a i Ivana Novaka. Prigodni molitveni, knji\u017eevni i glazbeni program posve\u0107en hrvatskim svecima iz Boke kotorske izvest \u0107e sestre dominikanke Kongregacije svetih an\u0111ela \u010duvara i \u017eenska klapa \u201eSalve Regina\u201d, koje \u0107e glazbeno obogatiti i euharistijsko slavlje koje \u0107e u 18.30 predvodi kotorski biskup Ilija Janji\u0107. U 19.45 u Gradskoj galeriji bit \u0107e otvorena izlo\u017eba medalja s likovima hrvatskih svetaca i bla\u017eenika akademskoga kipara i medaljara Damira Matau\u0161i\u0107a \u201eHrvatski sveci i bla\u017eenici\u201d. U programu toga otvorenja sudjelovat \u0107e kri\u017eeva\u010dki gradona\u010delnik Branko Hrg, koprivni\u010dko-kri\u017eeva\u010dki \u017eupan Darko Koren, direktorica Sakralne galerije hrvatskih umjetnika \u201eLaudato\u201d Ksenija Abramovi\u0107, likovni kriti\u010dar i kustos Umjetni\u010dkoga paviljona u Zagrebu Stanko \u0160poljari\u0107, ravnatelj Gradskoga muzeja Kri\u017eevci Zoran Homen te sam autor. U prigodnom duhovno-glazbenom programu sudjelovat \u0107e prvak opere HNK u Zagrebu Sini\u0161a Hapa\u010d i korepetitor u HNK u Zagrebu Simon Peter De\u0161palj. Voditeljica programa bit \u0107e Tanja Baran.<\/span><\/p>\n<p><span style=\"color: #808080;\">Drugi dan manifestacije, petak 29. sije\u010dnja, bit \u0107e dan hrvatskih slu\u017ebenika i slu\u017ebenica Bo\u017ejih. U 18 sati u crkvi BDM \u017dalosne i sv. Marka Kri\u017eev\u010danina prigodni molitveni, knji\u017eevni i glazbeni program posve\u0107en hrvatskim slu\u017ebenicima i slu\u017ebenicama Bo\u017ejim izvest \u0107e duhovno-scenska grupa \u201eMetanoja\u201d. Euharistijsko slavlje s po\u010detkom u 18.30 sati u istoj crkvi predvodit \u0107e provincijalni ministar Hrvatske franjeva\u010dke provincije sv. \u0106irila i Metoda fra \u017deljko \u017deleznjak, a pjevat \u0107e franjeva\u010dki juniori i sjemeni\u0161tarci.<\/span><\/p>\n<p><span style=\"color: #808080;\">Okrugli stol \u201eBudu\u0107i hrvatski bla\u017eenici\u201d zapo\u010det \u0107e u 20 sati u podrumskoj dvorani Hrvatskoga doma. Sudjelovat \u0107e postulatori za progla\u0161enje bla\u017eenima fra Vladimir Tadi\u0107 (Ante Anti\u0107), o. Bo\u017eidar Nagy (Petar Barbari\u0107), fra Ratko Radi\u0161i\u0107 (Aleksa Benigar), s. Ozana Kraja\u010di\u0107 (Drinske mu\u010denice), Andelko Ko\u0161\u010dak (Josip Lang), mons. Vladimir Stankovi\u0107 (Bonifacije Pavle\u0161i\u0107), Pavo Juri\u0161i\u0107 (Josip Stadler), Milan Pu\u0161ec (Marica Stankovi\u0107), fra Rajko Gelemanovi\u0107 (Vendelin Vo\u0161njak) i s. Terezija Zemlji\u0107 (Klara \u017di\u017ei\u0107). U glazbenom dijelu nastupit \u0107e Vokalni sastav \u201eAllegro\u201d, a moderator okruglog stola bit \u0107e glavni urednik Glasa Koncila Ivan Mikleni\u0107.<\/span><\/p>\n<p><span style=\"color: #808080;\">Tre\u0107i \u0107e dan, subota 30. sije\u010dnja, biti posve\u0107en bl. Alojziju Stepincu. U Hrvatskom \u0107e domu, od 10 sati, pod pokroviteljstvom Dje\u010djeg mjese\u010dnika \u201eMak\u201d biti odr\u017eane literarne, novinarske, dramske, likovne, glazbene i plesne radionice za djecu posve\u0107en hrvatskim svecima i bla\u017eenicima. U 15 \u0107e sati biti uprili\u010dena javna izvedba programa stvorenih na radionicama. Dje\u010dju izvedbu obogatit \u0107e gosti: Udruga MRAVS i bend \u201eZakon neba\u201d koji \u0107e izvesti ske\u010d posve\u0107en bl. Alojziju Stepincu \u201eTre\u0107i pad\u201d. Voditeljica programa bit \u0107e Vlasta Kli\u010dek.<\/span><\/p>\n<p><span style=\"color: #808080;\">Molitveni, knji\u017eevni i glazbeni program posve\u0107en bl. Alojziju Stepincu u crkvi sv. Ane u 18 sati izvest \u0107e Sve\u0107eni\u010dki zbor vi\u0161e biskupija. Euharistijsko slavlje s po\u010detkom u 18.30 sati u istoj crkvi predvodit \u0107e postulator kauze za progla\u0161enje svetim bl. Alojzija Stepinca mons. Juraj Batelja, a pjevanjem ga uveli\u010dati Sve\u0107eni\u010dki zbor vi\u0161e biskupija.<\/span><\/p>\n<p><span style=\"color: #808080;\">U podrumskoj dvorani Hrvatskoga doma u 19.45 sati odr\u017eat \u0107e se prigodni program.\u00a0\u201eBla\u017eenom Stepincu u \u010dast\u201d, tijekom kojega \u0107e Udruga MRAVS i bend \u201eZakon neba\u201d izvesti predstavu \u201eStolica\u201d. Voditeljica ve\u010deri bit \u0107e Tanja Baran.<\/span><\/p>\n<p><span style=\"color: #808080;\">\u010cetvrti i zavr\u0161ni dan 2. dana hrvatskih svetaca i bla\u017eenika, nedjelja 31. sije\u010dnja, bit \u0107e posve\u0107en doma\u0107em sinu sv. Marku Kri\u017eev\u010daninu. U 10.30 u crkvi BDM \u017dalosne i sv. Marka Kri\u017eev\u010danina molitveni, knji\u017eevni i glazbeni program posve\u0107en sv. Marku Kri\u017eev\u010daninu izvest \u0107e sestre Dru\u017ebe K\u0107eri Bo\u017eje ljubavi. Euharistijsko slavlje u 11 sati predvodit \u0107e provincijal Hrvatske pokrajine Dru\u017ebe Isusove o. Ivan Koprek, a pjevanjem \u0107e uveli\u010dati Akademski zbor \u201ePalma\u201d.<\/span><\/p>\n<p><span style=\"color: #808080;\">2. Dane hrvatskih svetaca i bla\u017eenika pod pokroviteljstvom Koprivni\u010dko-kri\u017eeva\u010dke \u017eupanije organiziraju: Udruga za promicanje znamenitih Kri\u017eev\u010dana \u201eDr. Stjepan Kranj\u010di\u0107\u201d, kri\u017eeva\u010dke \u017eupe: sv. Ane i BDM \u017dalosne i sv. Marka Kri\u017eev\u010danina, te Grada Kri\u017eevci. Suorganizaciju potpisuju: Sakralna galerija hrvatskih umjetnika \u201eLaudato\u201d, Gradski muzej Kri\u017eevci, Pu\u010dko otvoreno u\u010dili\u0161te Kri\u017eevci, Gradska knji\u017enica \u201eFranjo Markovi\u0107\u201d Kri\u017eevci i kri\u017eeva\u010dka Turisti\u010dka zajednica.<\/span><\/p>\n<p><span style=\"color: #808080;\">Program manifestacije na konferenciji za novinare u utorak 26. sije\u010dnja 2010. u Gradskom poglavarstvu u Kri\u017eevcima predstavili su: kri\u017eeva\u010dki gradona\u010delnik Branko Hrg, \u017eupnik kri\u017eeva\u010dke \u017eupe sv. Ane Kre\u0161imir \u017dini\u0107 i predsjednica Udruge za promicanje znamenitih Kri\u017eev\u010dana \u201eDr. Stjepan Kranj\u010di\u0107\u201d Tanja Baran.<\/span><\/p>\n<p>&nbsp;<\/p>\n<h4><span style=\"color: #808080;\">PRILOZI<\/span><\/h4>\n<p><span style=\"color: #808080;\"><a style=\"color: #808080;\" href=\"http:\/\/novo.kranjcic.hr\/wp-content\/uploads\/2015\/11\/2danihsib10-letak.pdf\">2. Dani HSIB 2010. \u2013 program<br \/>\n<\/a><a style=\"color: #808080;\" href=\"http:\/\/novo.kranjcic.hr\/wp-content\/uploads\/2015\/11\/2danihsib10-plakat.pdf\">2. Dani HSIB 2010. \u2013 plakat<br \/>\n<\/a><a style=\"color: #808080;\" href=\"http:\/\/novo.kranjcic.hr\/wp-content\/uploads\/2015\/11\/2danihsib10-pozivnica.pdf\">2. Dani HSIB 2010. \u2013 pozivnica<\/a><\/span><\/p>\n<p>&nbsp;<\/p>\n<p>&nbsp;<\/p>\n","protected":false},"excerpt":{"rendered":"<p>U Kri\u017eevcima, gradu tre\u0107ega hrvatskog sveca Marka Kri\u017eev\u010danina i \u017eupnika na glasu svetosti Stjepana Kranj\u010di\u0107a, od 28. do 31. sije\u010dnja 2010. trajat \u0107e 2. dani hrvatskih svetaca i bla\u017eenika. Ovogodi\u0161nji \u010detverodnevni Dani odr\u017eavaju se kao dio Godine sv. Marka Kri\u017eev\u010danina u povodu 420. obljetnice ro\u0111enja i 390. godi\u0161njice njegove smrti&hellip; <\/p>\n","protected":false},"author":1,"featured_media":0,"comment_status":"closed","ping_status":"closed","sticky":false,"template":"","format":"standard","meta":{"footnotes":""},"categories":[39,23,30],"tags":[],"class_list":["post-372","post","type-post","status-publish","format-standard","hentry","category-2-dani-hsib","category-23","category-dani-hrvatskih-svetaca-i-blazenika"],"_links":{"self":[{"href":"https:\/\/kranjcic.hr\/index.php?rest_route=\/wp\/v2\/posts\/372","targetHints":{"allow":["GET"]}}],"collection":[{"href":"https:\/\/kranjcic.hr\/index.php?rest_route=\/wp\/v2\/posts"}],"about":[{"href":"https:\/\/kranjcic.hr\/index.php?rest_route=\/wp\/v2\/types\/post"}],"author":[{"embeddable":true,"href":"https:\/\/kranjcic.hr\/index.php?rest_route=\/wp\/v2\/users\/1"}],"replies":[{"embeddable":true,"href":"https:\/\/kranjcic.hr\/index.php?rest_route=%2Fwp%2Fv2%2Fcomments&post=372"}],"version-history":[{"count":1,"href":"https:\/\/kranjcic.hr\/index.php?rest_route=\/wp\/v2\/posts\/372\/revisions"}],"predecessor-version":[{"id":3561,"href":"https:\/\/kranjcic.hr\/index.php?rest_route=\/wp\/v2\/posts\/372\/revisions\/3561"}],"wp:attachment":[{"href":"https:\/\/kranjcic.hr\/index.php?rest_route=%2Fwp%2Fv2%2Fmedia&parent=372"}],"wp:term":[{"taxonomy":"category","embeddable":true,"href":"https:\/\/kranjcic.hr\/index.php?rest_route=%2Fwp%2Fv2%2Fcategories&post=372"},{"taxonomy":"post_tag","embeddable":true,"href":"https:\/\/kranjcic.hr\/index.php?rest_route=%2Fwp%2Fv2%2Ftags&post=372"}],"curies":[{"name":"wp","href":"https:\/\/api.w.org\/{rel}","templated":true}]}}