{"id":374,"date":"2010-01-21T18:39:53","date_gmt":"2010-01-21T18:39:53","guid":{"rendered":"https:\/\/sveciiblazenici.wordpress.com\/?p=374"},"modified":"2016-10-29T21:01:29","modified_gmt":"2016-10-29T21:01:29","slug":"o-2-danima-hrvatskih-svetaca-i-blazenika","status":"publish","type":"post","link":"https:\/\/kranjcic.hr\/?p=374","title":{"rendered":"O 2. DANIMA HRVATSKIH SVETACA I BLA\u017dENIKA"},"content":{"rendered":"<p><span style=\"color: #808080;\">U redovitoj emisiji \u201ePoticaji Stjepana Kranj\u010di\u0107a\u201d u \u010detvrtak 21. sije\u010dnja 2010. 2. Dane hrvatskih svetaca i bla\u017eenika najavio je kri\u017eeva\u010dki \u017eupnik \u017eupe sv. Ane <strong>Kre\u0161imir \u017dini\u0107<\/strong>. Detaljno je govorio o programima sva \u010detiri\u00a0dana manifestacije te o teolo\u0161ko-knji\u017eevnom djelu \u201eKri\u017eni put sa sv. Markom Kri\u017eev\u010daninom\u201d autora<strong> Ivana Mikleni\u0107a<\/strong> koje \u0107e biti objavljeno i predstavljeno na Danima.<\/span><\/p>\n<p>&nbsp;<\/p>\n<p>&nbsp;<\/p>\n","protected":false},"excerpt":{"rendered":"<p>U redovitoj emisiji \u201ePoticaji Stjepana Kranj\u010di\u0107a\u201d u \u010detvrtak 21. sije\u010dnja 2010. 2. Dane hrvatskih svetaca i bla\u017eenika najavio je kri\u017eeva\u010dki \u017eupnik \u017eupe sv. Ane Kre\u0161imir \u017dini\u0107. Detaljno je govorio o programima sva \u010detiri\u00a0dana manifestacije te o teolo\u0161ko-knji\u017eevnom djelu \u201eKri\u017eni put sa sv. Markom Kri\u017eev\u010daninom\u201d autora Ivana Mikleni\u0107a koje \u0107e biti&hellip; <\/p>\n","protected":false},"author":1,"featured_media":0,"comment_status":"closed","ping_status":"closed","sticky":false,"template":"","format":"standard","meta":{"footnotes":""},"categories":[39,23,30,11],"tags":[],"class_list":["post-374","post","type-post","status-publish","format-standard","hentry","category-2-dani-hsib","category-23","category-dani-hrvatskih-svetaca-i-blazenika","category-poticaji-stjepana-kranjcica"],"_links":{"self":[{"href":"https:\/\/kranjcic.hr\/index.php?rest_route=\/wp\/v2\/posts\/374","targetHints":{"allow":["GET"]}}],"collection":[{"href":"https:\/\/kranjcic.hr\/index.php?rest_route=\/wp\/v2\/posts"}],"about":[{"href":"https:\/\/kranjcic.hr\/index.php?rest_route=\/wp\/v2\/types\/post"}],"author":[{"embeddable":true,"href":"https:\/\/kranjcic.hr\/index.php?rest_route=\/wp\/v2\/users\/1"}],"replies":[{"embeddable":true,"href":"https:\/\/kranjcic.hr\/index.php?rest_route=%2Fwp%2Fv2%2Fcomments&post=374"}],"version-history":[{"count":1,"href":"https:\/\/kranjcic.hr\/index.php?rest_route=\/wp\/v2\/posts\/374\/revisions"}],"predecessor-version":[{"id":3562,"href":"https:\/\/kranjcic.hr\/index.php?rest_route=\/wp\/v2\/posts\/374\/revisions\/3562"}],"wp:attachment":[{"href":"https:\/\/kranjcic.hr\/index.php?rest_route=%2Fwp%2Fv2%2Fmedia&parent=374"}],"wp:term":[{"taxonomy":"category","embeddable":true,"href":"https:\/\/kranjcic.hr\/index.php?rest_route=%2Fwp%2Fv2%2Fcategories&post=374"},{"taxonomy":"post_tag","embeddable":true,"href":"https:\/\/kranjcic.hr\/index.php?rest_route=%2Fwp%2Fv2%2Ftags&post=374"}],"curies":[{"name":"wp","href":"https:\/\/api.w.org\/{rel}","templated":true}]}}