{"id":3749,"date":"2017-04-07T12:57:37","date_gmt":"2017-04-07T12:57:37","guid":{"rendered":"http:\/\/kranjcic.hr\/?p=3749"},"modified":"2017-04-07T13:00:29","modified_gmt":"2017-04-07T13:00:29","slug":"3749","status":"publish","type":"post","link":"https:\/\/kranjcic.hr\/?p=3749","title":{"rendered":"ODR\u017dANA SPOMEN-SVE\u010cANOST 49. GODI\u0160NJICE SMRTI KRI\u017dEVA\u010cKOGA \u017dUPNIKA DR. STJEPANA KRANJ\u010cI\u0106A"},"content":{"rendered":"<p>U Kri\u017eevcima je u \u010detvrtak 6. travnja 2017. odr\u017eana spomen-sve\u010danost 49. godi\u0161njice smrti kri\u017eeva\u010dkoga \u017eupnika na glasu svetosti dr. Stjepana Kranj\u010di\u0107a. Misno je slavlje tim povodom predvodio kanonik Prvostolnoga kaptola zagreba\u010dkog mons. <strong>Lovro Cindori.<\/strong><\/p>\n<p><!--more--><\/p>\n<p>Koncelebrirali su predsjednik Hrvatske konferencije vi\u0161ih redovni\u010dkih poglavara i poglavarica i kapucinski provincijal fra <strong>Jure \u0160ar\u010devi\u0107,<\/strong> dominikanac dr. <strong>Anto Gavri\u0107<\/strong> i \u017eupnik kri\u017eeva\u010dke \u017eupe sv. Ane <strong>Stjepan Sovi\u010dek<\/strong>. Za oltarom je bio i \u0111akon <strong>Dominik Jai\u0107<\/strong>, a glazbeni obol misnoj sve\u010danosti dao je \u017eupni zbor. Sudjelovali su kri\u017eeva\u010dki dogradona\u010delnik <strong>Tomislav Katanovi\u0107<\/strong> i izaslanik zagreba\u010dkoga gradona\u010delnika Milana Bandi\u0107a <strong>Stipe Zeba<\/strong>.<\/p>\n<p>U propovijedi je mons. Cindori, nakon podsje\u0107anja na klju\u010dne crte Stepin\u010deve duhovnosti,\u00a0 zaklju\u010dio da su trojica uzornih sve\u0107enika crpila svoju snagu na Stepin\u010devu izvoru, a da su ta trojica Franjo Kuhari\u0107, Stjepan Kranj\u010di\u0107 i Marijan Radanovi\u0107.<\/p>\n<p><a href=\"https:\/\/kranjcic.hr\/wp-content\/uploads\/2017\/04\/002-Misa-oltar.jpg\"><img loading=\"lazy\" decoding=\"async\" class=\"alignnone wp-image-3751\" src=\"https:\/\/kranjcic.hr\/wp-content\/uploads\/2017\/04\/002-Misa-oltar-1024x680.jpg\" alt=\"\" width=\"600\" height=\"399\" srcset=\"https:\/\/kranjcic.hr\/wp-content\/uploads\/2017\/04\/002-Misa-oltar-1024x680.jpg 1024w, https:\/\/kranjcic.hr\/wp-content\/uploads\/2017\/04\/002-Misa-oltar-120x80.jpg 120w, https:\/\/kranjcic.hr\/wp-content\/uploads\/2017\/04\/002-Misa-oltar-200x133.jpg 200w, https:\/\/kranjcic.hr\/wp-content\/uploads\/2017\/04\/002-Misa-oltar.jpg 1355w\" sizes=\"auto, (max-width: 600px) 100vw, 600px\" \/><\/a><\/p>\n<p>\u2013 Kardinal Kuhari\u0107 za nas je sve\u0107enike, redovnike i redovnice molio, postio, \u010dinio pokoru, duhovno nas je pratio. Uz Stjepana Kranj\u010di\u0107a se, kao uzornu osobu sve\u0107enicima i vjerni\u010dkom puku, ve\u017ee divan splet duhovnosti i pobo\u017enosti, \u0161to ih i danas njeguju sve\u0107enici, djeca i mladi, odrasli, djedovi i bake, Grad Kri\u017eevci, Koprivni\u010dko-kri\u017eeva\u010dka \u017eupanija, Bjelovarsko-kri\u017eeva\u010dka biskupija. A mons. Marijan Radanovi\u0107 svojim je djelovanjem osvojio narod kao dobri duh Karlovca. \u2013 istaknuo je mons. Cindori povezav\u0161i \u010dasnog \u017eupnika Kranj\u010di\u0107a sa sv. Markom Kri\u017eev\u010daninom, slavnim, na \u010dast oltara progla\u0161enim kri\u017eeva\u010dkim sinom.<\/p>\n<p>\u2013 Neka vama u Kri\u017eevcima bude na \u010dast \u0161to uz sv. Marka Kri\u017eev\u010danina na putu imate drugoga sveca svojega \u017eupnika Stjepana Kranj\u010di\u0107a. \u2013 naglasio je mons. Cindori govore\u0107i o izvanrednim svjedo\u010danstvima vjernika o \u017eupniku Kranj\u010di\u0107u koja su objavljena u knjizi koja u naslovu nosi Kranj\u010di\u0107evo geslo koje je redovito ponavljao \u201eIli jesi ili nisi\u201c.<\/p>\n<p>\u2013 Nama sve\u0107enicima, ali i vjernicima to \u2013 ili jesi ili nisi \u2013 stalna je opomena, poziv na duhovnost, kajanje za grijehe i izvr\u0161enje pokore. I po tome je Stjepan Kranj\u010di\u0107, a ponajprije po svojem kreposnom \u017eivotu, bio duhovni otac mno\u0161tvu vjernika koji se iz generacije u generaciju sje\u0107aju njegove duhovne veli\u010dine. \u2013 poru\u010dio je mons. Cindori i zaklju\u010dio da su i Kuhari\u0107 i Kranj\u010di\u0107 i Radanovi\u0107 bili divni sve\u0107enici koji su nosili terete svojih \u017eivota, ali nisu odustajali od duhovnosti kojom su osvajali.<\/p>\n<p><a href=\"https:\/\/kranjcic.hr\/wp-content\/uploads\/2017\/04\/003-Mons.-Cindori-propovijeda.jpg\"><img loading=\"lazy\" decoding=\"async\" class=\"alignnone wp-image-3752\" src=\"https:\/\/kranjcic.hr\/wp-content\/uploads\/2017\/04\/003-Mons.-Cindori-propovijeda-1024x682.jpg\" alt=\"\" width=\"600\" height=\"400\" srcset=\"https:\/\/kranjcic.hr\/wp-content\/uploads\/2017\/04\/003-Mons.-Cindori-propovijeda-1024x682.jpg 1024w, https:\/\/kranjcic.hr\/wp-content\/uploads\/2017\/04\/003-Mons.-Cindori-propovijeda-120x80.jpg 120w, https:\/\/kranjcic.hr\/wp-content\/uploads\/2017\/04\/003-Mons.-Cindori-propovijeda-200x133.jpg 200w, https:\/\/kranjcic.hr\/wp-content\/uploads\/2017\/04\/003-Mons.-Cindori-propovijeda.jpg 1280w\" sizes=\"auto, (max-width: 600px) 100vw, 600px\" \/><\/a><\/p>\n<p>Nakon mise u \u017eupnoj crkvi sv. Ane premijerno je izveden poetsko-glazbeni recital \u201eZa\u0161to me pozvao Gospod?\u201c nadahnut pjesni\u0161tvom dr. Stjepana Kranj\u010di\u0107a. Recital su vrlo kreativno i scenski vrlo dojmljivo osmislili i izveli \u010dlanovi dramske dru\u017eine \u201eOzana\u201c KUD-a \u201eBra\u0107a Radi\u0107\u201c iz Visokog kraj Novog Marofa, pod vodstvom <strong>Tibora Martana<\/strong>.<\/p>\n<p><a href=\"https:\/\/kranjcic.hr\/wp-content\/uploads\/2017\/04\/007-Viso\u010dani-poetsko-glazbeni-recital-2.jpg\"><img loading=\"lazy\" decoding=\"async\" class=\"alignnone wp-image-3756\" src=\"https:\/\/kranjcic.hr\/wp-content\/uploads\/2017\/04\/007-Viso\u010dani-poetsko-glazbeni-recital-2-1024x682.jpg\" alt=\"\" width=\"600\" height=\"400\" srcset=\"https:\/\/kranjcic.hr\/wp-content\/uploads\/2017\/04\/007-Viso\u010dani-poetsko-glazbeni-recital-2-1024x682.jpg 1024w, https:\/\/kranjcic.hr\/wp-content\/uploads\/2017\/04\/007-Viso\u010dani-poetsko-glazbeni-recital-2-120x80.jpg 120w, https:\/\/kranjcic.hr\/wp-content\/uploads\/2017\/04\/007-Viso\u010dani-poetsko-glazbeni-recital-2-200x133.jpg 200w, https:\/\/kranjcic.hr\/wp-content\/uploads\/2017\/04\/007-Viso\u010dani-poetsko-glazbeni-recital-2.jpg 1280w\" sizes=\"auto, (max-width: 600px) 100vw, 600px\" \/><\/a><\/p>\n<p>Uo\u010di misnoga slavlja i izvedbe poetsko-glazbenog recitala kri\u017eeva\u010dki su se vjernici i gosti okupili na Kranj\u010di\u0107evu grobu na kri\u017eeva\u010dkom gradskom groblju. Polo\u017eili su vijence i izmolili molitvu za otvorenje procesa za progla\u0161enje bla\u017eenim Stjepana Kranj\u010di\u0107a. Nekoliko u\u010denika Osnove \u0161kole Ljudevita Modeca uz vodstvo vjerou\u010diteljice <strong>Valentine Juri\u0161i\u0107<\/strong> pro\u010ditalo je nekoliko Kranj\u010di\u0107evih pjesama. Obred je predvodio \u017eupnik Sovi\u010dek.<\/p>\n<p><a href=\"https:\/\/kranjcic.hr\/wp-content\/uploads\/2017\/04\/001-Na-Kranj\u010di\u0107evu-grobu-skupna.jpg\"><img loading=\"lazy\" decoding=\"async\" class=\"alignnone wp-image-3750\" src=\"https:\/\/kranjcic.hr\/wp-content\/uploads\/2017\/04\/001-Na-Kranj\u010di\u0107evu-grobu-skupna-1024x559.jpg\" alt=\"\" width=\"600\" height=\"327\" srcset=\"https:\/\/kranjcic.hr\/wp-content\/uploads\/2017\/04\/001-Na-Kranj\u010di\u0107evu-grobu-skupna-1024x559.jpg 1024w, https:\/\/kranjcic.hr\/wp-content\/uploads\/2017\/04\/001-Na-Kranj\u010di\u0107evu-grobu-skupna-120x65.jpg 120w, https:\/\/kranjcic.hr\/wp-content\/uploads\/2017\/04\/001-Na-Kranj\u010di\u0107evu-grobu-skupna-200x109.jpg 200w, https:\/\/kranjcic.hr\/wp-content\/uploads\/2017\/04\/001-Na-Kranj\u010di\u0107evu-grobu-skupna.jpg 1741w\" sizes=\"auto, (max-width: 600px) 100vw, 600px\" \/><\/a><\/p>\n<p>Sve\u010danost Kranj\u010di\u0107eva spomena zajedno su organizirale Udruge za promicanje znamenitih Kri\u017eev\u010dana \u201eDr. Stjepan Kranj\u010di\u0107\u201c te kri\u017eeva\u010dke \u017eupe sv. Ane i BDM \u017dalosne i sv. Marka Kri\u017eev\u010danina.<\/p>\n\n\t\t<style type=\"text\/css\">\n\t\t\t#gallery-1 {\n\t\t\t\tmargin: auto;\n\t\t\t}\n\t\t\t#gallery-1 .gallery-item {\n\t\t\t\tfloat: left;\n\t\t\t\tmargin-top: 10px;\n\t\t\t\ttext-align: center;\n\t\t\t\twidth: 33%;\n\t\t\t}\n\t\t\t#gallery-1 img {\n\t\t\t\tborder: 2px solid #cfcfcf;\n\t\t\t}\n\t\t\t#gallery-1 .gallery-caption {\n\t\t\t\tmargin-left: 0;\n\t\t\t}\n\t\t\t\/* see gallery_shortcode() in wp-includes\/media.php *\/\n\t\t<\/style>\n\t\t<div id='gallery-1' class='gallery galleryid-3749 gallery-columns-3 gallery-size-thumbnail'><dl class='gallery-item'>\n\t\t\t<dt class='gallery-icon landscape'>\n\t\t\t\t<a href='https:\/\/kranjcic.hr\/wp-content\/uploads\/2017\/04\/006-Viso\u010dani-poetsko-glazbeni-recital-1.jpg'><img loading=\"lazy\" decoding=\"async\" width=\"120\" height=\"80\" src=\"https:\/\/kranjcic.hr\/wp-content\/uploads\/2017\/04\/006-Viso\u010dani-poetsko-glazbeni-recital-1-120x80.jpg\" class=\"attachment-thumbnail size-thumbnail\" alt=\"\" srcset=\"https:\/\/kranjcic.hr\/wp-content\/uploads\/2017\/04\/006-Viso\u010dani-poetsko-glazbeni-recital-1-120x80.jpg 120w, https:\/\/kranjcic.hr\/wp-content\/uploads\/2017\/04\/006-Viso\u010dani-poetsko-glazbeni-recital-1-200x133.jpg 200w, https:\/\/kranjcic.hr\/wp-content\/uploads\/2017\/04\/006-Viso\u010dani-poetsko-glazbeni-recital-1-1024x680.jpg 1024w, https:\/\/kranjcic.hr\/wp-content\/uploads\/2017\/04\/006-Viso\u010dani-poetsko-glazbeni-recital-1.jpg 1355w\" sizes=\"auto, (max-width: 120px) 100vw, 120px\" \/><\/a>\n\t\t\t<\/dt><\/dl><dl class='gallery-item'>\n\t\t\t<dt class='gallery-icon landscape'>\n\t\t\t\t<a href='https:\/\/kranjcic.hr\/wp-content\/uploads\/2017\/04\/008-Skupna-u-crkvi.jpg'><img loading=\"lazy\" decoding=\"async\" width=\"120\" height=\"102\" src=\"https:\/\/kranjcic.hr\/wp-content\/uploads\/2017\/04\/008-Skupna-u-crkvi-120x102.jpg\" class=\"attachment-thumbnail size-thumbnail\" alt=\"\" srcset=\"https:\/\/kranjcic.hr\/wp-content\/uploads\/2017\/04\/008-Skupna-u-crkvi-120x102.jpg 120w, https:\/\/kranjcic.hr\/wp-content\/uploads\/2017\/04\/008-Skupna-u-crkvi-177x150.jpg 177w, https:\/\/kranjcic.hr\/wp-content\/uploads\/2017\/04\/008-Skupna-u-crkvi-1024x870.jpg 1024w, https:\/\/kranjcic.hr\/wp-content\/uploads\/2017\/04\/008-Skupna-u-crkvi.jpg 1059w\" sizes=\"auto, (max-width: 120px) 100vw, 120px\" \/><\/a>\n\t\t\t<\/dt><\/dl><dl class='gallery-item'>\n\t\t\t<dt class='gallery-icon landscape'>\n\t\t\t\t<a href='https:\/\/kranjcic.hr\/wp-content\/uploads\/2017\/04\/005-Misa-vjernici-2.jpg'><img loading=\"lazy\" decoding=\"async\" width=\"120\" height=\"80\" src=\"https:\/\/kranjcic.hr\/wp-content\/uploads\/2017\/04\/005-Misa-vjernici-2-120x80.jpg\" class=\"attachment-thumbnail size-thumbnail\" alt=\"\" srcset=\"https:\/\/kranjcic.hr\/wp-content\/uploads\/2017\/04\/005-Misa-vjernici-2-120x80.jpg 120w, https:\/\/kranjcic.hr\/wp-content\/uploads\/2017\/04\/005-Misa-vjernici-2-200x133.jpg 200w, https:\/\/kranjcic.hr\/wp-content\/uploads\/2017\/04\/005-Misa-vjernici-2-1024x680.jpg 1024w, https:\/\/kranjcic.hr\/wp-content\/uploads\/2017\/04\/005-Misa-vjernici-2.jpg 1355w\" sizes=\"auto, (max-width: 120px) 100vw, 120px\" \/><\/a>\n\t\t\t<\/dt><\/dl><br style=\"clear: both\" \/><dl class='gallery-item'>\n\t\t\t<dt class='gallery-icon landscape'>\n\t\t\t\t<a href='https:\/\/kranjcic.hr\/wp-content\/uploads\/2017\/04\/004-Misa-vjernici-1.jpg'><img loading=\"lazy\" decoding=\"async\" width=\"120\" height=\"80\" src=\"https:\/\/kranjcic.hr\/wp-content\/uploads\/2017\/04\/004-Misa-vjernici-1-120x80.jpg\" class=\"attachment-thumbnail size-thumbnail\" alt=\"\" srcset=\"https:\/\/kranjcic.hr\/wp-content\/uploads\/2017\/04\/004-Misa-vjernici-1-120x80.jpg 120w, https:\/\/kranjcic.hr\/wp-content\/uploads\/2017\/04\/004-Misa-vjernici-1-200x133.jpg 200w, https:\/\/kranjcic.hr\/wp-content\/uploads\/2017\/04\/004-Misa-vjernici-1-1024x680.jpg 1024w, https:\/\/kranjcic.hr\/wp-content\/uploads\/2017\/04\/004-Misa-vjernici-1.jpg 1430w\" sizes=\"auto, (max-width: 120px) 100vw, 120px\" \/><\/a>\n\t\t\t<\/dt><\/dl>\n\t\t\t<br style='clear: both' \/>\n\t\t<\/div>\n\n<p>&nbsp;<\/p>\n","protected":false},"excerpt":{"rendered":"<p>U Kri\u017eevcima je u \u010detvrtak 6. travnja 2017. odr\u017eana spomen-sve\u010danost 49. godi\u0161njice smrti kri\u017eeva\u010dkoga \u017eupnika na glasu svetosti dr. Stjepana Kranj\u010di\u0107a. Misno je slavlje tim povodom predvodio kanonik Prvostolnoga kaptola zagreba\u010dkog mons. Lovro Cindori.<\/p>\n","protected":false},"author":1,"featured_media":3751,"comment_status":"closed","ping_status":"closed","sticky":false,"template":"","format":"standard","meta":{"footnotes":""},"categories":[35],"tags":[],"class_list":["post-3749","post","type-post","status-publish","format-standard","has-post-thumbnail","hentry","category-kranjcicevo"],"_links":{"self":[{"href":"https:\/\/kranjcic.hr\/index.php?rest_route=\/wp\/v2\/posts\/3749","targetHints":{"allow":["GET"]}}],"collection":[{"href":"https:\/\/kranjcic.hr\/index.php?rest_route=\/wp\/v2\/posts"}],"about":[{"href":"https:\/\/kranjcic.hr\/index.php?rest_route=\/wp\/v2\/types\/post"}],"author":[{"embeddable":true,"href":"https:\/\/kranjcic.hr\/index.php?rest_route=\/wp\/v2\/users\/1"}],"replies":[{"embeddable":true,"href":"https:\/\/kranjcic.hr\/index.php?rest_route=%2Fwp%2Fv2%2Fcomments&post=3749"}],"version-history":[{"count":7,"href":"https:\/\/kranjcic.hr\/index.php?rest_route=\/wp\/v2\/posts\/3749\/revisions"}],"predecessor-version":[{"id":3764,"href":"https:\/\/kranjcic.hr\/index.php?rest_route=\/wp\/v2\/posts\/3749\/revisions\/3764"}],"wp:featuredmedia":[{"embeddable":true,"href":"https:\/\/kranjcic.hr\/index.php?rest_route=\/wp\/v2\/media\/3751"}],"wp:attachment":[{"href":"https:\/\/kranjcic.hr\/index.php?rest_route=%2Fwp%2Fv2%2Fmedia&parent=3749"}],"wp:term":[{"taxonomy":"category","embeddable":true,"href":"https:\/\/kranjcic.hr\/index.php?rest_route=%2Fwp%2Fv2%2Fcategories&post=3749"},{"taxonomy":"post_tag","embeddable":true,"href":"https:\/\/kranjcic.hr\/index.php?rest_route=%2Fwp%2Fv2%2Ftags&post=3749"}],"curies":[{"name":"wp","href":"https:\/\/api.w.org\/{rel}","templated":true}]}}