{"id":3766,"date":"2017-04-10T20:24:27","date_gmt":"2017-04-10T20:24:27","guid":{"rendered":"http:\/\/kranjcic.hr\/?p=3766"},"modified":"2017-04-24T17:43:29","modified_gmt":"2017-04-24T17:43:29","slug":"najava-zavrsne-svecanosti-6-susreta-hrvatskoga-djecjega-duhovnoga-stvaralastva-stjepan-kranjcic","status":"publish","type":"post","link":"https:\/\/kranjcic.hr\/?p=3766","title":{"rendered":"NAJAVA ZAVR\u0160NE SVE\u010cANOSTI 6. SUSRETA HRVATSKOGA DJE\u010cJEGA DUHOVNOGA STVARALA\u0160TVA \u201eSTJEPAN KRANJ\u010cI\u0106\u201d"},"content":{"rendered":"<p><a href=\"https:\/\/kranjcic.hr\/wp-content\/uploads\/2017\/04\/plakat-za-druge-disati1.jpg\"><img loading=\"lazy\" decoding=\"async\" class=\"alignnone wp-image-3768\" src=\"https:\/\/kranjcic.hr\/wp-content\/uploads\/2017\/04\/plakat-za-druge-disati1.jpg\" alt=\"\" width=\"566\" height=\"800\" srcset=\"https:\/\/kranjcic.hr\/wp-content\/uploads\/2017\/04\/plakat-za-druge-disati1.jpg 707w, https:\/\/kranjcic.hr\/wp-content\/uploads\/2017\/04\/plakat-za-druge-disati1-85x120.jpg 85w, https:\/\/kranjcic.hr\/wp-content\/uploads\/2017\/04\/plakat-za-druge-disati1-106x150.jpg 106w\" sizes=\"auto, (max-width: 566px) 100vw, 566px\" \/><\/a><\/p>\n<p><!--more--><\/p>\n<p><a href=\"https:\/\/kranjcic.hr\/wp-content\/uploads\/2017\/04\/6.-Dje\u010dji-Kranj\u010di\u0107-2017.-pozivnica.pdf\" target=\"_blank\" rel=\"noopener noreferrer\"><strong>POZIVNICA<\/strong><\/a><\/p>\n","protected":false},"excerpt":{"rendered":"","protected":false},"author":1,"featured_media":3768,"comment_status":"closed","ping_status":"closed","sticky":false,"template":"","format":"standard","meta":{"footnotes":""},"categories":[66,65,31,18],"tags":[],"class_list":["post-3766","post","type-post","status-publish","format-standard","has-post-thumbnail","hentry","category-66","category-6-djecji-kranjcic","category-djecji-kranjcic","category-zbivanja"],"_links":{"self":[{"href":"https:\/\/kranjcic.hr\/index.php?rest_route=\/wp\/v2\/posts\/3766","targetHints":{"allow":["GET"]}}],"collection":[{"href":"https:\/\/kranjcic.hr\/index.php?rest_route=\/wp\/v2\/posts"}],"about":[{"href":"https:\/\/kranjcic.hr\/index.php?rest_route=\/wp\/v2\/types\/post"}],"author":[{"embeddable":true,"href":"https:\/\/kranjcic.hr\/index.php?rest_route=\/wp\/v2\/users\/1"}],"replies":[{"embeddable":true,"href":"https:\/\/kranjcic.hr\/index.php?rest_route=%2Fwp%2Fv2%2Fcomments&post=3766"}],"version-history":[{"count":3,"href":"https:\/\/kranjcic.hr\/index.php?rest_route=\/wp\/v2\/posts\/3766\/revisions"}],"predecessor-version":[{"id":3846,"href":"https:\/\/kranjcic.hr\/index.php?rest_route=\/wp\/v2\/posts\/3766\/revisions\/3846"}],"wp:featuredmedia":[{"embeddable":true,"href":"https:\/\/kranjcic.hr\/index.php?rest_route=\/wp\/v2\/media\/3768"}],"wp:attachment":[{"href":"https:\/\/kranjcic.hr\/index.php?rest_route=%2Fwp%2Fv2%2Fmedia&parent=3766"}],"wp:term":[{"taxonomy":"category","embeddable":true,"href":"https:\/\/kranjcic.hr\/index.php?rest_route=%2Fwp%2Fv2%2Fcategories&post=3766"},{"taxonomy":"post_tag","embeddable":true,"href":"https:\/\/kranjcic.hr\/index.php?rest_route=%2Fwp%2Fv2%2Ftags&post=3766"}],"curies":[{"name":"wp","href":"https:\/\/api.w.org\/{rel}","templated":true}]}}