{"id":3958,"date":"2017-10-04T19:16:28","date_gmt":"2017-10-04T19:16:28","guid":{"rendered":"http:\/\/kranjcic.hr\/?p=3958"},"modified":"2017-10-05T19:27:03","modified_gmt":"2017-10-05T19:27:03","slug":"svicarski-teolozi-u-pohodu-udruzi-dr-stjepan-kranjcic","status":"publish","type":"post","link":"https:\/\/kranjcic.hr\/?p=3958","title":{"rendered":"\u0160VICARSKI TEOLOZI U POHODU UDRUZI \u201eDR. STJEPAN KRANJ\u010cI\u0106\u201d"},"content":{"rendered":"<p>U utorak 3. i srijedu 4. listopada desetak teologa iz dekanata Basel-Stadt Baselske biskupije u \u0160vicarskoj bili su na studijskom putovanju u Kri\u017eevcima i Zagrebu. Predvo\u0111eni dekanom Stefanom Kemmlerom i dekanicom Monikom Hungerb\u0171hler \u017eeljeli su se upoznati s radom Udruge za promicanje znamenitih Kri\u017eev\u010dana \u201eDr. Stjepan Kranj\u010di\u0107\u201d, doznati o kri\u017eeva\u010dkim i zagreba\u010dkim sakralnim spomenicima te upoznati kulturu i mentalitet vjerni\u010dkih zajednica u kojima su bili s naglaskom na djelovanje vjernika laika u Crkvi.<\/p>\n<p><!--more--><\/p>\n<p>U Kri\u017eevcima su tako u utorak 3. listopada posjetili \u017eupnu crkvu sv. Ane i konkatedralu sv. Kri\u017ea kroz koje ih je, u organizaciji \u017eupnika Stjepana Sovi\u010deka, proveo kapelan Dominik Jai\u0107. Zatim je baselske teologe primio kri\u017eeva\u010dki gradona\u010delnik Mario Rajn koji im je govorio o suradnji izme\u0111u \u017eupa kri\u017eeva\u010dkoga kraja i kri\u017eeva\u010dke gradske uprave te im je darovao prigodne kri\u017eeva\u010dke suvenire. Potom ih je prof. Martina Valec Rebi\u0107 upoznala sa starim hrvatskim pismom glagoljicom. Bazilijanka s. Zinovija Koli\u0107 bila im je doma\u0107ica tijekom razgleda grkokatoli\u010dke katedrale Presvete Trojice i knji\u017enice, a susret je u Kri\u017eevcima zavr\u0161en pohodom na grob kri\u017eeva\u010dkom \u017eupniku na glasu svetosti dr. Stjepanu Kranj\u010di\u0107u na kri\u017eeva\u010dkom gradskom groblju. Doma\u0107ini baselskim teolozima bili su predsjednica Udruge \u201eDr. Stjepan Kranj\u010di\u0107\u201d Tanja Baran s \u010dlanovima Upravnog odbora Udruge \u017deljkom \u0160tubeljom i Rokom Ba\u0161i\u0107em. Njih su troje predstavili nastojanja Udruge oko promicanja \u0161tovanja dr. Kranj\u010di\u0107a, zatim \u0161tovanja sv. Marka Kri\u017eev\u010danina i ostalih hrvatskih svetaca kroz manifestaciju Dani hrvatskih svetaca i bla\u017eenika koja je odr\u017eana u Kri\u017eevcima devet godina zaredom. Predstavili su i nacionalne natje\u010daje i susrete za kr\u0161\u0107ansku knji\u017eevnost za odrasle i djecu koji se odr\u017eavaju pod Kranj\u010di\u0107evim imenom. Susret u Kri\u017eevcima zavr\u0161io je pohodom Kalniku.<\/p>\n<p>U srijedu 4. listopada gosti iz \u0160vicarske posjetili su katoli\u010dki tjednik \u201eGlas Koncila\u201d. Pozdravio ih je glavni urednik mons. Ivan Mikleni\u0107, a s radom Glasa Koncila i aktualnim trenutkom Crkve u Hrvatska upoznao ih je zamjenik glavnoga urednika Branimir Stani\u0107. Uslijedio je obilazak zagreba\u010dke katedrale uz vodstvo povjerenika Zagreba\u010dke nadbiskupije za pastoral turizma i migranata vl\u010d. An\u0111elka Katanca. Susret sa Zagrebom zavr\u0161en je sudjelovanjem teologa u emisiji \u201eEurozagreb\u201d na HRT \u2013 Radiju Sljeme koju je uredila i vodila Ana Lackovi\u0107 Varga.<\/p>\n\n\t\t<style type=\"text\/css\">\n\t\t\t#gallery-1 {\n\t\t\t\tmargin: auto;\n\t\t\t}\n\t\t\t#gallery-1 .gallery-item {\n\t\t\t\tfloat: left;\n\t\t\t\tmargin-top: 10px;\n\t\t\t\ttext-align: center;\n\t\t\t\twidth: 33%;\n\t\t\t}\n\t\t\t#gallery-1 img {\n\t\t\t\tborder: 2px solid #cfcfcf;\n\t\t\t}\n\t\t\t#gallery-1 .gallery-caption {\n\t\t\t\tmargin-left: 0;\n\t\t\t}\n\t\t\t\/* see gallery_shortcode() in wp-includes\/media.php *\/\n\t\t<\/style>\n\t\t<div id='gallery-1' class='gallery galleryid-3958 gallery-columns-3 gallery-size-thumbnail'><dl class='gallery-item'>\n\t\t\t<dt class='gallery-icon landscape'>\n\t\t\t\t<a href='https:\/\/kranjcic.hr\/?attachment_id=3959'><img loading=\"lazy\" decoding=\"async\" width=\"120\" height=\"86\" src=\"https:\/\/kranjcic.hr\/wp-content\/uploads\/2017\/10\/svicarci-1-120x86.jpg\" class=\"attachment-thumbnail size-thumbnail\" alt=\"\" aria-describedby=\"gallery-1-3959\" srcset=\"https:\/\/kranjcic.hr\/wp-content\/uploads\/2017\/10\/svicarci-1-120x86.jpg 120w, https:\/\/kranjcic.hr\/wp-content\/uploads\/2017\/10\/svicarci-1-200x143.jpg 200w, https:\/\/kranjcic.hr\/wp-content\/uploads\/2017\/10\/svicarci-1-474x342.jpg 474w, https:\/\/kranjcic.hr\/wp-content\/uploads\/2017\/10\/svicarci-1.jpg 1000w\" sizes=\"auto, (max-width: 120px) 100vw, 120px\" \/><\/a>\n\t\t\t<\/dt>\n\t\t\t\t<dd class='wp-caption-text gallery-caption' id='gallery-1-3959'>\n\t\t\t\t\u0160vicarski teolozi na grobu Stjepana Kranj\u010di\u0107a u Kri\u017eevcima\n\t\t\t\t<\/dd><\/dl><dl class='gallery-item'>\n\t\t\t<dt class='gallery-icon landscape'>\n\t\t\t\t<a href='https:\/\/kranjcic.hr\/?attachment_id=3966'><img loading=\"lazy\" decoding=\"async\" width=\"120\" height=\"92\" src=\"https:\/\/kranjcic.hr\/wp-content\/uploads\/2017\/10\/svicarci-8-120x92.jpg\" class=\"attachment-thumbnail size-thumbnail\" alt=\"\" aria-describedby=\"gallery-1-3966\" srcset=\"https:\/\/kranjcic.hr\/wp-content\/uploads\/2017\/10\/svicarci-8-120x92.jpg 120w, https:\/\/kranjcic.hr\/wp-content\/uploads\/2017\/10\/svicarci-8-195x150.jpg 195w, https:\/\/kranjcic.hr\/wp-content\/uploads\/2017\/10\/svicarci-8.jpg 1000w\" sizes=\"auto, (max-width: 120px) 100vw, 120px\" \/><\/a>\n\t\t\t<\/dt>\n\t\t\t\t<dd class='wp-caption-text gallery-caption' id='gallery-1-3966'>\n\t\t\t\tPred poprsjem Stjepana Kranj\u010di\u0107a u Kri\u017eevcima\n\t\t\t\t<\/dd><\/dl><dl class='gallery-item'>\n\t\t\t<dt class='gallery-icon landscape'>\n\t\t\t\t<a href='https:\/\/kranjcic.hr\/?attachment_id=3965'><img loading=\"lazy\" decoding=\"async\" width=\"120\" height=\"80\" src=\"https:\/\/kranjcic.hr\/wp-content\/uploads\/2017\/10\/svicarci-7-120x80.jpg\" class=\"attachment-thumbnail size-thumbnail\" alt=\"\" aria-describedby=\"gallery-1-3965\" srcset=\"https:\/\/kranjcic.hr\/wp-content\/uploads\/2017\/10\/svicarci-7-120x80.jpg 120w, https:\/\/kranjcic.hr\/wp-content\/uploads\/2017\/10\/svicarci-7-200x133.jpg 200w, https:\/\/kranjcic.hr\/wp-content\/uploads\/2017\/10\/svicarci-7.jpg 1000w\" sizes=\"auto, (max-width: 120px) 100vw, 120px\" \/><\/a>\n\t\t\t<\/dt>\n\t\t\t\t<dd class='wp-caption-text gallery-caption' id='gallery-1-3965'>\n\t\t\t\tKod kri\u017eeva\u010dkoga gradona\u010delnika Marija Rajna\n\t\t\t\t<\/dd><\/dl><br style=\"clear: both\" \/><dl class='gallery-item'>\n\t\t\t<dt class='gallery-icon landscape'>\n\t\t\t\t<a href='https:\/\/kranjcic.hr\/?attachment_id=3960'><img loading=\"lazy\" decoding=\"async\" width=\"120\" height=\"80\" src=\"https:\/\/kranjcic.hr\/wp-content\/uploads\/2017\/10\/svicarci-2-120x80.jpg\" class=\"attachment-thumbnail size-thumbnail\" alt=\"\" aria-describedby=\"gallery-1-3960\" srcset=\"https:\/\/kranjcic.hr\/wp-content\/uploads\/2017\/10\/svicarci-2-120x80.jpg 120w, https:\/\/kranjcic.hr\/wp-content\/uploads\/2017\/10\/svicarci-2-200x133.jpg 200w, https:\/\/kranjcic.hr\/wp-content\/uploads\/2017\/10\/svicarci-2.jpg 1000w\" sizes=\"auto, (max-width: 120px) 100vw, 120px\" \/><\/a>\n\t\t\t<\/dt>\n\t\t\t\t<dd class='wp-caption-text gallery-caption' id='gallery-1-3960'>\n\t\t\t\tKod gradona\u010delnika\n\t\t\t\t<\/dd><\/dl><dl class='gallery-item'>\n\t\t\t<dt class='gallery-icon landscape'>\n\t\t\t\t<a href='https:\/\/kranjcic.hr\/?attachment_id=3964'><img loading=\"lazy\" decoding=\"async\" width=\"120\" height=\"80\" src=\"https:\/\/kranjcic.hr\/wp-content\/uploads\/2017\/10\/svicarci-6-120x80.jpg\" class=\"attachment-thumbnail size-thumbnail\" alt=\"\" aria-describedby=\"gallery-1-3964\" srcset=\"https:\/\/kranjcic.hr\/wp-content\/uploads\/2017\/10\/svicarci-6-120x80.jpg 120w, https:\/\/kranjcic.hr\/wp-content\/uploads\/2017\/10\/svicarci-6-200x133.jpg 200w, https:\/\/kranjcic.hr\/wp-content\/uploads\/2017\/10\/svicarci-6.jpg 1000w\" sizes=\"auto, (max-width: 120px) 100vw, 120px\" \/><\/a>\n\t\t\t<\/dt>\n\t\t\t\t<dd class='wp-caption-text gallery-caption' id='gallery-1-3964'>\n\t\t\t\tKod gradona\u010delnika\n\t\t\t\t<\/dd><\/dl><dl class='gallery-item'>\n\t\t\t<dt class='gallery-icon landscape'>\n\t\t\t\t<a href='https:\/\/kranjcic.hr\/?attachment_id=3963'><img loading=\"lazy\" decoding=\"async\" width=\"120\" height=\"78\" src=\"https:\/\/kranjcic.hr\/wp-content\/uploads\/2017\/10\/svicarci-5-120x78.jpg\" class=\"attachment-thumbnail size-thumbnail\" alt=\"\" aria-describedby=\"gallery-1-3963\" srcset=\"https:\/\/kranjcic.hr\/wp-content\/uploads\/2017\/10\/svicarci-5-120x78.jpg 120w, https:\/\/kranjcic.hr\/wp-content\/uploads\/2017\/10\/svicarci-5-200x129.jpg 200w, https:\/\/kranjcic.hr\/wp-content\/uploads\/2017\/10\/svicarci-5.jpg 1000w\" sizes=\"auto, (max-width: 120px) 100vw, 120px\" \/><\/a>\n\t\t\t<\/dt>\n\t\t\t\t<dd class='wp-caption-text gallery-caption' id='gallery-1-3963'>\n\t\t\t\tMartina Valec Rebi\u0107 predstavlja glagoljicu\n\t\t\t\t<\/dd><\/dl><br style=\"clear: both\" \/><dl class='gallery-item'>\n\t\t\t<dt class='gallery-icon landscape'>\n\t\t\t\t<a href='https:\/\/kranjcic.hr\/?attachment_id=3962'><img loading=\"lazy\" decoding=\"async\" width=\"120\" height=\"80\" src=\"https:\/\/kranjcic.hr\/wp-content\/uploads\/2017\/10\/svicarci-4-120x80.jpg\" class=\"attachment-thumbnail size-thumbnail\" alt=\"\" aria-describedby=\"gallery-1-3962\" srcset=\"https:\/\/kranjcic.hr\/wp-content\/uploads\/2017\/10\/svicarci-4-120x80.jpg 120w, https:\/\/kranjcic.hr\/wp-content\/uploads\/2017\/10\/svicarci-4-200x133.jpg 200w, https:\/\/kranjcic.hr\/wp-content\/uploads\/2017\/10\/svicarci-4.jpg 1000w\" sizes=\"auto, (max-width: 120px) 100vw, 120px\" \/><\/a>\n\t\t\t<\/dt>\n\t\t\t\t<dd class='wp-caption-text gallery-caption' id='gallery-1-3962'>\n\t\t\t\tS Branimirom Stani\u0107em u Glasu Koncila\n\t\t\t\t<\/dd><\/dl><dl class='gallery-item'>\n\t\t\t<dt class='gallery-icon landscape'>\n\t\t\t\t<a href='https:\/\/kranjcic.hr\/?attachment_id=3961'><img loading=\"lazy\" decoding=\"async\" width=\"120\" height=\"80\" src=\"https:\/\/kranjcic.hr\/wp-content\/uploads\/2017\/10\/svicarci-3-120x80.jpg\" class=\"attachment-thumbnail size-thumbnail\" alt=\"\" aria-describedby=\"gallery-1-3961\" srcset=\"https:\/\/kranjcic.hr\/wp-content\/uploads\/2017\/10\/svicarci-3-120x80.jpg 120w, https:\/\/kranjcic.hr\/wp-content\/uploads\/2017\/10\/svicarci-3-200x133.jpg 200w, https:\/\/kranjcic.hr\/wp-content\/uploads\/2017\/10\/svicarci-3.jpg 1000w\" sizes=\"auto, (max-width: 120px) 100vw, 120px\" \/><\/a>\n\t\t\t<\/dt>\n\t\t\t\t<dd class='wp-caption-text gallery-caption' id='gallery-1-3961'>\n\t\t\t\tS vl\u010d. An\u0111elkom Katanecem pred zagreba\u010dkom katedralom\n\t\t\t\t<\/dd><\/dl>\n\t\t\t<br style='clear: both' \/>\n\t\t<\/div>\n\n","protected":false},"excerpt":{"rendered":"<p>U utorak 3. i srijedu 4. listopada desetak teologa iz dekanata Basel-Stadt Baselske biskupije u \u0160vicarskoj bili su na studijskom putovanju u Kri\u017eevcima i Zagrebu. Predvo\u0111eni dekanom Stefanom Kemmlerom i dekanicom Monikom Hungerb\u0171hler \u017eeljeli su se upoznati s radom Udruge za promicanje znamenitih Kri\u017eev\u010dana \u201eDr. Stjepan Kranj\u010di\u0107\u201d, doznati o kri\u017eeva\u010dkim&hellip; <\/p>\n","protected":false},"author":1,"featured_media":3966,"comment_status":"closed","ping_status":"closed","sticky":false,"template":"","format":"standard","meta":{"footnotes":""},"categories":[66,18],"tags":[],"class_list":["post-3958","post","type-post","status-publish","format-standard","has-post-thumbnail","hentry","category-66","category-zbivanja"],"_links":{"self":[{"href":"https:\/\/kranjcic.hr\/index.php?rest_route=\/wp\/v2\/posts\/3958","targetHints":{"allow":["GET"]}}],"collection":[{"href":"https:\/\/kranjcic.hr\/index.php?rest_route=\/wp\/v2\/posts"}],"about":[{"href":"https:\/\/kranjcic.hr\/index.php?rest_route=\/wp\/v2\/types\/post"}],"author":[{"embeddable":true,"href":"https:\/\/kranjcic.hr\/index.php?rest_route=\/wp\/v2\/users\/1"}],"replies":[{"embeddable":true,"href":"https:\/\/kranjcic.hr\/index.php?rest_route=%2Fwp%2Fv2%2Fcomments&post=3958"}],"version-history":[{"count":1,"href":"https:\/\/kranjcic.hr\/index.php?rest_route=\/wp\/v2\/posts\/3958\/revisions"}],"predecessor-version":[{"id":3967,"href":"https:\/\/kranjcic.hr\/index.php?rest_route=\/wp\/v2\/posts\/3958\/revisions\/3967"}],"wp:featuredmedia":[{"embeddable":true,"href":"https:\/\/kranjcic.hr\/index.php?rest_route=\/wp\/v2\/media\/3966"}],"wp:attachment":[{"href":"https:\/\/kranjcic.hr\/index.php?rest_route=%2Fwp%2Fv2%2Fmedia&parent=3958"}],"wp:term":[{"taxonomy":"category","embeddable":true,"href":"https:\/\/kranjcic.hr\/index.php?rest_route=%2Fwp%2Fv2%2Fcategories&post=3958"},{"taxonomy":"post_tag","embeddable":true,"href":"https:\/\/kranjcic.hr\/index.php?rest_route=%2Fwp%2Fv2%2Ftags&post=3958"}],"curies":[{"name":"wp","href":"https:\/\/api.w.org\/{rel}","templated":true}]}}