{"id":3972,"date":"2017-10-15T08:37:55","date_gmt":"2017-10-15T08:37:55","guid":{"rendered":"http:\/\/kranjcic.hr\/?p=3972"},"modified":"2018-05-15T11:46:39","modified_gmt":"2018-05-15T11:46:39","slug":"raspisan-natjecaj-za-7-susret-hrvatskoga-djecjega-duhovnoga-stvaralastva-stjepan-kranjcic","status":"publish","type":"post","link":"https:\/\/kranjcic.hr\/?p=3972","title":{"rendered":"RASPISAN NATJE\u010cAJ ZA 7. SUSRET HRVATSKOGA DJE\u010cJEGA DUHOVNOGA STVARALA\u0160TVA \u201eSTJEPAN KRANJ\u010cI\u0106\u201d"},"content":{"rendered":"<p>15. 10 . &#8211; 15. 12. 2017.<\/p>\n<p><!--more--><\/p>\n<p><img loading=\"lazy\" decoding=\"async\" class=\"alignleft wp-image-3973 size-thumbnail\" src=\"https:\/\/kranjcic.hr\/wp-content\/uploads\/2017\/10\/logo-120x120.jpg\" alt=\"\" width=\"120\" height=\"120\" srcset=\"https:\/\/kranjcic.hr\/wp-content\/uploads\/2017\/10\/logo-120x120.jpg 120w, https:\/\/kranjcic.hr\/wp-content\/uploads\/2017\/10\/logo-150x150.jpg 150w, https:\/\/kranjcic.hr\/wp-content\/uploads\/2017\/10\/logo-1024x1024.jpg 1024w, https:\/\/kranjcic.hr\/wp-content\/uploads\/2017\/10\/logo-100x100.jpg 100w, https:\/\/kranjcic.hr\/wp-content\/uploads\/2017\/10\/logo.jpg 1500w\" sizes=\"auto, (max-width: 120px) 100vw, 120px\" \/><\/p>\n<p>U organizaciji kri\u017eeva\u010dke Osnovne \u0161kole Ljudevita Modeca i Udruge za promicanje znamenitih Kri\u017eev\u010dana \u201eDr. Stjepan Kranj\u010di\u0107\u201d od 15. listopada do 15. prosinca 2017. otvoren je natje\u010daj za <strong>7. Susret hrvatskoga dje\u010djega duhovnoga stvarala\u0161tva \u201eStjepan Kranj\u010di\u0107\u201d<\/strong>. Rije\u010d je o jedinom natje\u010daju za duhovno knji\u017eevno i likovno stvarala\u0161tvo na nacionalnoj razini u Republici Hrvatskoj za djecu osnovnih \u0161kola.<\/p>\n<p>&nbsp;<\/p>\n<p>Nazvan je prema kri\u017eeva\u010dkom \u017eupniku na glasu svetosti Stjepanu Kranj\u010di\u0107u koji je i s\u00e2m pisao knji\u017eevne radove katoli\u010dke tematike. Organizatori su raspisali natje\u010daj na krilima uspje\u0161noga natje\u010daja i knji\u017eevnoga susreta za duhovnu knji\u017eevnost na nacionalnoj razini za odrasle \u2013 Susreta hrvatskoga duhovnoga knji\u017eevnoga stvarala\u0161tva \u201eStjepan Kranj\u010di\u0107\u201d koji se ove godine u Kri\u017eevcima 2. prosinca odr\u017eava deveti put.<\/p>\n<p>Susret hrvatskoga dje\u010djega duhovnoga stvarala\u0161tva \u201eStjepan Kranj\u010di\u0107\u201d ima nakanu potaknuti stvaranje suvremenih dje\u010djih duhovnih knji\u017eevnih (poezija, proza, igrokazi) i likovnih radova protkanih kr\u0161\u0107anskim vrednotama.<\/p>\n<p>Organizatori predla\u017eu da tema radova ovoga sedmog natje\u010daja bude majka\/Majka.<\/p>\n<p>Najuspjeliji radovi prema ocjeni stru\u010dnog ocjenjiva\u010dkog suda bit \u0107e nagra\u0111eni i javno izvedeni u Kri\u017eevcima u <strong>subotu 21. travnja 2018.<\/strong>, a \u0161iri izbor odabranih knji\u017eevnih i likovnih radova bit \u0107e tiskan u prigodnome zborniku.<\/p>\n<p>&nbsp;<\/p>\n<p><a href=\"https:\/\/kranjcic.hr\/wp-content\/uploads\/2017\/10\/7.-Dje\u010dji-Kranj\u010di\u0107-2017.-tekst-natje\u010daja.doc\" target=\"_blank\" rel=\"noopener\">Tekst natje\u010daja<\/a><\/p>\n<p><a href=\"http:\/\/djecji.kranjcic.hr\/wp-content\/uploads\/2017\/10\/Prijavnica-samostalno.xls\" target=\"_blank\" rel=\"noopener\">Prijavnica-samostalno<\/a><br \/>\n<a href=\"http:\/\/djecji.kranjcic.hr\/wp-content\/uploads\/2017\/10\/Prijavnica-%C5%A1kole.xls\" target=\"_blank\" rel=\"noopener\">Prijavnica-\u0161kole<\/a><br \/>\n<a href=\"http:\/\/djecji.kranjcic.hr\/wp-content\/uploads\/2017\/10\/Obrazac-za-literarni-rad.doc\" target=\"_blank\" rel=\"noopener\">Obrazac za literarni rad<\/a><br \/>\n<a href=\"http:\/\/djecji.kranjcic.hr\/wp-content\/uploads\/2017\/10\/Obrazac-za-poledinu-likovnog-rada.doc\" target=\"_blank\" rel=\"noopener\">\u200bObrazac za pole\u0111inu likovnoga rada<\/a><\/p>\n","protected":false},"excerpt":{"rendered":"<p>15. 10 . &#8211; 15. 12. 2017.<\/p>\n","protected":false},"author":1,"featured_media":3973,"comment_status":"closed","ping_status":"closed","sticky":false,"template":"","format":"standard","meta":{"footnotes":""},"categories":[66,69,18],"tags":[],"class_list":["post-3972","post","type-post","status-publish","format-standard","has-post-thumbnail","hentry","category-66","category-7-djecji-kranjcic","category-zbivanja"],"_links":{"self":[{"href":"https:\/\/kranjcic.hr\/index.php?rest_route=\/wp\/v2\/posts\/3972","targetHints":{"allow":["GET"]}}],"collection":[{"href":"https:\/\/kranjcic.hr\/index.php?rest_route=\/wp\/v2\/posts"}],"about":[{"href":"https:\/\/kranjcic.hr\/index.php?rest_route=\/wp\/v2\/types\/post"}],"author":[{"embeddable":true,"href":"https:\/\/kranjcic.hr\/index.php?rest_route=\/wp\/v2\/users\/1"}],"replies":[{"embeddable":true,"href":"https:\/\/kranjcic.hr\/index.php?rest_route=%2Fwp%2Fv2%2Fcomments&post=3972"}],"version-history":[{"count":4,"href":"https:\/\/kranjcic.hr\/index.php?rest_route=\/wp\/v2\/posts\/3972\/revisions"}],"predecessor-version":[{"id":4154,"href":"https:\/\/kranjcic.hr\/index.php?rest_route=\/wp\/v2\/posts\/3972\/revisions\/4154"}],"wp:featuredmedia":[{"embeddable":true,"href":"https:\/\/kranjcic.hr\/index.php?rest_route=\/wp\/v2\/media\/3973"}],"wp:attachment":[{"href":"https:\/\/kranjcic.hr\/index.php?rest_route=%2Fwp%2Fv2%2Fmedia&parent=3972"}],"wp:term":[{"taxonomy":"category","embeddable":true,"href":"https:\/\/kranjcic.hr\/index.php?rest_route=%2Fwp%2Fv2%2Fcategories&post=3972"},{"taxonomy":"post_tag","embeddable":true,"href":"https:\/\/kranjcic.hr\/index.php?rest_route=%2Fwp%2Fv2%2Ftags&post=3972"}],"curies":[{"name":"wp","href":"https:\/\/api.w.org\/{rel}","templated":true}]}}