{"id":3990,"date":"2017-12-03T20:23:03","date_gmt":"2017-12-03T20:23:03","guid":{"rendered":"http:\/\/kranjcic.hr\/?p=3990"},"modified":"2017-12-03T20:23:03","modified_gmt":"2017-12-03T20:23:03","slug":"odrzan-9-susret-hrvatskoga-duhovnoga-knjizevnoga-stvaralastva-stjepan-kranjcic-u-krizevcima","status":"publish","type":"post","link":"https:\/\/kranjcic.hr\/?p=3990","title":{"rendered":"ODR\u017dAN 9. SUSRET HRVATSKOGA DUHOVNOGA KNJI\u017dEVNOGA STVARALA\u0160TVA  \u201eSTJEPAN KRANJ\u010cI\u0106\u201d U KRI\u017dEVCIMA"},"content":{"rendered":"<p>U velikoj dvorani Hrvatskoga doma u Kri\u017eevcima u subotu 2. prosinca 2017. odr\u017eana je zavr\u0161na sve\u010danost 9. Susreta hrvatskoga duhovnoga knji\u017eevnoga stvarala\u0161tva \u201eStjepan Kranj\u010di\u0107\u201c na kojoj su, nakon \u0161to je prethodno proveden natje\u010daj, dodijeljene nagrade, vi\u0161e je knji\u017eevnih radova javno izvedeno te je predstavljen zbornik najuspjelijih radova \u201eZvijezda jutarnja\u201c. Rije\u010d je o nacionalnom knji\u017eevnom natje\u010daju i susretu za knji\u017eevnost protkanu kr\u0161\u0107anskim vrednotama u kratkim knji\u017eevnim vrstama: poeziji, kratkoj pri\u010di, putopisu, eseju i monodrami.<br \/>\n<!--more--><\/p>\n<p><strong>Poezija<\/strong><\/p>\n<p>U \u017eanru poezije prva je nagrada dodijeljena Goranu Gatalici iz Zagreba za pjesmu \u201eZafalni himnu\u0161 Maj\u010dici Bo\u017eji Bistri\u010dkoj\u201c, druga nagrada Nadi Bo\u0161kovi\u0107 iz Samobora za pjesmu \u201eTi slavna, ti lepa, ti draga\u201c, a tre\u0107a nagrada Ljiljani Luka\u010devi\u0107 iz Ivanca za pjesmu \u201eSamo \u017eene\u201c. Pokrovitelj te nagrade bila je Hrvatska kapucinska provincija, a nagrade je dodijelio provincijski vikar fra Goran Rukavina.<\/p>\n<p><strong>Kratka pri\u010da<\/strong><\/p>\n<p>U \u017eanru kratke pri\u010de prva je nagrada pripala Jelki Pavi\u0161i\u0107 iz Velike Gorice za pri\u010du \u201eNje\u017eno srce u kamenom okviru\u201c, druga nagrada Tomislavu Milohani\u0107u iz Pore\u010da za pri\u010du \u201eHlapac i vrah\u201c, a tre\u0107a nagrada Snje\u017eani Ti\u0161ljari\u0107 iz \u017ddale za pri\u010du \u201e17. 7. 2017.\u201c. Pokrovitelj te nagrade bio je \u201eGlas Koncila\u201c koji je i nakladnik zbornika, a nagrade je dodijelio glavni urednik i v. d. ravnatelja mons. Ivan Mikleni\u0107.<\/p>\n<p><strong>Putopis<\/strong><\/p>\n<p>U \u017eanru putopisa prva je nagrada uru\u010dena Nives Opa\u010di\u0107 iz Zagreba za putopis \u201eSakristanu svih istarskih crkava\u201c, druga nagrada dodijeljena je Biserki Gole\u0161 Glasnovi\u0107 iz Zagreba za putopis \u201eHlibivka\u201c, a tre\u0107a nagrada Tomislavu \u0160ovagovi\u0107u iz Zagreba za putopis \u201eVrpolje(nje) prehodanim susvitom\u201c. Nagrade je u ime pokrovitelja \u201eVeritasa \u2013 Glasnika sv. Antuna Padovanskoga\u201c uru\u010dio fra Tomislav Glavnik, gvardijan samostana franjevaca konventualaca na Svetome Duhu u Zagrebu.<\/p>\n<p><strong>Esej<\/strong><\/p>\n<p>U \u017eanru eseja prva je nagrada pripala Vjekoslavi Jurdana iz Lovrana za esej \u201e<em>Cantare amantes est<\/em> \u2013 Pjevanje je za zaljubljene\u201c, druga nagrada dodijeljena je Zdravku Gavranu za esej \u201eDu\u0161a i duh\u201c, a tre\u0107a nagrada Ru\u017eici Martinovi\u0107-Vlahovi\u0107 iz Slavonskog Broda za esej \u201eMarija svjetlosti puna\u201c. Pokrovitelj te nagrade bila je Hrvatska karmelska provincija, a nagrade je dodijelio prior karmeli\u0107anskog samostana u Splitu o. Zlatko Pletikosi\u0107.<\/p>\n<p><strong>Monodrama<\/strong><\/p>\n<p>U \u017eanru monodrame prvonagra\u0111enim je progla\u0161en rad \u201eTi\u0161ina budnoga ti\u0161lera\u201c autora Tomislava \u0160ovagovi\u0107a iz Zagreba, druga je nagrada dodijeljena \u017deljku Bajzi iz Zagreba za monodramu \u201eBla\u017eenstvo vekive\u010dno\u201c, a tre\u0107a nagrada Nedjeljki Andri\u0107-Novinc iz Slavonskog Broda za monodramu \u201eGora preobra\u017eenja \u2013 putovnica za Nebo\u201c. Pokrovitelj te nagrade bila je Hrvatska dominikanska provincija, a nagradu je u ime Provincije uru\u010dio fr. Ivan Marija Tomi\u0107.<\/p>\n<p>&nbsp;<\/p>\n<p>Predstavnici pokrovitelja dodijelili su 1500 kuna prvonagra\u0111enom autoru, 1000 kuna drugonagra\u0111enom i 500 kuna tre\u0107enagra\u0111enom autoru te po jedno svoje knji\u017eevno izdanje. Nagra\u0111eni su autori u svoje domove ponijeli i izdanja organizatora natje\u010daja i knji\u017eevnoga susreta Udruge za promicanje znamenitih Kri\u017eev\u010dana \u201eDr. Stjepan Kranj\u010di\u0107\u201c, pokrovitelja kri\u017eeva\u010dkih \u017eupa sv. Ane te BDM \u017dalosne i sv. Marka Kri\u017eev\u010danina i Grada Kri\u017eevaca. Uime doma\u0107ina nagra\u0111enima su \u010destitali kri\u017eeva\u010dki gradona\u010delnik Mario Rajn, kri\u017eeva\u010dki \u017eupnici Stjepan Sovi\u010dek i Dra\u017een Hladuvka te \u010dlanovi Upravnog odbora Udruge \u201eDr. Stjepan Kranj\u010di\u0107\u201c \u017deljko \u0160tubelj i Roko Ba\u0161i\u0107. Susretu su nazo\u010dili i izaslanik predsjednika Hrvatskoga sabora saborski zastupnik Branko Hrg i predstavnica Koprivni\u010dko-kri\u017eeva\u010dke \u017eupanije Ana Mu\u0161lek. Knji\u017eevni susret odr\u017ean je uz potporu Ministarstva kulture RH, Grada Kri\u017eevaca, Grada Zagreba, Pu\u010dkog otvorenog u\u010dili\u0161ta Kri\u017eevci, Radnika d. d., KTC-a d. d. i Zadruge \u017dumbar.<\/p>\n<p>Sama sve\u010danost zapo\u010dela je u popodnevnim satima primanjem autora i sudionika u maloj dvorani Hrvatskoga doma. Okupljene je uime doma\u0107ina pozdravila predsjednica Udruge za promicanje znamenitih Kri\u017eev\u010dana \u201eDr. Stjepan Kranj\u010di\u0107\u201c dr. sc. Tanja Baran, a \u010dlan stru\u010dnog ocjenjiva\u010dkog suda mr. sc. Bo\u017eidar Petra\u010d govorio je o vrsno\u0107i radova prispjelih na natje\u010daj koji je bio posve\u0107en Bla\u017eenoj Djevici Mariji te predstavio zbornik izabranih radova \u201eZvijezda jutarnja\u201c.<\/p>\n<p>Uslijedilo je misno slavlje u \u017eupnoj crkvi sv. Ane koje je, uz koncelebraciju nekoliko sve\u0107enika te uz pjevanje \u017eupnoga zbora, predvodio franjevac konventualac fra Tomislav Glavnik. Tri dana uo\u010di 99. godi\u0161njice ro\u0111enja dr. Stjepana Kranj\u010di\u0107a po kojemu Susret nosi ime, o. Glavnik je u propovijedi rekao da je \u017eivotni put Stjepana Kranj\u010di\u0107a ohrabruju\u0107 za dana\u0161nje ljude. \u201eTaj je \u017eupnik \u017eivio ljudskost po kojoj je blizak svima nama, i odli\u010dno je iskoristio svoje vrijeme. Na nama je da odlu\u010dimo ho\u0107emo li u na\u0161im \u017eivotima hraniti strahove koji nam svakodnevno dolaze ili \u0107emo hraniti svoje snove utemeljene na Bo\u017ejim zakonima. Kao vjernici se trebamo odlu\u010diti za ovo drugo jer je na nama da \u017eivimo za ideale ba\u0161 onako kako je \u017eivio \u017eupnik Stjepan Kranj\u010di\u0107\u201c, rekao je u propovijedi o. Glavnik i najavio da \u0107e 2018. biti godina spomena 100. obljetnice Kranj\u010di\u0107eva ro\u0111enja i 50. godi\u0161njice njegove smrti.\u00a0\u00a0\u00a0 \u00a0\u00a0Nakon mise odr\u017ean je knji\u017eevni susret na kojem su dodijeljene nagrade, a vi\u0161e je radova javno izvedeno u interpretaciji dramskih umjetnika Lucije Dujmovi\u0107 i Dubravka Sidora. U glazbenom dijelu programa nastupio je Vokalno-instrumentalni sastav \u201eAmorose\u201c, a voditeljica je bila Tanja Baran.<\/p>\n<p>Nakon natje\u010daja koji je bio otvoren od 15. svibnja do 15. kolovoza 2017., stru\u010dni ocjenjiva\u010dki sud u kojem su bili dr. sc. Vladimir Lon\u010darevi\u0107, mr. sc. Bo\u017eidar Petra\u010d i Drago Bosnar sve je radove, bez znanja o identitetu autora, pro\u010ditao i odlu\u010dio koji \u0107e radovi biti nagra\u0111eni, koji javno izvedeni, a koji objavljeni u zborniku. Na natje\u010daj se javio 141 autor iz Hrvatske, Bosne i Hercegovine, Slovenije, Srbije, Italije, Njema\u010dke i prvi put iz Australije, s ukupno 200 radova (113 pjesama, 52 kratke pri\u010de, 13 putopisa, 16 eseja i 6 monodrama). Od pristiglih radova, 27 je radova izabrano za objavu u zborniku, 9 je radova javno izvedeno, a 15 nagra\u0111eno.<\/p>\n<p>[supsystic-gallery id=10]<\/p>\n<p><strong>\u00a0<\/strong><\/p>\n","protected":false},"excerpt":{"rendered":"<p>U velikoj dvorani Hrvatskoga doma u Kri\u017eevcima u subotu 2. prosinca 2017. odr\u017eana je zavr\u0161na sve\u010danost 9. Susreta hrvatskoga duhovnoga knji\u017eevnoga stvarala\u0161tva \u201eStjepan Kranj\u010di\u0107\u201c na kojoj su, nakon \u0161to je prethodno proveden natje\u010daj, dodijeljene nagrade, vi\u0161e je knji\u017eevnih radova javno izvedeno te je predstavljen zbornik najuspjelijih radova \u201eZvijezda jutarnja\u201c. Rije\u010d&hellip; <\/p>\n","protected":false},"author":1,"featured_media":3991,"comment_status":"closed","ping_status":"closed","sticky":false,"template":"","format":"standard","meta":{"footnotes":""},"categories":[66,67,34],"tags":[],"class_list":["post-3990","post","type-post","status-publish","format-standard","has-post-thumbnail","hentry","category-66","category-9-knjizevni-kranjcic","category-knjizevni-kranjcic"],"_links":{"self":[{"href":"https:\/\/kranjcic.hr\/index.php?rest_route=\/wp\/v2\/posts\/3990","targetHints":{"allow":["GET"]}}],"collection":[{"href":"https:\/\/kranjcic.hr\/index.php?rest_route=\/wp\/v2\/posts"}],"about":[{"href":"https:\/\/kranjcic.hr\/index.php?rest_route=\/wp\/v2\/types\/post"}],"author":[{"embeddable":true,"href":"https:\/\/kranjcic.hr\/index.php?rest_route=\/wp\/v2\/users\/1"}],"replies":[{"embeddable":true,"href":"https:\/\/kranjcic.hr\/index.php?rest_route=%2Fwp%2Fv2%2Fcomments&post=3990"}],"version-history":[{"count":1,"href":"https:\/\/kranjcic.hr\/index.php?rest_route=\/wp\/v2\/posts\/3990\/revisions"}],"predecessor-version":[{"id":4028,"href":"https:\/\/kranjcic.hr\/index.php?rest_route=\/wp\/v2\/posts\/3990\/revisions\/4028"}],"wp:featuredmedia":[{"embeddable":true,"href":"https:\/\/kranjcic.hr\/index.php?rest_route=\/wp\/v2\/media\/3991"}],"wp:attachment":[{"href":"https:\/\/kranjcic.hr\/index.php?rest_route=%2Fwp%2Fv2%2Fmedia&parent=3990"}],"wp:term":[{"taxonomy":"category","embeddable":true,"href":"https:\/\/kranjcic.hr\/index.php?rest_route=%2Fwp%2Fv2%2Fcategories&post=3990"},{"taxonomy":"post_tag","embeddable":true,"href":"https:\/\/kranjcic.hr\/index.php?rest_route=%2Fwp%2Fv2%2Ftags&post=3990"}],"curies":[{"name":"wp","href":"https:\/\/api.w.org\/{rel}","templated":true}]}}