{"id":4031,"date":"2017-05-11T09:37:03","date_gmt":"2017-05-11T09:37:03","guid":{"rendered":"http:\/\/kranjcic.hr\/?p=4031"},"modified":"2017-12-20T09:37:41","modified_gmt":"2017-12-20T09:37:41","slug":"izlozba-hrvatski-sveci-i-blazenici-u-nasem-narodu-ante-mamuse-otvorena-kod-franjevaca-kapucina-u-gornjoj-dubravi","status":"publish","type":"post","link":"https:\/\/kranjcic.hr\/?p=4031","title":{"rendered":"IZLO\u017dBA \u201eHRVATSKI SVECI I BLA\u017dENICI U NA\u0160EM NARODU\u201d ANTE MAMU\u0160E OTVORENA KOD FRANJEVACA KAPUCINA U GORNJOJ DUBRAVI"},"content":{"rendered":"<p>Izlo\u017eba \u201eHrvatski sveci i bla\u017eenici u na\u0161em narodu\u201d akademskog slikara Ante Mamu\u0161e sve\u010dano je otvorena u velikoj dvorani samostana sv. Leopolda Bogdana Mandi\u0107a u zagreba\u010dkoj Gornjoj Dubravi u \u010detvrtak 11. svibnja 2017., dan uo\u010di blagdana sv. Leopolda Bogdana Mandi\u0107a. O izlo\u017ebi su uz autora govorili gvardijan kapucinskoga samostana fra Juro \u0160imi\u0107, vlasnica galerije \u201eLaudato\u201d Ksenija Abramovi\u0107, likovni kriti\u010dar Stanko \u0160poljari\u0107, a izlo\u017ebu je otvorio provincijal Hrvatske kapucinske provincije fra Jure \u0160ar\u010devi\u0107.<\/p>\n<p><!--more--><\/p>\n<p>Gvardijan \u0160imi\u0107 izrazio je zadovoljstvo \u0161to se izlo\u017eba posve\u0107ena najve\u0107im hrvatskim duhovnim velikanima od pro\u0161le godine postavlja u samostanu u Gornjoj Dubravi. Ksenija Abramovi\u0107 govorila je o poticajima za intenzivnije \u0161tovanje hrvatskih svetaca i bla\u017eenika koje godinama kroz izlo\u017ebu daju Laudato likovne galerije, Laudato portal i Laudato televizija, dok je prof. Stanko \u0160poljari\u0107 dao stru\u010dnu analizu izlo\u017eenih radova.<\/p>\n<p>U glazbenom je dijelu otvorenja nastupio VIS Laudato TV, a kroz program je vodila i nekoliko knji\u017eevnih radova posve\u0107enih sv. Leopoldu Bogdanu Mandi\u0107u pro\u010ditala predsjednica Udruge za promicanje znamenitih Kri\u017eev\u010dana \u201eDr. Stjepan Kranj\u010di\u0107\u201d dr. Tanja Baran. Pripovijedala je o osam dosada\u0161njih godina manifestacije Dani hrvatskih svetaca i bla\u017eenika u Kri\u017eevcima te o izlo\u017ebi koja se ve\u0107 nekoliko godina nakon Kri\u017eevaca seli u vi\u0161e hrvatskih sredina, ponajvi\u0161e u dominikanske samostane.<\/p>\n<p>Izlo\u017ebu, koju prati sadr\u017eajan katalog s popisom svih hrvatskih svetaca i bla\u017eenika te slugu i slu\u017ebenica Bo\u017ejih, u zajedni\u0161tvu s kapucinskim samostanom organizirala je Galerija hrvatske sakralne umjetnosti \u201eLaudato\u201d. Prikaz lika pojedinoga sveca uz izraze njegove duhovnosti i svetosti umjetnik Anto Mamu\u0161a izveo je u razli\u010ditim dimenzijama u tehnici akrilika na platnu. Izlo\u017eba \u201eHrvatski sveci i bla\u017eenici u na\u0161em narodu\u201d poznatoga hrvatskog slikara ponajprije je bila oblikovana za 8. Dane hrvatskih svetaca i bla\u017eenika \u0161to su odr\u017eani u Kri\u017eevcima krajem mjeseca svibnja 2016. Zatim je izlo\u017eba bila postavljena u rodnom gradu bl. Augustina Ka\u017eoti\u0107a Trogiru, pa kod dominikanaca u Splitu i na Pe\u0161\u010denici u Zagrebu.<\/p>\n<p>Kod kapucina u Gornjoj Dubravi izlo\u017eba \u0107e se mo\u0107i pogledati do 11. lipnja 2017.<\/p>\n<p>&nbsp;<\/p>\n","protected":false},"excerpt":{"rendered":"<p>Izlo\u017eba \u201eHrvatski sveci i bla\u017eenici u na\u0161em narodu\u201d akademskog slikara Ante Mamu\u0161e sve\u010dano je otvorena u velikoj dvorani samostana sv. Leopolda Bogdana Mandi\u0107a u zagreba\u010dkoj Gornjoj Dubravi u \u010detvrtak 11. svibnja 2017., dan uo\u010di blagdana sv. Leopolda Bogdana Mandi\u0107a. O izlo\u017ebi su uz autora govorili gvardijan kapucinskoga samostana fra Juro&hellip; <\/p>\n","protected":false},"author":1,"featured_media":0,"comment_status":"closed","ping_status":"closed","sticky":false,"template":"","format":"standard","meta":{"footnotes":""},"categories":[66,68,30],"tags":[],"class_list":["post-4031","post","type-post","status-publish","format-standard","hentry","category-66","category-9-dani-hsib","category-dani-hrvatskih-svetaca-i-blazenika"],"_links":{"self":[{"href":"https:\/\/kranjcic.hr\/index.php?rest_route=\/wp\/v2\/posts\/4031","targetHints":{"allow":["GET"]}}],"collection":[{"href":"https:\/\/kranjcic.hr\/index.php?rest_route=\/wp\/v2\/posts"}],"about":[{"href":"https:\/\/kranjcic.hr\/index.php?rest_route=\/wp\/v2\/types\/post"}],"author":[{"embeddable":true,"href":"https:\/\/kranjcic.hr\/index.php?rest_route=\/wp\/v2\/users\/1"}],"replies":[{"embeddable":true,"href":"https:\/\/kranjcic.hr\/index.php?rest_route=%2Fwp%2Fv2%2Fcomments&post=4031"}],"version-history":[{"count":1,"href":"https:\/\/kranjcic.hr\/index.php?rest_route=\/wp\/v2\/posts\/4031\/revisions"}],"predecessor-version":[{"id":4032,"href":"https:\/\/kranjcic.hr\/index.php?rest_route=\/wp\/v2\/posts\/4031\/revisions\/4032"}],"wp:attachment":[{"href":"https:\/\/kranjcic.hr\/index.php?rest_route=%2Fwp%2Fv2%2Fmedia&parent=4031"}],"wp:term":[{"taxonomy":"category","embeddable":true,"href":"https:\/\/kranjcic.hr\/index.php?rest_route=%2Fwp%2Fv2%2Fcategories&post=4031"},{"taxonomy":"post_tag","embeddable":true,"href":"https:\/\/kranjcic.hr\/index.php?rest_route=%2Fwp%2Fv2%2Ftags&post=4031"}],"curies":[{"name":"wp","href":"https:\/\/api.w.org\/{rel}","templated":true}]}}