{"id":4086,"date":"2018-04-04T21:22:25","date_gmt":"2018-04-04T21:22:25","guid":{"rendered":"http:\/\/kranjcic.hr\/?p=4086"},"modified":"2018-11-30T16:29:01","modified_gmt":"2018-11-30T16:29:01","slug":"spomen-svecanost-50-godisnjice-smrti-stjepana-kranjcica-i-otvorenje-godine-stjepana-kranjcica-u-krizevcima","status":"publish","type":"post","link":"https:\/\/kranjcic.hr\/?p=4086","title":{"rendered":"SPOMEN-SVE\u010cANOST 50. GODI\u0160NJICE SMRTI STJEPANA KRANJ\u010cI\u0106A I  OTVORENJE GODINE STJEPANA KRANJ\u010cI\u0106A U KRI\u017dEVCIMA"},"content":{"rendered":"<p>U Kri\u017eevcima \u0107e u utorak 10. travnja 2018. biti odr\u017eana spomen-sve\u010danost 50. godi\u0161njice smrti kri\u017eeva\u010dkoga \u017eupnika na glasu svetosti Stjepana Kranj\u010di\u0107a (1918. \u2013 1968.) te \u0107e biti otvorena Godina Stjepana Kranj\u010di\u0107a za Kri\u017eevce i kri\u017eeva\u010dki kraj. Tom \u0107e prigodom biti proslavljena i 10. obljetnica Udruge za promicanje znamenitih Kri\u017eev\u010dana \u201eDr. Stjepan Kranj\u010di\u0107\u201c koja se, izme\u0111u ostalog, bavi promicanjem \u0161tovanja kri\u017eeva\u010dkoga \u017eupnika na glasu svetosti.<\/p>\n<p><!--more--><\/p>\n<p>Spomen-sve\u010danost zapo\u010det \u0107e u 17.30 sati polaganjem vijenaca na Kranj\u010di\u0107ev grob na kri\u017eeva\u010dkom Gradskom groblju.<\/p>\n<p>U 18.30 u \u017eupnoj \u0107e crkvi sv. Ane biti odr\u017ean molitveni, knji\u017eevni i glazbeni program u Kranj\u010di\u0107evu \u010dast.<\/p>\n<p>Euharistijsko spomen-slavlje posve\u0107eno Stjepanu Kranj\u010di\u0107u u 19.00 \u0107e sati predvoditi bjelovarsko-kri\u017eeva\u010dki biskup mons. dr. Vjekoslav Huzjak. Tom \u0107e prilikom biskup otvoriti Godinu Stjepana Kranj\u010di\u0107a za Kri\u017eevce i kri\u017eeva\u010dki kraj. Misu \u0107e glazbeno animirati zbor \u017eupe sv. Ane.<\/p>\n<p>U crkvi \u0107e zatim biti predstavljena monografija \u201eZvijezda sjajna\u201c posve\u0107ena 10. obljetnici djelovanja Udruge \u201eDr. Stjepan Kranj\u010di\u0107\u201c autorice Tanje Baran. O knjizi \u0107e govoriti v. d. direktora i glavni urednik Glasa Koncila mons. Ivan Mikleni\u0107, knji\u017eevni povjesni\u010dar doc. dr. Vladimir Lon\u010darevi\u0107, provincijal Hrvatske kapucinske provincije fra Jure \u0160ar\u010devi\u0107 i autorica monografije predsjednica Udruge \u201eDr. Stjepan Kranj\u010di\u0107\u201c dr. sc. Tanja Baran. U glazbenom \u0107e dijelu programa nastupiti VS \u201eAllegro\u201c i nekada\u0161nja Kranj\u010di\u0107eva vjerou\u010denica kantautorica Daniela Sisgoreo Morsan.<\/p>\n<p>Organizatori proslave Kranj\u010di\u0107eva spomendana su Udruga za promicanje znamenitih Kri\u017eev\u010dana \u201eDr. Stjepan Kranj\u010di\u0107\u201c te kri\u017eeva\u010dke \u017eupe sv. Ane te BDM \u017dalosne i sv. Marka Kri\u017eev\u010danina.<\/p>\n<p>&nbsp;<\/p>\n\n\t\t<style type=\"text\/css\">\n\t\t\t#gallery-1 {\n\t\t\t\tmargin: auto;\n\t\t\t}\n\t\t\t#gallery-1 .gallery-item {\n\t\t\t\tfloat: left;\n\t\t\t\tmargin-top: 10px;\n\t\t\t\ttext-align: center;\n\t\t\t\twidth: 33%;\n\t\t\t}\n\t\t\t#gallery-1 img {\n\t\t\t\tborder: 2px solid #cfcfcf;\n\t\t\t}\n\t\t\t#gallery-1 .gallery-caption {\n\t\t\t\tmargin-left: 0;\n\t\t\t}\n\t\t\t\/* see gallery_shortcode() in wp-includes\/media.php *\/\n\t\t<\/style>\n\t\t<div id='gallery-1' class='gallery galleryid-4086 gallery-columns-3 gallery-size-thumbnail'><dl class='gallery-item'>\n\t\t\t<dt class='gallery-icon portrait'>\n\t\t\t\t<a href='https:\/\/kranjcic.hr\/wp-content\/uploads\/2018\/04\/Monografija-Zvijezda-sjajna-3d-naslovnica.jpg'><img loading=\"lazy\" decoding=\"async\" width=\"77\" height=\"120\" src=\"https:\/\/kranjcic.hr\/wp-content\/uploads\/2018\/04\/Monografija-Zvijezda-sjajna-3d-naslovnica-77x120.jpg\" class=\"attachment-thumbnail size-thumbnail\" alt=\"\" srcset=\"https:\/\/kranjcic.hr\/wp-content\/uploads\/2018\/04\/Monografija-Zvijezda-sjajna-3d-naslovnica-77x120.jpg 77w, https:\/\/kranjcic.hr\/wp-content\/uploads\/2018\/04\/Monografija-Zvijezda-sjajna-3d-naslovnica-97x150.jpg 97w, https:\/\/kranjcic.hr\/wp-content\/uploads\/2018\/04\/Monografija-Zvijezda-sjajna-3d-naslovnica-659x1024.jpg 659w, https:\/\/kranjcic.hr\/wp-content\/uploads\/2018\/04\/Monografija-Zvijezda-sjajna-3d-naslovnica.jpg 1356w\" sizes=\"auto, (max-width: 77px) 100vw, 77px\" \/><\/a>\n\t\t\t<\/dt><\/dl><dl class='gallery-item'>\n\t\t\t<dt class='gallery-icon portrait'>\n\t\t\t\t<a href='https:\/\/kranjcic.hr\/wp-content\/uploads\/2018\/04\/Kranj\u010di\u0107evo-2018.-pozivnica-vanjska.jpg'><img loading=\"lazy\" decoding=\"async\" width=\"118\" height=\"120\" src=\"https:\/\/kranjcic.hr\/wp-content\/uploads\/2018\/04\/Kranj\u010di\u0107evo-2018.-pozivnica-vanjska-118x120.jpg\" class=\"attachment-thumbnail size-thumbnail\" alt=\"\" srcset=\"https:\/\/kranjcic.hr\/wp-content\/uploads\/2018\/04\/Kranj\u010di\u0107evo-2018.-pozivnica-vanjska-118x120.jpg 118w, https:\/\/kranjcic.hr\/wp-content\/uploads\/2018\/04\/Kranj\u010di\u0107evo-2018.-pozivnica-vanjska-147x150.jpg 147w, https:\/\/kranjcic.hr\/wp-content\/uploads\/2018\/04\/Kranj\u010di\u0107evo-2018.-pozivnica-vanjska-1004x1024.jpg 1004w, https:\/\/kranjcic.hr\/wp-content\/uploads\/2018\/04\/Kranj\u010di\u0107evo-2018.-pozivnica-vanjska.jpg 1623w\" sizes=\"auto, (max-width: 118px) 100vw, 118px\" \/><\/a>\n\t\t\t<\/dt><\/dl><dl class='gallery-item'>\n\t\t\t<dt class='gallery-icon portrait'>\n\t\t\t\t<a href='https:\/\/kranjcic.hr\/wp-content\/uploads\/2018\/04\/Kranj\u010di\u0107evo-2018.-plakat.jpg'><img loading=\"lazy\" decoding=\"async\" width=\"85\" height=\"120\" src=\"https:\/\/kranjcic.hr\/wp-content\/uploads\/2018\/04\/Kranj\u010di\u0107evo-2018.-plakat-85x120.jpg\" class=\"attachment-thumbnail size-thumbnail\" alt=\"\" srcset=\"https:\/\/kranjcic.hr\/wp-content\/uploads\/2018\/04\/Kranj\u010di\u0107evo-2018.-plakat-85x120.jpg 85w, https:\/\/kranjcic.hr\/wp-content\/uploads\/2018\/04\/Kranj\u010di\u0107evo-2018.-plakat-107x150.jpg 107w, https:\/\/kranjcic.hr\/wp-content\/uploads\/2018\/04\/Kranj\u010di\u0107evo-2018.-plakat-728x1024.jpg 728w, https:\/\/kranjcic.hr\/wp-content\/uploads\/2018\/04\/Kranj\u010di\u0107evo-2018.-plakat.jpg 1654w\" sizes=\"auto, (max-width: 85px) 100vw, 85px\" \/><\/a>\n\t\t\t<\/dt><\/dl><br style=\"clear: both\" \/>\n\t\t<\/div>\n\n<p><strong>\u00a0<\/strong><\/p>\n","protected":false},"excerpt":{"rendered":"<p>U Kri\u017eevcima \u0107e u utorak 10. travnja 2018. biti odr\u017eana spomen-sve\u010danost 50. godi\u0161njice smrti kri\u017eeva\u010dkoga \u017eupnika na glasu svetosti Stjepana Kranj\u010di\u0107a (1918. \u2013 1968.) te \u0107e biti otvorena Godina Stjepana Kranj\u010di\u0107a za Kri\u017eevce i kri\u017eeva\u010dki kraj. Tom \u0107e prigodom biti proslavljena i 10. obljetnica Udruge za promicanje znamenitih Kri\u017eev\u010dana \u201eDr.&hellip; <\/p>\n","protected":false},"author":1,"featured_media":4087,"comment_status":"closed","ping_status":"closed","sticky":false,"template":"","format":"standard","meta":{"footnotes":""},"categories":[70,35],"tags":[],"class_list":["post-4086","post","type-post","status-publish","format-standard","has-post-thumbnail","hentry","category-70","category-kranjcicevo"],"_links":{"self":[{"href":"https:\/\/kranjcic.hr\/index.php?rest_route=\/wp\/v2\/posts\/4086","targetHints":{"allow":["GET"]}}],"collection":[{"href":"https:\/\/kranjcic.hr\/index.php?rest_route=\/wp\/v2\/posts"}],"about":[{"href":"https:\/\/kranjcic.hr\/index.php?rest_route=\/wp\/v2\/types\/post"}],"author":[{"embeddable":true,"href":"https:\/\/kranjcic.hr\/index.php?rest_route=\/wp\/v2\/users\/1"}],"replies":[{"embeddable":true,"href":"https:\/\/kranjcic.hr\/index.php?rest_route=%2Fwp%2Fv2%2Fcomments&post=4086"}],"version-history":[{"count":2,"href":"https:\/\/kranjcic.hr\/index.php?rest_route=\/wp\/v2\/posts\/4086\/revisions"}],"predecessor-version":[{"id":4151,"href":"https:\/\/kranjcic.hr\/index.php?rest_route=\/wp\/v2\/posts\/4086\/revisions\/4151"}],"wp:featuredmedia":[{"embeddable":true,"href":"https:\/\/kranjcic.hr\/index.php?rest_route=\/wp\/v2\/media\/4087"}],"wp:attachment":[{"href":"https:\/\/kranjcic.hr\/index.php?rest_route=%2Fwp%2Fv2%2Fmedia&parent=4086"}],"wp:term":[{"taxonomy":"category","embeddable":true,"href":"https:\/\/kranjcic.hr\/index.php?rest_route=%2Fwp%2Fv2%2Fcategories&post=4086"},{"taxonomy":"post_tag","embeddable":true,"href":"https:\/\/kranjcic.hr\/index.php?rest_route=%2Fwp%2Fv2%2Ftags&post=4086"}],"curies":[{"name":"wp","href":"https:\/\/api.w.org\/{rel}","templated":true}]}}