{"id":4096,"date":"2018-04-09T22:03:48","date_gmt":"2018-04-09T22:03:48","guid":{"rendered":"http:\/\/kranjcic.hr\/?p=4096"},"modified":"2018-11-30T16:28:52","modified_gmt":"2018-11-30T16:28:52","slug":"otisnute-slicice-s-molitvom-za-otvorenje-procesa-za-proglasenje-blazenim-stjepana-kranjcica","status":"publish","type":"post","link":"https:\/\/kranjcic.hr\/?p=4096","title":{"rendered":"OTISNUTE SLI\u010cICE S MOLITVOM ZA OTVORENJE PROCESA ZA PROGLA\u0160ENJE BLA\u017dENIM STJEPANA KRANJ\u010cI\u0106A"},"content":{"rendered":"<p>Povodom\u00a050 godina Kranj\u010di\u0107eve smrti\u00a0biskup Vjekoslav Huzjak otvorio je Godinu Stjepana Kranj\u010di\u0107a za Kri\u017eevce i kri\u017eeva\u010dki kraj te je za tu prigodu preuredio postoje\u0107u molitvu\u00a0za otvorenje procesa za progla\u0161enje bla\u017eenim Stjepana Kranj\u010di\u0107a. Spomen-sli\u010dica s preure\u0111enom molitvom mo\u017ee se nabaviti u \u017eupi ili preuzeti\u00a0<a href=\"https:\/\/kranjcic.hr\/wp-content\/uploads\/2018\/04\/Spomen-sli\u010dica-Stjepan-Kranj\u010di\u0107-2018..pdf\" target=\"_blank\" rel=\"noopener\">ovdje<\/a>.<\/p>\n<p><!--more--><\/p>\n<p>&nbsp;<\/p>\n<p><span style=\"color: #008080;\"><em>Dragi Bo\u017ee!<\/em><\/span><\/p>\n<p><span style=\"color: #008080;\"><em>Slugu svojega Stjepana Kranj\u010di\u0107a obdario si milosnim darom sve\u0107eni\u0161tva. Sve\u0107eni\u010dku slu\u017ebu nastojao je vr\u0161iti u potpunom predanju i vjernosti Tvojoj svetoj volji. Radosnim navije\u0161tanjem Tvoje rije\u010di i slavljenjem svetih otajstava vodio je povjereni mu narod putevima vjere, nade i ljubavi.\u00a0I u te\u0161kim trenucima protivljenja ustrajao je na putu sve\u0107eni\u010dkog slu\u017eenja i brige za svakoga \u010dovjeka.<\/em><\/span><\/p>\n<p><span style=\"color: #008080;\"><em>Gospodine, daj da i moja vjera, kao i moje vjerni\u010dko slu\u017eenje u svijetu, rastu po uzoru na sve\u0107eni\u010dki \u017eivot i predanje Tvojega sluge Stjepana Kranj\u010di\u0107a.\u00a0Ako je volja Tvoja, molimo Te, Gospodine, za pokretanje postupka za progla\u0161enje bla\u017eenim Tvojega sluge sve\u0107enika Stjepana.<\/em><\/span><\/p>\n<p><span style=\"color: #008080;\"><em>Amen.<\/em><\/span><\/p>\n","protected":false},"excerpt":{"rendered":"<p>Povodom\u00a050 godina Kranj\u010di\u0107eve smrti\u00a0biskup Vjekoslav Huzjak otvorio je Godinu Stjepana Kranj\u010di\u0107a za Kri\u017eevce i kri\u017eeva\u010dki kraj te je za tu prigodu preuredio postoje\u0107u molitvu\u00a0za otvorenje procesa za progla\u0161enje bla\u017eenim Stjepana Kranj\u010di\u0107a. Spomen-sli\u010dica s preure\u0111enom molitvom mo\u017ee se nabaviti u \u017eupi ili preuzeti\u00a0ovdje.<\/p>\n","protected":false},"author":1,"featured_media":4100,"comment_status":"closed","ping_status":"closed","sticky":false,"template":"","format":"standard","meta":{"footnotes":""},"categories":[70,18],"tags":[],"class_list":["post-4096","post","type-post","status-publish","format-standard","has-post-thumbnail","hentry","category-70","category-zbivanja"],"_links":{"self":[{"href":"https:\/\/kranjcic.hr\/index.php?rest_route=\/wp\/v2\/posts\/4096","targetHints":{"allow":["GET"]}}],"collection":[{"href":"https:\/\/kranjcic.hr\/index.php?rest_route=\/wp\/v2\/posts"}],"about":[{"href":"https:\/\/kranjcic.hr\/index.php?rest_route=\/wp\/v2\/types\/post"}],"author":[{"embeddable":true,"href":"https:\/\/kranjcic.hr\/index.php?rest_route=\/wp\/v2\/users\/1"}],"replies":[{"embeddable":true,"href":"https:\/\/kranjcic.hr\/index.php?rest_route=%2Fwp%2Fv2%2Fcomments&post=4096"}],"version-history":[{"count":4,"href":"https:\/\/kranjcic.hr\/index.php?rest_route=\/wp\/v2\/posts\/4096\/revisions"}],"predecessor-version":[{"id":4150,"href":"https:\/\/kranjcic.hr\/index.php?rest_route=\/wp\/v2\/posts\/4096\/revisions\/4150"}],"wp:featuredmedia":[{"embeddable":true,"href":"https:\/\/kranjcic.hr\/index.php?rest_route=\/wp\/v2\/media\/4100"}],"wp:attachment":[{"href":"https:\/\/kranjcic.hr\/index.php?rest_route=%2Fwp%2Fv2%2Fmedia&parent=4096"}],"wp:term":[{"taxonomy":"category","embeddable":true,"href":"https:\/\/kranjcic.hr\/index.php?rest_route=%2Fwp%2Fv2%2Fcategories&post=4096"},{"taxonomy":"post_tag","embeddable":true,"href":"https:\/\/kranjcic.hr\/index.php?rest_route=%2Fwp%2Fv2%2Ftags&post=4096"}],"curies":[{"name":"wp","href":"https:\/\/api.w.org\/{rel}","templated":true}]}}