{"id":4105,"date":"2018-04-11T11:39:56","date_gmt":"2018-04-11T11:39:56","guid":{"rendered":"http:\/\/kranjcic.hr\/?p=4105"},"modified":"2018-11-30T16:28:35","modified_gmt":"2018-11-30T16:28:35","slug":"odrzana-spomen-svecanost-50-godisnjice-smrti-stjepana-kranjcica-i-otvorena-kranjcicu-posvecena-godina","status":"publish","type":"post","link":"https:\/\/kranjcic.hr\/?p=4105","title":{"rendered":"ODR\u017dANA SPOMEN-SVE\u010cANOST 50. GODI\u0160NJICE SMRTI STJEPANA KRANJ\u010cI\u0106A I OTVORENA KRANJ\u010cI\u0106U POSVE\u0106ENA GODINA"},"content":{"rendered":"<p>Sve\u010danim misnim slavljem koje je u kri\u017eeva\u010dkoj crkvi sv. Ane, uz koncelebraciju \u0161esnaestorice sve\u0107enika, predslavio bjelovarsko-kri\u017eeva\u010dki biskup mons. Vjekoslav Huzjak te predstavljanjem monografije \u201eZvijezda sjajna\u201c o 10-godi\u0161njem djelovanju Udruge \u201eDr. Stjepan Kranj\u010di\u0107\u201c autorice Tanje Baran, u Kri\u017eevcima je u utorak 10. travnja 2018. odr\u017eana spomen-sve\u010danost 50. godi\u0161njice smrti kri\u017eeva\u010dkoga \u017eupnika na glasu svetosti Stjepana Kranj\u010di\u0107a. Tom je prilikom biskup Huzjak otvorio Godinu Stjepana Kranj\u010di\u0107a koja \u0107e trajati do 10. travnja 2019.<\/p>\n<p>Mjesni je biskup u propovijedi govorio o Kranj\u010di\u0107u kao o osobi koja je prihvatila sve\u0107eni\u010dki poziv kako bi slu\u017eila Crkvi i narodu. Podsjetio je da je Kranj\u010di\u0107a 1943. zaredio nadbiskup Alojzije Stepinac, da je Kranj\u010di\u0107 bio iznimno povezan sa Stepincem pa da je zbog ustrajnosti na Stepin\u010devoj liniji i bio potjeran iz Zagreba. \u201eNo, sve\u0107enika se ne mo\u017ee sasvim maknuti, on negdje mora biti pa se tako i Stjepan Kranj\u010di\u0107 na\u0161ao u Kri\u017eevcima te se maksimalno posvetio pastoralu, djeci, mladima, starima, vodio je brigu o sakramentima, o materijalnim stvarima\u201c, istaknuo je biskup i rekao da je Kranj\u010di\u0107 svakodnevno \u017eivio po Kristovu primjeru i da je svoje vjernike neumorno zvao na takav \u017eivot. \u201eUdruga za promicanje znamenitih Kri\u017eev\u010dana &#8216;Dr. Stjepan Kranj\u010di\u0107&#8217;, koja deset godina djeluje pod Kranj\u010di\u0107evim imenom, po njegovu je primjeru sve ove godine davala lijepe doprinose u crkvenom \u017eivotu, u svijetu kulture i dru\u0161tva, \u010dlanovi te udruge kroz svoje programe nastoje svjedo\u010diti vrijednosti kojima treba u\u010diti djecu, mlade, sve nara\u0161taje\u201c, naglasio je biskup Huzjak.<\/p>\n<p>Na kraju mise biskup je u povodu ovogodi\u0161njih jubileja, 100. obljetnice Kranj\u010di\u0107eva ro\u0111enja i 50. godi\u0161njice smrti, otvorio Godinu Stjepana Kranj\u010di\u0107a za Kri\u017eevce i kri\u017eeva\u010dki kraj te je potaknuo na molitvu za otvorenje procesa za progla\u0161enje Kranj\u010di\u0107a bla\u017eenim. \u201eMolimo da nam Bog dade znak da spoznamo jesmo li bili preuzetni kada smo mislili da bi Kranj\u010di\u0107a trebalo proglasiti bla\u017eenim ili smo pak u cijelom procesu prespori\u201c, zaklju\u010dio je biskup Huzjak.<\/p>\n<p>Na kraju mise zahvalne je pozdrave uputio doma\u0107in \u017eupnik \u017eupe sv. Ane Stjepan Sovi\u010dek, a glazbeni je obol misnoj sve\u010danosti dao zbor \u017eupe sv. Ane.<\/p>\n<p>Nakon toga je predstavljena monografija \u201eZvijezda sjajna\u201c Tanje Baran, predsjednice Udruge za promicanje znamenitih Kri\u017eev\u010dana \u201eDr. Stjepan Kranj\u010di\u0107\u201c. O knjizi su govorili v. d. direktora i glavni urednik Glasa Koncila mons. Ivan Mikleni\u0107, knji\u017eevni povjesni\u010dar Vladimir Lon\u010darevi\u0107 i provincijal Hrvatske kapucinske provincije fra Jure \u0160ar\u010devi\u0107. Glazbeno su sve\u010danost predstavljanja pjesmama o Stjepanu Kranj\u010di\u0107u svojim pjevom obogatile \u010dlanice VS \u201eAllegro\u201c te kantautorica popularne duhovne glazbe i nekada\u0161nja Kranj\u010di\u0107eva vjerou\u010denica Daniela Sisgoreo Morsan.<\/p>\n<p>Opse\u017ena monografija donosi prikaz nastanka i prvih dana Udruge, zatim se prati Godina Stjepana Kranj\u010di\u0107a koja je uz 90 godina smrti i 40 godina Kranj\u010di\u0107eva ro\u0111enja trajala od 10. travnja 2008. do 10. travnja 2009., u knjizi se prate i ostale plodonosne godine s naglaskom na proslave spomendana Stjepana Kranj\u010di\u0107a, svetkovine sv. Marka Kri\u017eev\u010danina i ostalih znamenitih kri\u017eeva\u010dkih ljudi. Zasebna su poglavlja posve\u0107ena manifestacijama iz kr\u0161\u0107anske kulture na nacionalnoj razini, a koje organizira Udruga poput Dana hrvatskih svetaca i bla\u017eenika, Susreta hrvatskoga duhovnoga knji\u017eevnoga stvarala\u0161tva \u201eStjepan Kranj\u010di\u0107\u201c (\u201eKnji\u017eevni Kranj\u010di\u0107\u201c) i Susreta hrvatskoga dje\u010djega duhovnoga stvarala\u0161tva \u201eStjepan Kranj\u010di\u0107\u201c (\u201eDje\u010dji Kranj\u010di\u0107\u201c) te bijenalnoga znanstvenog skupa \u201eHrvatska knji\u017eevnost kr\u0161\u0107anskoga nadahnu\u0107a\u201c. Pri kraju spomenice dan je kra\u0107i prikaz djelovanja molitvene zajednice \u201eStjepan Kranj\u010di\u0107\u201c koja djeluje kao molitvena zajednica kri\u017eeva\u010dkih \u017eupa, a koja je nastala na inicijativu \u010dlanova Udruge. Predgovor su monografiji napisali predsjednik HBK mons. \u017delimir Pulji\u0107, biskup Vjekoslav Huzjak, mons. Ivan Mikleni\u0107 te kri\u017eeva\u010dki gradona\u010delnik Mario Rajn. Spomenica zavr\u0161ava popisom izdanja i naslovnicama izdanja Udruge, izborom napisa o Udruzi iz tiska te rubrikom \u201eRekli su o Udruzi\u201c u kojoj je 31 osoba iz crkvenoga i kulturnoga \u017eivota, koja je sura\u0111ivala u programima Udruge, napisala svoje mi\u0161ljenje o doprinosu Udruge Crkvi u Hrvatskoj, dru\u0161tvu i kulturi. Monografija, ispisana na oko 430 stranica A4 formata te uz vi\u0161e od 1500 fotografija, jest prikaz bogatoga 10-godi\u0161njeg rada Udruge, ali je i svojevrsna kronika crkvenoga \u017eivota u Hrvatskoj te kri\u017eeva\u010dka crkvena i dru\u0161tvena kronika. Ona svjedo\u010di o tome kako vjernici laici organizirani u civilnu udrugu, uz puno entuzijazma i dobre volje, te u suradnji sa slu\u017ebenim crkvenim i civilnim vlastima, mogu davati iznimne doprinose u promicanju kr\u0161\u0107anskih vrijednosti i op\u0107ega dobra.<\/p>\n<p>Misi i predstavljanju monografije prethodio je molitveni, knji\u017eevni i glazbeni program Stjepanu Kranj\u010di\u0107u u \u010dast koji su u \u017eupnoj crkvi sv. Ane izvele \u010dlanice Udruge.<\/p>\n<p>Prije toga je odr\u017eana sve\u010danost polaganja vijenaca na Kranj\u010di\u0107evu grobu na kri\u017eeva\u010dkom Gradskom groblju. Obred je predvodio \u017eupnik Sovi\u010dek, \u010dlanice Udruge interpretirale su Kranj\u010di\u0107evu poeziju, a izmoljena je i molitva za otvorenje procesa za progla\u0161enje bla\u017eenim Stjepana Kranj\u010di\u0107a koja je objavljena na prigodnoj spomen-sli\u010dici.<\/p>\n<p>Ove 2018. godine slavit \u0107e se i 100. godi\u0161njica Kranj\u010di\u0107eva ro\u0111enja 5. prosinca u njegovu rodnom Petrijancu kraj Vara\u017edina te dan poslije u Kri\u017eevcima. U ovoj godini jubileja Udruga \u0107e od 24. do 27. svibnja organizirati i 10. Dane hrvatskih svetaca i bla\u017eenika te 1. prosinca 10. Susret hrvatskoga duhovnoga knji\u017eevnoga stvarala\u0161tva \u201eStjepan Kranj\u010di\u0107\u201c.<\/p>\n\n\t\t<style type=\"text\/css\">\n\t\t\t#gallery-1 {\n\t\t\t\tmargin: auto;\n\t\t\t}\n\t\t\t#gallery-1 .gallery-item {\n\t\t\t\tfloat: left;\n\t\t\t\tmargin-top: 10px;\n\t\t\t\ttext-align: center;\n\t\t\t\twidth: 33%;\n\t\t\t}\n\t\t\t#gallery-1 img {\n\t\t\t\tborder: 2px solid #cfcfcf;\n\t\t\t}\n\t\t\t#gallery-1 .gallery-caption {\n\t\t\t\tmargin-left: 0;\n\t\t\t}\n\t\t\t\/* see gallery_shortcode() in wp-includes\/media.php *\/\n\t\t<\/style>\n\t\t<div id='gallery-1' class='gallery galleryid-4105 gallery-columns-3 gallery-size-thumbnail'><dl class='gallery-item'>\n\t\t\t<dt class='gallery-icon landscape'>\n\t\t\t\t<a href='https:\/\/kranjcic.hr\/wp-content\/uploads\/2018\/04\/007-Molitva-na-groblju-1.jpg'><img loading=\"lazy\" decoding=\"async\" width=\"120\" height=\"80\" src=\"https:\/\/kranjcic.hr\/wp-content\/uploads\/2018\/04\/007-Molitva-na-groblju-1-120x80.jpg\" class=\"attachment-thumbnail size-thumbnail\" alt=\"\" srcset=\"https:\/\/kranjcic.hr\/wp-content\/uploads\/2018\/04\/007-Molitva-na-groblju-1-120x80.jpg 120w, https:\/\/kranjcic.hr\/wp-content\/uploads\/2018\/04\/007-Molitva-na-groblju-1-200x133.jpg 200w, https:\/\/kranjcic.hr\/wp-content\/uploads\/2018\/04\/007-Molitva-na-groblju-1.jpg 800w\" sizes=\"auto, (max-width: 120px) 100vw, 120px\" \/><\/a>\n\t\t\t<\/dt><\/dl><dl class='gallery-item'>\n\t\t\t<dt class='gallery-icon portrait'>\n\t\t\t\t<a href='https:\/\/kranjcic.hr\/wp-content\/uploads\/2018\/04\/008-Na-grobu-Stjepana-Kranj\u010di\u0107a-1.jpg'><img loading=\"lazy\" decoding=\"async\" width=\"80\" height=\"120\" src=\"https:\/\/kranjcic.hr\/wp-content\/uploads\/2018\/04\/008-Na-grobu-Stjepana-Kranj\u010di\u0107a-1-80x120.jpg\" class=\"attachment-thumbnail size-thumbnail\" alt=\"\" srcset=\"https:\/\/kranjcic.hr\/wp-content\/uploads\/2018\/04\/008-Na-grobu-Stjepana-Kranj\u010di\u0107a-1-80x120.jpg 80w, https:\/\/kranjcic.hr\/wp-content\/uploads\/2018\/04\/008-Na-grobu-Stjepana-Kranj\u010di\u0107a-1-100x150.jpg 100w, https:\/\/kranjcic.hr\/wp-content\/uploads\/2018\/04\/008-Na-grobu-Stjepana-Kranj\u010di\u0107a-1.jpg 533w\" sizes=\"auto, (max-width: 80px) 100vw, 80px\" \/><\/a>\n\t\t\t<\/dt><\/dl><dl class='gallery-item'>\n\t\t\t<dt class='gallery-icon landscape'>\n\t\t\t\t<a href='https:\/\/kranjcic.hr\/wp-content\/uploads\/2018\/04\/001Misa-1.jpg'><img loading=\"lazy\" decoding=\"async\" width=\"120\" height=\"80\" src=\"https:\/\/kranjcic.hr\/wp-content\/uploads\/2018\/04\/001Misa-1-120x80.jpg\" class=\"attachment-thumbnail size-thumbnail\" alt=\"\" srcset=\"https:\/\/kranjcic.hr\/wp-content\/uploads\/2018\/04\/001Misa-1-120x80.jpg 120w, https:\/\/kranjcic.hr\/wp-content\/uploads\/2018\/04\/001Misa-1-200x133.jpg 200w, https:\/\/kranjcic.hr\/wp-content\/uploads\/2018\/04\/001Misa-1.jpg 800w\" sizes=\"auto, (max-width: 120px) 100vw, 120px\" \/><\/a>\n\t\t\t<\/dt><\/dl><br style=\"clear: both\" \/><dl class='gallery-item'>\n\t\t\t<dt class='gallery-icon landscape'>\n\t\t\t\t<a href='https:\/\/kranjcic.hr\/wp-content\/uploads\/2018\/04\/002-Misa-1-.jpg'><img loading=\"lazy\" decoding=\"async\" width=\"120\" height=\"80\" src=\"https:\/\/kranjcic.hr\/wp-content\/uploads\/2018\/04\/002-Misa-1--120x80.jpg\" class=\"attachment-thumbnail size-thumbnail\" alt=\"\" srcset=\"https:\/\/kranjcic.hr\/wp-content\/uploads\/2018\/04\/002-Misa-1--120x80.jpg 120w, https:\/\/kranjcic.hr\/wp-content\/uploads\/2018\/04\/002-Misa-1--200x133.jpg 200w, https:\/\/kranjcic.hr\/wp-content\/uploads\/2018\/04\/002-Misa-1-.jpg 800w\" sizes=\"auto, (max-width: 120px) 100vw, 120px\" \/><\/a>\n\t\t\t<\/dt><\/dl><dl class='gallery-item'>\n\t\t\t<dt class='gallery-icon landscape'>\n\t\t\t\t<a href='https:\/\/kranjcic.hr\/wp-content\/uploads\/2018\/04\/003-Misa-1.jpg'><img loading=\"lazy\" decoding=\"async\" width=\"120\" height=\"80\" src=\"https:\/\/kranjcic.hr\/wp-content\/uploads\/2018\/04\/003-Misa-1-120x80.jpg\" class=\"attachment-thumbnail size-thumbnail\" alt=\"\" srcset=\"https:\/\/kranjcic.hr\/wp-content\/uploads\/2018\/04\/003-Misa-1-120x80.jpg 120w, https:\/\/kranjcic.hr\/wp-content\/uploads\/2018\/04\/003-Misa-1-200x133.jpg 200w, https:\/\/kranjcic.hr\/wp-content\/uploads\/2018\/04\/003-Misa-1.jpg 800w\" sizes=\"auto, (max-width: 120px) 100vw, 120px\" \/><\/a>\n\t\t\t<\/dt><\/dl><dl class='gallery-item'>\n\t\t\t<dt class='gallery-icon landscape'>\n\t\t\t\t<a href='https:\/\/kranjcic.hr\/wp-content\/uploads\/2018\/04\/004-Misa-1.jpg'><img loading=\"lazy\" decoding=\"async\" width=\"120\" height=\"80\" src=\"https:\/\/kranjcic.hr\/wp-content\/uploads\/2018\/04\/004-Misa-1-120x80.jpg\" class=\"attachment-thumbnail size-thumbnail\" alt=\"\" srcset=\"https:\/\/kranjcic.hr\/wp-content\/uploads\/2018\/04\/004-Misa-1-120x80.jpg 120w, https:\/\/kranjcic.hr\/wp-content\/uploads\/2018\/04\/004-Misa-1-200x133.jpg 200w, https:\/\/kranjcic.hr\/wp-content\/uploads\/2018\/04\/004-Misa-1.jpg 800w\" sizes=\"auto, (max-width: 120px) 100vw, 120px\" \/><\/a>\n\t\t\t<\/dt><\/dl><br style=\"clear: both\" \/><dl class='gallery-item'>\n\t\t\t<dt class='gallery-icon landscape'>\n\t\t\t\t<a href='https:\/\/kranjcic.hr\/wp-content\/uploads\/2018\/04\/005-Predstavljanje-monografije-Zvijezda-sjajna-1-.jpg'><img loading=\"lazy\" decoding=\"async\" width=\"120\" height=\"80\" src=\"https:\/\/kranjcic.hr\/wp-content\/uploads\/2018\/04\/005-Predstavljanje-monografije-Zvijezda-sjajna-1--120x80.jpg\" class=\"attachment-thumbnail size-thumbnail\" alt=\"\" srcset=\"https:\/\/kranjcic.hr\/wp-content\/uploads\/2018\/04\/005-Predstavljanje-monografije-Zvijezda-sjajna-1--120x80.jpg 120w, https:\/\/kranjcic.hr\/wp-content\/uploads\/2018\/04\/005-Predstavljanje-monografije-Zvijezda-sjajna-1--200x133.jpg 200w, https:\/\/kranjcic.hr\/wp-content\/uploads\/2018\/04\/005-Predstavljanje-monografije-Zvijezda-sjajna-1-.jpg 800w\" sizes=\"auto, (max-width: 120px) 100vw, 120px\" \/><\/a>\n\t\t\t<\/dt><\/dl><dl class='gallery-item'>\n\t\t\t<dt class='gallery-icon portrait'>\n\t\t\t\t<a href='https:\/\/kranjcic.hr\/wp-content\/uploads\/2018\/04\/006-Monografija-Zvijezda-sjajna-3d-naslovnica-1.jpg'><img loading=\"lazy\" decoding=\"async\" width=\"77\" height=\"120\" src=\"https:\/\/kranjcic.hr\/wp-content\/uploads\/2018\/04\/006-Monografija-Zvijezda-sjajna-3d-naslovnica-1-77x120.jpg\" class=\"attachment-thumbnail size-thumbnail\" alt=\"\" srcset=\"https:\/\/kranjcic.hr\/wp-content\/uploads\/2018\/04\/006-Monografija-Zvijezda-sjajna-3d-naslovnica-1-77x120.jpg 77w, https:\/\/kranjcic.hr\/wp-content\/uploads\/2018\/04\/006-Monografija-Zvijezda-sjajna-3d-naslovnica-1-97x150.jpg 97w, https:\/\/kranjcic.hr\/wp-content\/uploads\/2018\/04\/006-Monografija-Zvijezda-sjajna-3d-naslovnica-1.jpg 515w\" sizes=\"auto, (max-width: 77px) 100vw, 77px\" \/><\/a>\n\t\t\t<\/dt><\/dl>\n\t\t\t<br style='clear: both' \/>\n\t\t<\/div>\n\n<p>&nbsp;<\/p>\n<p>&nbsp;<\/p>\n","protected":false},"excerpt":{"rendered":"<p>Sve\u010danim misnim slavljem koje je u kri\u017eeva\u010dkoj crkvi sv. Ane, uz koncelebraciju \u0161esnaestorice sve\u0107enika, predslavio bjelovarsko-kri\u017eeva\u010dki biskup mons. Vjekoslav Huzjak te predstavljanjem monografije \u201eZvijezda sjajna\u201c o 10-godi\u0161njem djelovanju Udruge \u201eDr. Stjepan Kranj\u010di\u0107\u201c autorice Tanje Baran, u Kri\u017eevcima je u utorak 10. travnja 2018. odr\u017eana spomen-sve\u010danost 50. godi\u0161njice smrti kri\u017eeva\u010dkoga \u017eupnika&hellip; <\/p>\n","protected":false},"author":1,"featured_media":4110,"comment_status":"closed","ping_status":"closed","sticky":false,"template":"","format":"standard","meta":{"footnotes":""},"categories":[70,33,13,35,18],"tags":[],"class_list":["post-4105","post","type-post","status-publish","format-standard","has-post-thumbnail","hentry","category-70","category-godina-dr-stjepana-kranjcica","category-publikacije","category-kranjcicevo","category-zbivanja"],"_links":{"self":[{"href":"https:\/\/kranjcic.hr\/index.php?rest_route=\/wp\/v2\/posts\/4105","targetHints":{"allow":["GET"]}}],"collection":[{"href":"https:\/\/kranjcic.hr\/index.php?rest_route=\/wp\/v2\/posts"}],"about":[{"href":"https:\/\/kranjcic.hr\/index.php?rest_route=\/wp\/v2\/types\/post"}],"author":[{"embeddable":true,"href":"https:\/\/kranjcic.hr\/index.php?rest_route=\/wp\/v2\/users\/1"}],"replies":[{"embeddable":true,"href":"https:\/\/kranjcic.hr\/index.php?rest_route=%2Fwp%2Fv2%2Fcomments&post=4105"}],"version-history":[{"count":2,"href":"https:\/\/kranjcic.hr\/index.php?rest_route=\/wp\/v2\/posts\/4105\/revisions"}],"predecessor-version":[{"id":4147,"href":"https:\/\/kranjcic.hr\/index.php?rest_route=\/wp\/v2\/posts\/4105\/revisions\/4147"}],"wp:featuredmedia":[{"embeddable":true,"href":"https:\/\/kranjcic.hr\/index.php?rest_route=\/wp\/v2\/media\/4110"}],"wp:attachment":[{"href":"https:\/\/kranjcic.hr\/index.php?rest_route=%2Fwp%2Fv2%2Fmedia&parent=4105"}],"wp:term":[{"taxonomy":"category","embeddable":true,"href":"https:\/\/kranjcic.hr\/index.php?rest_route=%2Fwp%2Fv2%2Fcategories&post=4105"},{"taxonomy":"post_tag","embeddable":true,"href":"https:\/\/kranjcic.hr\/index.php?rest_route=%2Fwp%2Fv2%2Ftags&post=4105"}],"curies":[{"name":"wp","href":"https:\/\/api.w.org\/{rel}","templated":true}]}}