{"id":4266,"date":"2018-10-20T22:09:37","date_gmt":"2018-10-20T22:09:37","guid":{"rendered":"http:\/\/kranjcic.hr\/?p=4266"},"modified":"2018-11-30T16:26:40","modified_gmt":"2018-11-30T16:26:40","slug":"odrzan-treci-znanstveni-skup-hrvatska-knjizevnost-krscanskoga-nadahnuca-u-razdoblju-komunizma-ii","status":"publish","type":"post","link":"https:\/\/kranjcic.hr\/?p=4266","title":{"rendered":"ODR\u017dAN TRE\u0106I ZNANSTVENI SKUP \u201eHRVATSKA KNJI\u017dEVNOST KR\u0160\u0106ANSKOGA NADAHNU\u0106A U RAZDOBLJU KOMUNIZMA (II)\u201c"},"content":{"rendered":"<p>U organizaciji Hrvatskih studija Sveu\u010dili\u0161ta u Zagrebu, Glasa Koncila i Udruge za promicanje znamenitih Kri\u017eev\u010dana \u201eDr. Stjepan Kranj\u010di\u0107\u201c u Kri\u017eevcima je u subotu 20. listopada 2018. odr\u017ean tre\u0107i znanstveni skup \u201eHrvatska knji\u017eevnost kr\u0161\u0107anskoga nadahnu\u0107a u razdoblju komunizma (II)\u201c. Na znanstvenom je skupu sudjelovalo dvadesetak znanstvenika iz cijele Hrvatske. Cilj je bio potaknuti istra\u017eivanje nedovoljno poznatoga te u povijestima hrvatske knji\u017eevnosti, znanosti i nastavi zanemarenoga dijela hrvatske knji\u017eevnosti sa \u017eeljom premo\u0161\u0107ivanja umjetno stvorenih diskontinuiteta u hrvatskoj knji\u017eevnosti i kulturi op\u0107enito.<\/p>\n<p>Sve\u010danost otvorenja zapo\u010dela je pozdravnim govorom predsjednice Udruge za promicanje znamenitih Kri\u017eev\u010dana \u201eDr. Stjepan Kranj\u010di\u0107\u201c dr. Tanje Baran koja je okupljenima predstavila Kri\u017eevce kao iznimno sna\u017eno vjersko sredi\u0161te jo\u0161 iz davnina te je ispripovijedala da su u Udruzi \u201eDr. Stjepan Kranj\u010di\u0107\u201c na ideju o odr\u017eavanju znanstvenoga skupa do\u0161li nakon \u0161to su objavili knjigu knji\u017eevnih radova kri\u017eeva\u010dkoga \u017eupnika na glasu svetosti dr. Kranj\u010di\u0107a \u201eZa\u0161to me pozvao Gospod?\u201c te nakon \u0161to ve\u0107 vi\u0161e godina redovito organiziraju dva natje\u010daja za kr\u0161\u0107ansku knji\u017eevnost koji su na nacionalnoj razini Susret hrvatskoga duhovnoga knji\u017eevnoga stvarala\u0161tva \u201eStjepan Kranj\u010di\u0107\u201c (\u201eKnji\u017eevni Kranj\u010di\u0107\u201c) i Susret hrvatskoga dje\u010djega duhovnoga stvarala\u0161tva \u201eStjepan Kranj\u010di\u0107\u201c (\u201eDje\u010dji Kranj\u010di\u0107\u201c). Okupljene su ime doma\u0107ina pozdravili i kri\u017eeva\u010dki dogradona\u010delnik Mario Martin\u010devi\u0107, koprivni\u010dko-kri\u017eeva\u010dki \u017eupan Darko Koren te kri\u017eeva\u010dki \u017eupnik Stjepan Sovi\u010dek. Suorganizatorske poruke u ime Hrvatskih studija Sveu\u010dili\u0161ta u Zagrebu izrekao je pro\u010delnik prof. dr. Mario Gr\u010devi\u0107, a govorio je i zamjenik glavnog urednika Glasa Koncila Branimir Stani\u0107. Sudjelovao je i saborski zastupnik Branko Hrg. Glazbeni obol sve\u010danosti otvorenja dale su \u010dlanica Vokalnog sastava \u201eAllegro\u201c. Tom je prigodom okupljenima podijeljen \u010dasopis \u201eKroatologija\u201c Hrvatskih studija u kojem su objavljeni radovi s drugoga znanstvenog skupa \u201eHrvatska knji\u017eevnost kr\u0161\u0107anskoga nadahnu\u0107a\u201c odr\u017eanog u Kri\u017eevcima prije dvije godine.<\/p>\n<p>Program je bio podijeljen u tri sesije. Uvodno je predavanje \u201eReligiozno kazali\u0161te u Hrvatskoj 1945. &#8211; 1990. ili kako su rubovi o\u010duvali svjetlo\u201c odr\u017eala <em>Sanja Nik\u010devi\u0107<\/em>. Tema <em>Lucije Ljubi\u0107<\/em> bila je Vojmil Rabadan o kazali\u0161tu u \u201eMaruli\u0107u\u201c, <em>Ivan \u010culo<\/em> predstavio je personalizam u \u201eMaruli\u0107u\u201c. Zatim je <em>Zdravko Gavran<\/em> osvijetlio egzistencijalne teme u katoli\u010dkoj vizuri: spoja kratke pri\u010de i novinske reporta\u017ee o susretima u prozama Smiljane Rendi\u0107 pa je <em>Vladimira Rezo<\/em> predstavila prozni opus Mare \u0160vel-Gamir\u0161ek, a <em>Vlatko Smiljani\u0107<\/em> spisateljsku djelatnost Mare Mato\u010dec 1945. \u2013 1967. <em>Jasna \u0160ego<\/em> govorila je o Kupareovu doprinosu marijanskoj lirici \u2013 sr\u017ei hrvatskoga religioznog pjesni\u0161tva. <em>Ru\u017eica Be\u0161li\u0107-Grbe\u0161i\u0107<\/em> i <em>Iva \u0106ali\u0107 <\/em>predstavile su ostav\u0161tinu Vinka Kosa u doba komunizma, a <em>Miljenko Buljac<\/em> pjesni\u0161tvo s. Marije od Presvetoga Srca \u2013 Anke Petri\u010devi\u0107. O kr\u0161\u0107anskim motivima u pjesni\u0161tvu muslimanskih pjesnika hrvatskoga identiteta 1945. \u2013 1990. izlagao je <em>Vladimir Lon\u010darevi\u0107. <\/em>Zatim je <em>Bo\u017eidar Petra\u010d<\/em> predstavio uspomene Luke Perini\u0107a, <em>\u017deljko Vegh<\/em> radove knji\u017eevnika Dubravka Horvati\u0107a u \u010dasopisu \u201eMaruli\u0107\u201c u doba komunizma, <em>Dean Slavi\u0107<\/em> Horvati\u0107evu novelu \u201eVru\u0107a listopadska no\u0107\u201c. <em>Sonja Tomi\u0107<\/em> pribli\u017eila je semanti\u010dku dosljednost i poeti\u010dnost sedam prijevoda Isusovih opro\u0161tajnih govora, a <em>Stjepan Tomi\u0107<\/em> psalam 22 (21) kao molitvenu paradigmu s posebnim osvrtom na neke hrvatske prijevode. <em>Slavko Nedi\u0107 <\/em>govorio je o kr\u0161\u0107anskim mjuziklima u vrijeme komunizma: K. Ti\u010di\u0107, M. Nardeli, \u0160. \u0160ito \u0106ori\u0107, a <em>Kre\u0161imir Ti\u010di\u0107<\/em> o mjuziklima kr\u0161\u0107anske inspiracije uz primjere s videoprezentacijom.<\/p>\n<p>Znanstveni skup odr\u017ean je uz potporu Grada Kri\u017eevaca, Koprivni\u010dko-kri\u017eeva\u010dke \u017eupanije i poduze\u0107a \u201eRadnik\u201c d. d., a radovi \u0107e biti recenzirani i tiskani u \u010dasopisu \u201eKroatologija\u201c Hrvatskih studija tijekom 2019. godine. \u010cetvrti znanstveni skup \u201eHrvatska knji\u017eevnost kr\u0161\u0107anskoga nadahnu\u0107a\u201c planira se za jesen 2020.<\/p>\n<p>&nbsp;<\/p>\n\n\t\t<style type=\"text\/css\">\n\t\t\t#gallery-1 {\n\t\t\t\tmargin: auto;\n\t\t\t}\n\t\t\t#gallery-1 .gallery-item {\n\t\t\t\tfloat: left;\n\t\t\t\tmargin-top: 10px;\n\t\t\t\ttext-align: center;\n\t\t\t\twidth: 33%;\n\t\t\t}\n\t\t\t#gallery-1 img {\n\t\t\t\tborder: 2px solid #cfcfcf;\n\t\t\t}\n\t\t\t#gallery-1 .gallery-caption {\n\t\t\t\tmargin-left: 0;\n\t\t\t}\n\t\t\t\/* see gallery_shortcode() in wp-includes\/media.php *\/\n\t\t<\/style>\n\t\t<div id='gallery-1' class='gallery galleryid-4266 gallery-columns-3 gallery-size-medium'><dl class='gallery-item'>\n\t\t\t<dt class='gallery-icon landscape'>\n\t\t\t\t<a href='https:\/\/kranjcic.hr\/wp-content\/uploads\/2018\/10\/001-Otvorenje-znanstvenoga-skupa-HKKN.jpg'><img loading=\"lazy\" decoding=\"async\" width=\"200\" height=\"133\" src=\"https:\/\/kranjcic.hr\/wp-content\/uploads\/2018\/10\/001-Otvorenje-znanstvenoga-skupa-HKKN-200x133.jpg\" class=\"attachment-medium size-medium\" alt=\"\" srcset=\"https:\/\/kranjcic.hr\/wp-content\/uploads\/2018\/10\/001-Otvorenje-znanstvenoga-skupa-HKKN-200x133.jpg 200w, https:\/\/kranjcic.hr\/wp-content\/uploads\/2018\/10\/001-Otvorenje-znanstvenoga-skupa-HKKN-120x80.jpg 120w, https:\/\/kranjcic.hr\/wp-content\/uploads\/2018\/10\/001-Otvorenje-znanstvenoga-skupa-HKKN-1024x682.jpg 1024w, https:\/\/kranjcic.hr\/wp-content\/uploads\/2018\/10\/001-Otvorenje-znanstvenoga-skupa-HKKN.jpg 2000w\" sizes=\"auto, (max-width: 200px) 100vw, 200px\" \/><\/a>\n\t\t\t<\/dt><\/dl><dl class='gallery-item'>\n\t\t\t<dt class='gallery-icon landscape'>\n\t\t\t\t<a href='https:\/\/kranjcic.hr\/wp-content\/uploads\/2018\/10\/002-Pro\u010delnik-Hrvatskih-studija-Mario-Gr\u010devi\u0107-i-predsjednica-Udruge-Stjepan-Kranj\u010di\u0107-Tanja-Baran.jpg'><img loading=\"lazy\" decoding=\"async\" width=\"200\" height=\"133\" src=\"https:\/\/kranjcic.hr\/wp-content\/uploads\/2018\/10\/002-Pro\u010delnik-Hrvatskih-studija-Mario-Gr\u010devi\u0107-i-predsjednica-Udruge-Stjepan-Kranj\u010di\u0107-Tanja-Baran-200x133.jpg\" class=\"attachment-medium size-medium\" alt=\"\" srcset=\"https:\/\/kranjcic.hr\/wp-content\/uploads\/2018\/10\/002-Pro\u010delnik-Hrvatskih-studija-Mario-Gr\u010devi\u0107-i-predsjednica-Udruge-Stjepan-Kranj\u010di\u0107-Tanja-Baran-200x133.jpg 200w, https:\/\/kranjcic.hr\/wp-content\/uploads\/2018\/10\/002-Pro\u010delnik-Hrvatskih-studija-Mario-Gr\u010devi\u0107-i-predsjednica-Udruge-Stjepan-Kranj\u010di\u0107-Tanja-Baran-120x80.jpg 120w, https:\/\/kranjcic.hr\/wp-content\/uploads\/2018\/10\/002-Pro\u010delnik-Hrvatskih-studija-Mario-Gr\u010devi\u0107-i-predsjednica-Udruge-Stjepan-Kranj\u010di\u0107-Tanja-Baran-1024x682.jpg 1024w, https:\/\/kranjcic.hr\/wp-content\/uploads\/2018\/10\/002-Pro\u010delnik-Hrvatskih-studija-Mario-Gr\u010devi\u0107-i-predsjednica-Udruge-Stjepan-Kranj\u010di\u0107-Tanja-Baran.jpg 1280w\" sizes=\"auto, (max-width: 200px) 100vw, 200px\" \/><\/a>\n\t\t\t<\/dt><\/dl><dl class='gallery-item'>\n\t\t\t<dt class='gallery-icon landscape'>\n\t\t\t\t<a href='https:\/\/kranjcic.hr\/wp-content\/uploads\/2018\/10\/003-VS-Allegro.jpg'><img loading=\"lazy\" decoding=\"async\" width=\"200\" height=\"150\" src=\"https:\/\/kranjcic.hr\/wp-content\/uploads\/2018\/10\/003-VS-Allegro-200x150.jpg\" class=\"attachment-medium size-medium\" alt=\"\" srcset=\"https:\/\/kranjcic.hr\/wp-content\/uploads\/2018\/10\/003-VS-Allegro-200x150.jpg 200w, https:\/\/kranjcic.hr\/wp-content\/uploads\/2018\/10\/003-VS-Allegro-120x90.jpg 120w, https:\/\/kranjcic.hr\/wp-content\/uploads\/2018\/10\/003-VS-Allegro-1024x768.jpg 1024w, https:\/\/kranjcic.hr\/wp-content\/uploads\/2018\/10\/003-VS-Allegro.jpg 2016w\" sizes=\"auto, (max-width: 200px) 100vw, 200px\" \/><\/a>\n\t\t\t<\/dt><\/dl><br style=\"clear: both\" \/><dl class='gallery-item'>\n\t\t\t<dt class='gallery-icon landscape'>\n\t\t\t\t<a href='https:\/\/kranjcic.hr\/wp-content\/uploads\/2018\/10\/004-Izlaganje-Bo\u017eidara-Petra\u010da.jpg'><img loading=\"lazy\" decoding=\"async\" width=\"200\" height=\"150\" src=\"https:\/\/kranjcic.hr\/wp-content\/uploads\/2018\/10\/004-Izlaganje-Bo\u017eidara-Petra\u010da-200x150.jpg\" class=\"attachment-medium size-medium\" alt=\"\" srcset=\"https:\/\/kranjcic.hr\/wp-content\/uploads\/2018\/10\/004-Izlaganje-Bo\u017eidara-Petra\u010da-200x150.jpg 200w, https:\/\/kranjcic.hr\/wp-content\/uploads\/2018\/10\/004-Izlaganje-Bo\u017eidara-Petra\u010da-120x90.jpg 120w, https:\/\/kranjcic.hr\/wp-content\/uploads\/2018\/10\/004-Izlaganje-Bo\u017eidara-Petra\u010da-1024x768.jpg 1024w, https:\/\/kranjcic.hr\/wp-content\/uploads\/2018\/10\/004-Izlaganje-Bo\u017eidara-Petra\u010da.jpg 2016w\" sizes=\"auto, (max-width: 200px) 100vw, 200px\" \/><\/a>\n\t\t\t<\/dt><\/dl><dl class='gallery-item'>\n\t\t\t<dt class='gallery-icon landscape'>\n\t\t\t\t<a href='https:\/\/kranjcic.hr\/wp-content\/uploads\/2018\/10\/005-Izlaganje-Vladimira-Lon\u010darevi\u0107a.jpg'><img loading=\"lazy\" decoding=\"async\" width=\"200\" height=\"150\" src=\"https:\/\/kranjcic.hr\/wp-content\/uploads\/2018\/10\/005-Izlaganje-Vladimira-Lon\u010darevi\u0107a-200x150.jpg\" class=\"attachment-medium size-medium\" alt=\"\" srcset=\"https:\/\/kranjcic.hr\/wp-content\/uploads\/2018\/10\/005-Izlaganje-Vladimira-Lon\u010darevi\u0107a-200x150.jpg 200w, https:\/\/kranjcic.hr\/wp-content\/uploads\/2018\/10\/005-Izlaganje-Vladimira-Lon\u010darevi\u0107a-120x90.jpg 120w, https:\/\/kranjcic.hr\/wp-content\/uploads\/2018\/10\/005-Izlaganje-Vladimira-Lon\u010darevi\u0107a-1024x768.jpg 1024w, https:\/\/kranjcic.hr\/wp-content\/uploads\/2018\/10\/005-Izlaganje-Vladimira-Lon\u010darevi\u0107a.jpg 2016w\" sizes=\"auto, (max-width: 200px) 100vw, 200px\" \/><\/a>\n\t\t\t<\/dt><\/dl><dl class='gallery-item'>\n\t\t\t<dt class='gallery-icon landscape'>\n\t\t\t\t<a href='https:\/\/kranjcic.hr\/wp-content\/uploads\/2018\/10\/006-Izlaganje-Vladimire-Rezo.jpg'><img loading=\"lazy\" decoding=\"async\" width=\"200\" height=\"150\" src=\"https:\/\/kranjcic.hr\/wp-content\/uploads\/2018\/10\/006-Izlaganje-Vladimire-Rezo-200x150.jpg\" class=\"attachment-medium size-medium\" alt=\"\" srcset=\"https:\/\/kranjcic.hr\/wp-content\/uploads\/2018\/10\/006-Izlaganje-Vladimire-Rezo-200x150.jpg 200w, https:\/\/kranjcic.hr\/wp-content\/uploads\/2018\/10\/006-Izlaganje-Vladimire-Rezo-120x90.jpg 120w, https:\/\/kranjcic.hr\/wp-content\/uploads\/2018\/10\/006-Izlaganje-Vladimire-Rezo-1024x768.jpg 1024w, https:\/\/kranjcic.hr\/wp-content\/uploads\/2018\/10\/006-Izlaganje-Vladimire-Rezo.jpg 2016w\" sizes=\"auto, (max-width: 200px) 100vw, 200px\" \/><\/a>\n\t\t\t<\/dt><\/dl><br style=\"clear: both\" \/><dl class='gallery-item'>\n\t\t\t<dt class='gallery-icon landscape'>\n\t\t\t\t<a href='https:\/\/kranjcic.hr\/wp-content\/uploads\/2018\/10\/007-Izlaganje-Kre\u0161imira-Ti\u010di\u0107a.jpg'><img loading=\"lazy\" decoding=\"async\" width=\"200\" height=\"150\" src=\"https:\/\/kranjcic.hr\/wp-content\/uploads\/2018\/10\/007-Izlaganje-Kre\u0161imira-Ti\u010di\u0107a-200x150.jpg\" class=\"attachment-medium size-medium\" alt=\"\" srcset=\"https:\/\/kranjcic.hr\/wp-content\/uploads\/2018\/10\/007-Izlaganje-Kre\u0161imira-Ti\u010di\u0107a-200x150.jpg 200w, https:\/\/kranjcic.hr\/wp-content\/uploads\/2018\/10\/007-Izlaganje-Kre\u0161imira-Ti\u010di\u0107a-120x90.jpg 120w, https:\/\/kranjcic.hr\/wp-content\/uploads\/2018\/10\/007-Izlaganje-Kre\u0161imira-Ti\u010di\u0107a-1024x768.jpg 1024w, https:\/\/kranjcic.hr\/wp-content\/uploads\/2018\/10\/007-Izlaganje-Kre\u0161imira-Ti\u010di\u0107a.jpg 2016w\" sizes=\"auto, (max-width: 200px) 100vw, 200px\" \/><\/a>\n\t\t\t<\/dt><\/dl><dl class='gallery-item'>\n\t\t\t<dt class='gallery-icon landscape'>\n\t\t\t\t<a href='https:\/\/kranjcic.hr\/wp-content\/uploads\/2018\/10\/008-Znanstvenici-s-Hrvatskih-studija.jpg'><img loading=\"lazy\" decoding=\"async\" width=\"200\" height=\"150\" src=\"https:\/\/kranjcic.hr\/wp-content\/uploads\/2018\/10\/008-Znanstvenici-s-Hrvatskih-studija-200x150.jpg\" class=\"attachment-medium size-medium\" alt=\"\" srcset=\"https:\/\/kranjcic.hr\/wp-content\/uploads\/2018\/10\/008-Znanstvenici-s-Hrvatskih-studija-200x150.jpg 200w, https:\/\/kranjcic.hr\/wp-content\/uploads\/2018\/10\/008-Znanstvenici-s-Hrvatskih-studija-120x90.jpg 120w, https:\/\/kranjcic.hr\/wp-content\/uploads\/2018\/10\/008-Znanstvenici-s-Hrvatskih-studija-1024x768.jpg 1024w, https:\/\/kranjcic.hr\/wp-content\/uploads\/2018\/10\/008-Znanstvenici-s-Hrvatskih-studija.jpg 1210w\" sizes=\"auto, (max-width: 200px) 100vw, 200px\" \/><\/a>\n\t\t\t<\/dt><\/dl>\n\t\t\t<br style='clear: both' \/>\n\t\t<\/div>\n\n<p>&nbsp;<\/p>\n<p><strong><em>\u00a0<\/em><\/strong><\/p>\n<p><strong><em>\u00a0<\/em><\/strong><\/p>\n<p>&nbsp;<\/p>\n","protected":false},"excerpt":{"rendered":"<p>U organizaciji Hrvatskih studija Sveu\u010dili\u0161ta u Zagrebu, Glasa Koncila i Udruge za promicanje znamenitih Kri\u017eev\u010dana \u201eDr. Stjepan Kranj\u010di\u0107\u201c u Kri\u017eevcima je u subotu 20. listopada 2018. odr\u017ean tre\u0107i znanstveni skup \u201eHrvatska knji\u017eevnost kr\u0161\u0107anskoga nadahnu\u0107a u razdoblju komunizma (II)\u201c. Na znanstvenom je skupu sudjelovalo dvadesetak znanstvenika iz cijele Hrvatske. Cilj je&hellip; <\/p>\n","protected":false},"author":1,"featured_media":4268,"comment_status":"closed","ping_status":"closed","sticky":false,"template":"","format":"standard","meta":{"footnotes":""},"categories":[70,19],"tags":[],"class_list":["post-4266","post","type-post","status-publish","format-standard","has-post-thumbnail","hentry","category-70","category-znanstveni-skupovi"],"_links":{"self":[{"href":"https:\/\/kranjcic.hr\/index.php?rest_route=\/wp\/v2\/posts\/4266","targetHints":{"allow":["GET"]}}],"collection":[{"href":"https:\/\/kranjcic.hr\/index.php?rest_route=\/wp\/v2\/posts"}],"about":[{"href":"https:\/\/kranjcic.hr\/index.php?rest_route=\/wp\/v2\/types\/post"}],"author":[{"embeddable":true,"href":"https:\/\/kranjcic.hr\/index.php?rest_route=\/wp\/v2\/users\/1"}],"replies":[{"embeddable":true,"href":"https:\/\/kranjcic.hr\/index.php?rest_route=%2Fwp%2Fv2%2Fcomments&post=4266"}],"version-history":[{"count":1,"href":"https:\/\/kranjcic.hr\/index.php?rest_route=\/wp\/v2\/posts\/4266\/revisions"}],"predecessor-version":[{"id":4275,"href":"https:\/\/kranjcic.hr\/index.php?rest_route=\/wp\/v2\/posts\/4266\/revisions\/4275"}],"wp:featuredmedia":[{"embeddable":true,"href":"https:\/\/kranjcic.hr\/index.php?rest_route=\/wp\/v2\/media\/4268"}],"wp:attachment":[{"href":"https:\/\/kranjcic.hr\/index.php?rest_route=%2Fwp%2Fv2%2Fmedia&parent=4266"}],"wp:term":[{"taxonomy":"category","embeddable":true,"href":"https:\/\/kranjcic.hr\/index.php?rest_route=%2Fwp%2Fv2%2Fcategories&post=4266"},{"taxonomy":"post_tag","embeddable":true,"href":"https:\/\/kranjcic.hr\/index.php?rest_route=%2Fwp%2Fv2%2Ftags&post=4266"}],"curies":[{"name":"wp","href":"https:\/\/api.w.org\/{rel}","templated":true}]}}