{"id":4278,"date":"2018-10-30T16:20:12","date_gmt":"2018-10-30T16:20:12","guid":{"rendered":"http:\/\/kranjcic.hr\/?p=4278"},"modified":"2018-11-09T13:53:54","modified_gmt":"2018-11-09T13:53:54","slug":"svi-sveti-na-kranjcicevu-grobu-3","status":"publish","type":"post","link":"https:\/\/kranjcic.hr\/?p=4278","title":{"rendered":"NAJAVA: Svi sveti na Kranj\u010di\u0107evu grobu"},"content":{"rendered":"<p>Na svetkovinu Svih svetih 1. studenoga 2018. kri\u017eeva\u010dki \u0107e se vjernici, predvo\u0111eni kri\u017eeva\u010dkim \u017eupnikom Stjepanom Sovi\u010dekom, te \u010dlanovima Udruge za promicanje znamenitih Kri\u017eev\u010dana \u201eDr. Stjepan Kranj\u010di\u0107\u201d, okupiti na molitvi na grobu kri\u017eeva\u010dkoga \u017eupnika na glasu svetosti dr. Stjepana Kranj\u010di\u0107a na kri\u017eeva\u010dkom Gradskom groblju.<\/p>\n<p>Tom \u0107e prigodom \u017eupnik Sovi\u010dek predvoditi molitvu za sve kri\u017eeva\u010dke \u017eupnike pokopane ne kri\u017eeva\u010dkom groblju te za otvorenje procesa za progla\u0161enje bla\u017eenim Stjepana Kranj\u010di\u0107a. Pjesmom \u0107e molitvu obogatiti zbor kri\u017eeva\u010dke \u017eupe sv. Ane. Molitvi na Kranj\u010di\u0107evu grobu prethodit \u0107e molitva kod sredi\u0161njega kri\u017ea u 15 sati.<\/p>\n<p><a href=\"https:\/\/kranjcic.hr\/wp-content\/uploads\/2018\/10\/10.-Knji\u017eevni-Kranj\u010di\u0107-2018.-plakat.pdf\" target=\"_blank\" rel=\"noopener\">PLAKAT<\/a><br \/>\n<a href=\"https:\/\/kranjcic.hr\/wp-content\/uploads\/2018\/10\/10.-Knji\u017eevni-Kranj\u010di\u0107-2018.-pozivnica.pdf\" target=\"_blank\" rel=\"noopener\">POZIVNICA<\/a><\/p>\n<p>&nbsp;<\/p>\n","protected":false},"excerpt":{"rendered":"<p>Na svetkovinu Svih svetih 1. studenoga 2018. kri\u017eeva\u010dki \u0107e se vjernici, predvo\u0111eni kri\u017eeva\u010dkim \u017eupnikom Stjepanom Sovi\u010dekom, te \u010dlanovima Udruge za promicanje znamenitih Kri\u017eev\u010dana \u201eDr. Stjepan Kranj\u010di\u0107\u201d, okupiti na molitvi na grobu kri\u017eeva\u010dkoga \u017eupnika na glasu svetosti dr. Stjepana Kranj\u010di\u0107a na kri\u017eeva\u010dkom Gradskom groblju. Tom \u0107e prigodom \u017eupnik Sovi\u010dek predvoditi molitvu&hellip; <\/p>\n","protected":false},"author":1,"featured_media":0,"comment_status":"closed","ping_status":"closed","sticky":false,"template":"","format":"standard","meta":{"footnotes":""},"categories":[18],"tags":[],"class_list":["post-4278","post","type-post","status-publish","format-standard","hentry","category-zbivanja"],"_links":{"self":[{"href":"https:\/\/kranjcic.hr\/index.php?rest_route=\/wp\/v2\/posts\/4278","targetHints":{"allow":["GET"]}}],"collection":[{"href":"https:\/\/kranjcic.hr\/index.php?rest_route=\/wp\/v2\/posts"}],"about":[{"href":"https:\/\/kranjcic.hr\/index.php?rest_route=\/wp\/v2\/types\/post"}],"author":[{"embeddable":true,"href":"https:\/\/kranjcic.hr\/index.php?rest_route=\/wp\/v2\/users\/1"}],"replies":[{"embeddable":true,"href":"https:\/\/kranjcic.hr\/index.php?rest_route=%2Fwp%2Fv2%2Fcomments&post=4278"}],"version-history":[{"count":4,"href":"https:\/\/kranjcic.hr\/index.php?rest_route=\/wp\/v2\/posts\/4278\/revisions"}],"predecessor-version":[{"id":4287,"href":"https:\/\/kranjcic.hr\/index.php?rest_route=\/wp\/v2\/posts\/4278\/revisions\/4287"}],"wp:attachment":[{"href":"https:\/\/kranjcic.hr\/index.php?rest_route=%2Fwp%2Fv2%2Fmedia&parent=4278"}],"wp:term":[{"taxonomy":"category","embeddable":true,"href":"https:\/\/kranjcic.hr\/index.php?rest_route=%2Fwp%2Fv2%2Fcategories&post=4278"},{"taxonomy":"post_tag","embeddable":true,"href":"https:\/\/kranjcic.hr\/index.php?rest_route=%2Fwp%2Fv2%2Ftags&post=4278"}],"curies":[{"name":"wp","href":"https:\/\/api.w.org\/{rel}","templated":true}]}}