{"id":4294,"date":"2018-11-01T21:50:41","date_gmt":"2018-11-01T21:50:41","guid":{"rendered":"http:\/\/kranjcic.hr\/?p=4294"},"modified":"2018-11-30T16:26:30","modified_gmt":"2018-11-30T16:26:30","slug":"svi-sveti-na-kranjcicevu-grobu-4","status":"publish","type":"post","link":"https:\/\/kranjcic.hr\/?p=4294","title":{"rendered":"SVI SVETI NA KRANJ\u010cI\u0106EVU GROBU"},"content":{"rendered":"<p>Na svetkovinu Svih svetih 1. studenoga 2018. kri\u017eeva\u010dki su se vjernici, predvo\u0111eni kri\u017eeva\u010dkim \u017eupnikom Stjepanom Sovi\u010dekom, kapelanom Dominikom Jai\u0107em te kri\u017eeva\u010dkim grkokatoli\u010dkim \u017eupnikom Mihajlom Simunovi\u0107em te \u010dlanovima Udruge za promicanje znamenitih Kri\u017eev\u010dana \u201eDr. Stjepan Kranj\u010di\u0107\u201d, okupili na molitvi na grobu kri\u017eeva\u010dkoga \u017eupnika na glasu svetosti dr. Stjepana Kranj\u010di\u0107a na kri\u017eeva\u010dkom Gradskom groblju.<\/p>\n<p>Tom je prigodom \u017eupnik Sovi\u010dek predvodio molitvu za sve kri\u017eeva\u010dke \u017eupnike pokopane ne kri\u017eeva\u010dkom groblju te za otvorenje procesa za progla\u0161enje bla\u017eenim Stjepana Kranj\u010di\u0107a. Pjesmom je molitvu obogatio zbor kri\u017eeva\u010dke \u017eupe sv. Ane. Sudjelovali su kri\u017eeva\u010dki gradona\u010delnik Mario Rajn, koprivni\u010dko-kri\u017eeva\u010dki \u017eupan Darko Koren, saborski zastupnik Branko Hrg te vi\u0161e predstavnika dru\u0161tveno-politi\u010dkog \u017eivota.<\/p>\n<p>Molitvi na Kranj\u010di\u0107evu grobu prethodila je molitva kod sredi\u0161njega kri\u017ea.<\/p>\n<p>Stjepanu Kranj\u010di\u0107u, kri\u017eeva\u010dkom \u017eupniku na glasu svetosti, ove je godine 100. obljetnica ro\u0111enja i 50. godi\u0161njica smrti (Petrijanec, 5. 12. 1918. &#8211;\u00a0 Rim, 10. 4. 1968.) Tim povodom u tijeku je Godina Stjepana Kranj\u010di\u0107a koju je 10. travnja 2018., na 50. godi\u0161njicu Kranj\u010di\u0107eve smrti, u Kri\u017eevcima otvorio bjelovarsko-kri\u017eeva\u010dki biskup mons. Vjekoslav Huzjak.<\/p>\n\n\t\t<style type=\"text\/css\">\n\t\t\t#gallery-1 {\n\t\t\t\tmargin: auto;\n\t\t\t}\n\t\t\t#gallery-1 .gallery-item {\n\t\t\t\tfloat: left;\n\t\t\t\tmargin-top: 10px;\n\t\t\t\ttext-align: center;\n\t\t\t\twidth: 33%;\n\t\t\t}\n\t\t\t#gallery-1 img {\n\t\t\t\tborder: 2px solid #cfcfcf;\n\t\t\t}\n\t\t\t#gallery-1 .gallery-caption {\n\t\t\t\tmargin-left: 0;\n\t\t\t}\n\t\t\t\/* see gallery_shortcode() in wp-includes\/media.php *\/\n\t\t<\/style>\n\t\t<div id='gallery-1' class='gallery galleryid-4294 gallery-columns-3 gallery-size-medium'><dl class='gallery-item'>\n\t\t\t<dt class='gallery-icon landscape'>\n\t\t\t\t<a href='https:\/\/kranjcic.hr\/wp-content\/uploads\/2018\/11\/Svi-sveti-Kranj\u010di\u0107ev-grob-1.jpg'><img loading=\"lazy\" decoding=\"async\" width=\"200\" height=\"133\" src=\"https:\/\/kranjcic.hr\/wp-content\/uploads\/2018\/11\/Svi-sveti-Kranj\u010di\u0107ev-grob-1-200x133.jpg\" class=\"attachment-medium size-medium\" alt=\"\" srcset=\"https:\/\/kranjcic.hr\/wp-content\/uploads\/2018\/11\/Svi-sveti-Kranj\u010di\u0107ev-grob-1-200x133.jpg 200w, https:\/\/kranjcic.hr\/wp-content\/uploads\/2018\/11\/Svi-sveti-Kranj\u010di\u0107ev-grob-1-120x80.jpg 120w, https:\/\/kranjcic.hr\/wp-content\/uploads\/2018\/11\/Svi-sveti-Kranj\u010di\u0107ev-grob-1.jpg 819w\" sizes=\"auto, (max-width: 200px) 100vw, 200px\" \/><\/a>\n\t\t\t<\/dt><\/dl><dl class='gallery-item'>\n\t\t\t<dt class='gallery-icon landscape'>\n\t\t\t\t<a href='https:\/\/kranjcic.hr\/wp-content\/uploads\/2018\/11\/Svi-sveti-Kranj\u010di\u0107ev-grob-2.jpg'><img loading=\"lazy\" decoding=\"async\" width=\"200\" height=\"133\" src=\"https:\/\/kranjcic.hr\/wp-content\/uploads\/2018\/11\/Svi-sveti-Kranj\u010di\u0107ev-grob-2-200x133.jpg\" class=\"attachment-medium size-medium\" alt=\"\" srcset=\"https:\/\/kranjcic.hr\/wp-content\/uploads\/2018\/11\/Svi-sveti-Kranj\u010di\u0107ev-grob-2-200x133.jpg 200w, https:\/\/kranjcic.hr\/wp-content\/uploads\/2018\/11\/Svi-sveti-Kranj\u010di\u0107ev-grob-2-120x80.jpg 120w, https:\/\/kranjcic.hr\/wp-content\/uploads\/2018\/11\/Svi-sveti-Kranj\u010di\u0107ev-grob-2.jpg 819w\" sizes=\"auto, (max-width: 200px) 100vw, 200px\" \/><\/a>\n\t\t\t<\/dt><\/dl><dl class='gallery-item'>\n\t\t\t<dt class='gallery-icon landscape'>\n\t\t\t\t<a href='https:\/\/kranjcic.hr\/wp-content\/uploads\/2018\/11\/Svi-sveti-Kranj\u010di\u0107ev-grob-3.jpg'><img loading=\"lazy\" decoding=\"async\" width=\"200\" height=\"133\" src=\"https:\/\/kranjcic.hr\/wp-content\/uploads\/2018\/11\/Svi-sveti-Kranj\u010di\u0107ev-grob-3-200x133.jpg\" class=\"attachment-medium size-medium\" alt=\"\" srcset=\"https:\/\/kranjcic.hr\/wp-content\/uploads\/2018\/11\/Svi-sveti-Kranj\u010di\u0107ev-grob-3-200x133.jpg 200w, https:\/\/kranjcic.hr\/wp-content\/uploads\/2018\/11\/Svi-sveti-Kranj\u010di\u0107ev-grob-3-120x80.jpg 120w, https:\/\/kranjcic.hr\/wp-content\/uploads\/2018\/11\/Svi-sveti-Kranj\u010di\u0107ev-grob-3.jpg 819w\" sizes=\"auto, (max-width: 200px) 100vw, 200px\" \/><\/a>\n\t\t\t<\/dt><\/dl><br style=\"clear: both\" \/><dl class='gallery-item'>\n\t\t\t<dt class='gallery-icon landscape'>\n\t\t\t\t<a href='https:\/\/kranjcic.hr\/wp-content\/uploads\/2018\/11\/Svi-sveti-Kranj\u010di\u0107ev-grob-4.jpg'><img loading=\"lazy\" decoding=\"async\" width=\"200\" height=\"133\" src=\"https:\/\/kranjcic.hr\/wp-content\/uploads\/2018\/11\/Svi-sveti-Kranj\u010di\u0107ev-grob-4-200x133.jpg\" class=\"attachment-medium size-medium\" alt=\"\" srcset=\"https:\/\/kranjcic.hr\/wp-content\/uploads\/2018\/11\/Svi-sveti-Kranj\u010di\u0107ev-grob-4-200x133.jpg 200w, https:\/\/kranjcic.hr\/wp-content\/uploads\/2018\/11\/Svi-sveti-Kranj\u010di\u0107ev-grob-4-120x80.jpg 120w, https:\/\/kranjcic.hr\/wp-content\/uploads\/2018\/11\/Svi-sveti-Kranj\u010di\u0107ev-grob-4.jpg 819w\" sizes=\"auto, (max-width: 200px) 100vw, 200px\" \/><\/a>\n\t\t\t<\/dt><\/dl><dl class='gallery-item'>\n\t\t\t<dt class='gallery-icon landscape'>\n\t\t\t\t<a href='https:\/\/kranjcic.hr\/wp-content\/uploads\/2018\/11\/Svi-sveti-Kranj\u010di\u0107ev-grob-5.jpg'><img loading=\"lazy\" decoding=\"async\" width=\"200\" height=\"150\" src=\"https:\/\/kranjcic.hr\/wp-content\/uploads\/2018\/11\/Svi-sveti-Kranj\u010di\u0107ev-grob-5-200x150.jpg\" class=\"attachment-medium size-medium\" alt=\"\" srcset=\"https:\/\/kranjcic.hr\/wp-content\/uploads\/2018\/11\/Svi-sveti-Kranj\u010di\u0107ev-grob-5-200x150.jpg 200w, https:\/\/kranjcic.hr\/wp-content\/uploads\/2018\/11\/Svi-sveti-Kranj\u010di\u0107ev-grob-5-120x90.jpg 120w, https:\/\/kranjcic.hr\/wp-content\/uploads\/2018\/11\/Svi-sveti-Kranj\u010di\u0107ev-grob-5-1024x768.jpg 1024w, https:\/\/kranjcic.hr\/wp-content\/uploads\/2018\/11\/Svi-sveti-Kranj\u010di\u0107ev-grob-5.jpg 1412w\" sizes=\"auto, (max-width: 200px) 100vw, 200px\" \/><\/a>\n\t\t\t<\/dt><\/dl>\n\t\t\t<br style='clear: both' \/>\n\t\t<\/div>\n\n<p>&nbsp;<\/p>\n","protected":false},"excerpt":{"rendered":"<p>Na svetkovinu Svih svetih 1. studenoga 2018. kri\u017eeva\u010dki su se vjernici, predvo\u0111eni kri\u017eeva\u010dkim \u017eupnikom Stjepanom Sovi\u010dekom, kapelanom Dominikom Jai\u0107em te kri\u017eeva\u010dkim grkokatoli\u010dkim \u017eupnikom Mihajlom Simunovi\u0107em te \u010dlanovima Udruge za promicanje znamenitih Kri\u017eev\u010dana \u201eDr. Stjepan Kranj\u010di\u0107\u201d, okupili na molitvi na grobu kri\u017eeva\u010dkoga \u017eupnika na glasu svetosti dr. Stjepana Kranj\u010di\u0107a na kri\u017eeva\u010dkom&hellip; <\/p>\n","protected":false},"author":1,"featured_media":4295,"comment_status":"closed","ping_status":"closed","sticky":false,"template":"","format":"standard","meta":{"footnotes":""},"categories":[70,17],"tags":[],"class_list":["post-4294","post","type-post","status-publish","format-standard","has-post-thumbnail","hentry","category-70","category-svi-sveti"],"_links":{"self":[{"href":"https:\/\/kranjcic.hr\/index.php?rest_route=\/wp\/v2\/posts\/4294","targetHints":{"allow":["GET"]}}],"collection":[{"href":"https:\/\/kranjcic.hr\/index.php?rest_route=\/wp\/v2\/posts"}],"about":[{"href":"https:\/\/kranjcic.hr\/index.php?rest_route=\/wp\/v2\/types\/post"}],"author":[{"embeddable":true,"href":"https:\/\/kranjcic.hr\/index.php?rest_route=\/wp\/v2\/users\/1"}],"replies":[{"embeddable":true,"href":"https:\/\/kranjcic.hr\/index.php?rest_route=%2Fwp%2Fv2%2Fcomments&post=4294"}],"version-history":[{"count":1,"href":"https:\/\/kranjcic.hr\/index.php?rest_route=\/wp\/v2\/posts\/4294\/revisions"}],"predecessor-version":[{"id":4300,"href":"https:\/\/kranjcic.hr\/index.php?rest_route=\/wp\/v2\/posts\/4294\/revisions\/4300"}],"wp:featuredmedia":[{"embeddable":true,"href":"https:\/\/kranjcic.hr\/index.php?rest_route=\/wp\/v2\/media\/4295"}],"wp:attachment":[{"href":"https:\/\/kranjcic.hr\/index.php?rest_route=%2Fwp%2Fv2%2Fmedia&parent=4294"}],"wp:term":[{"taxonomy":"category","embeddable":true,"href":"https:\/\/kranjcic.hr\/index.php?rest_route=%2Fwp%2Fv2%2Fcategories&post=4294"},{"taxonomy":"post_tag","embeddable":true,"href":"https:\/\/kranjcic.hr\/index.php?rest_route=%2Fwp%2Fv2%2Ftags&post=4294"}],"curies":[{"name":"wp","href":"https:\/\/api.w.org\/{rel}","templated":true}]}}