{"id":4405,"date":"2018-12-05T10:39:42","date_gmt":"2018-12-05T10:39:42","guid":{"rendered":"http:\/\/kranjcic.hr\/?p=4405"},"modified":"2018-12-07T10:45:41","modified_gmt":"2018-12-07T10:45:41","slug":"4405","status":"publish","type":"post","link":"https:\/\/kranjcic.hr\/?p=4405","title":{"rendered":"BISKUP MRZLJAK PREDVODIO PROSLAVU 100 GODINA RO\u0110ENJA STJEPANA KRANJ\u010cI\u0106A U PETRIJANCU"},"content":{"rendered":"\n<h2 class=\"wp-block-heading\"><\/h2>\n\n\n\n<p>Na dan 100. obljetnicero\u0111enja kri\u017eeva\u010dkoga \u017eupnika na glasu svetosti Stjepana Kranj\u010di\u0107a u srijedu 5. prosinca 2018. u Kranj\u010di\u0107evu je rodnom Petrijancu vara\u017edinski biskup mons.Josip Mrzljak predvodio misno slavlje te je odr\u017ean prigodni program posve\u0107entome duhovnom velikanu.<\/p>\n\n\n\n<p>Biskupu su Mrzljaku, u\npetrijane\u010dkoj \u017eupnoj crkvi sv. Petra, koncelebrirali doma\u0107i \u017eupnik Ivan Saka\u010d s\njo\u0161 s osmoricom sve\u0107enika. Uvodno je \u017eupnik Saka\u010d rekao da Stjepan Kranj\u010di\u0107\ntrag svetoga \u017eivota nije ostavio u svojem rodnom Petrijancu, ve\u0107 u Kri\u017eevcima,\nali da je va\u017eno da se svi spominjemo onoga \u0161to je petrijane\u010dki sin \u010dinio za\nslavu Bo\u017eju. Biskup Mrzljak je izrazio vjeru da je Stjepan Kranj\u010di\u0107 dio\nproslavljene Crkve, da je sve\u0107eni\u0161tvo pro\u017eivio na najbolji mogu\u0107i na\u010din pa i\nmo\u017ee biti uzor, i da se zato i okupljamo u njegovu \u010dast. <\/p>\n\n\n\n<p>U propovijedi je biskup\nnaglasio da je veli\u010dina Stjepana Kranj\u010di\u0107a u tome \u0161to je \u017eivio sve\u0107eni\u0161tvo na\nuzvi\u0161en na\u010din, da je bio svjestan vrijednosti sve\u0107eni\u010dkog poziva i odaziva, u\nonim tmurnim vremenima komunizma kada je \u017eivot sve\u0107enicima bio ugro\u017een. U tome\nsu vremenu Franjo Kuhari\u0107 kao \u017eupnik i Stjepan Kranj\u010di\u0107 zajedno posje\u0107ivali\nnadbiskupa Stepinca u zato\u010deni\u0161tvu u Kra\u0161i\u0107u i ustrajali u pozivu, unato\u010d\nte\u0161ko\u0107ama, govorio je biskup Mrzljak i zaklju\u010dio je da je dobro da se Kranj\u010di\u0107a\nsje\u0107amo, da svjedo\u010danstva o njemu treba zapisivati i da ona ne budu samo zapis,\nsje\u0107anje, uspomena, ve\u0107 da budu i primjer, nadahnu\u0107e. \u201eStjepan Kranj\u010di\u0107 zasad\nnije progla\u0161en svetim, ali nas on, kao i ostali koji su \u017eivjeli svetim \u017eivotom,\nmo\u017ee zagovarati i biti nam na pomo\u0107 u svakodnevnom \u017eivotu\u201c, zaklju\u010dio je biskup\nMrzljak. Na kraju je mise s okupljenim vjernicima otvorio molitvu za otvorenje\nprocesa za progla\u0161enje bla\u017eenim Stjepana Kranj\u010di\u0107a. <\/p>\n\n\n\n<p>Prije misnoga slavlja\nprigodni su program stihovima i pjesmom o Stjepanu Kranj\u010di\u0107u izrekli u\u010denici\nOsnovne \u0161kole Petrijanec, a predsjednica Udruge za promicanje znamenitih\nKri\u017eev\u010dana \u201eDr. Stjepan Kranj\u010di\u0107\u201c Tanja Baran ispripovijedala je o Kranj\u010di\u0107evu\n\u017eivotnom putu te o sadr\u017eajima koje \u010dlanovi Udruge ve\u0107 vi\u0161e od deset godina \u010dine\nKranj\u010di\u0107u u \u010dast. Spomenula se i triju nacionalnih manifestacija iz kr\u0161\u0107anske\nkulture koje, po Kranj\u010di\u0107evu duhovnom nadahnu\u0107u, organizira Udruga, Dana\nhrvatskih svetaca i bla\u017eenika te nacionalnih natje\u010daja i susreta za katoli\u010dku\nknji\u017eevnost za odrasle i djecu koji se organiziraju pod Kranj\u010di\u0107evim imenom.\nPredstavila je i knjigu svjedo\u010danstava o Stjepanu Kranj\u010di\u0107u \u201eIli jesi ili nisi\u201c\nte monografiju o deset godine djelovanja Udruge \u201eZvijezda sjajna\u201c. <\/p>\n\n\n\n<p><\/p>\n\n\n\n<ul class=\"wp-block-gallery columns-3 is-cropped wp-block-gallery-1 is-layout-flex wp-block-gallery-is-layout-flex\"><li class=\"blocks-gallery-item\"><figure><a href=\"https:\/\/kranjcic.hr\/wp-content\/uploads\/2018\/12\/001-Misno-slavlje-1024x682.jpg\"><img loading=\"lazy\" decoding=\"async\" width=\"1024\" height=\"682\" src=\"https:\/\/kranjcic.hr\/wp-content\/uploads\/2018\/12\/001-Misno-slavlje-1024x682.jpg\" alt=\"\" data-id=\"4407\" data-link=\"https:\/\/kranjcic.hr\/?attachment_id=4407\" class=\"wp-image-4407\" srcset=\"https:\/\/kranjcic.hr\/wp-content\/uploads\/2018\/12\/001-Misno-slavlje-1024x682.jpg 1024w, https:\/\/kranjcic.hr\/wp-content\/uploads\/2018\/12\/001-Misno-slavlje-120x80.jpg 120w, https:\/\/kranjcic.hr\/wp-content\/uploads\/2018\/12\/001-Misno-slavlje-200x133.jpg 200w, https:\/\/kranjcic.hr\/wp-content\/uploads\/2018\/12\/001-Misno-slavlje.jpg 1280w\" sizes=\"auto, (max-width: 1024px) 100vw, 1024px\" \/><\/a><\/figure><\/li><li class=\"blocks-gallery-item\"><figure><a href=\"https:\/\/kranjcic.hr\/wp-content\/uploads\/2018\/12\/002-Biskup-Mrzljak-propovijeda-1024x682.jpg\"><img loading=\"lazy\" decoding=\"async\" width=\"1024\" height=\"682\" src=\"https:\/\/kranjcic.hr\/wp-content\/uploads\/2018\/12\/002-Biskup-Mrzljak-propovijeda-1024x682.jpg\" alt=\"\" data-id=\"4408\" data-link=\"https:\/\/kranjcic.hr\/?attachment_id=4408\" class=\"wp-image-4408\" srcset=\"https:\/\/kranjcic.hr\/wp-content\/uploads\/2018\/12\/002-Biskup-Mrzljak-propovijeda-1024x682.jpg 1024w, https:\/\/kranjcic.hr\/wp-content\/uploads\/2018\/12\/002-Biskup-Mrzljak-propovijeda-120x80.jpg 120w, https:\/\/kranjcic.hr\/wp-content\/uploads\/2018\/12\/002-Biskup-Mrzljak-propovijeda-200x133.jpg 200w, https:\/\/kranjcic.hr\/wp-content\/uploads\/2018\/12\/002-Biskup-Mrzljak-propovijeda.jpg 2000w\" sizes=\"auto, (max-width: 1024px) 100vw, 1024px\" \/><\/a><\/figure><\/li><li class=\"blocks-gallery-item\"><figure><a href=\"https:\/\/kranjcic.hr\/wp-content\/uploads\/2018\/12\/003-Tanja-Baran-o-Stjepanu-Kranj\u010di\u0107u-1024x682.jpg\"><img loading=\"lazy\" decoding=\"async\" width=\"1024\" height=\"682\" src=\"https:\/\/kranjcic.hr\/wp-content\/uploads\/2018\/12\/003-Tanja-Baran-o-Stjepanu-Kranj\u010di\u0107u-1024x682.jpg\" alt=\"\" data-id=\"4409\" data-link=\"https:\/\/kranjcic.hr\/?attachment_id=4409\" class=\"wp-image-4409\" srcset=\"https:\/\/kranjcic.hr\/wp-content\/uploads\/2018\/12\/003-Tanja-Baran-o-Stjepanu-Kranj\u010di\u0107u-1024x682.jpg 1024w, https:\/\/kranjcic.hr\/wp-content\/uploads\/2018\/12\/003-Tanja-Baran-o-Stjepanu-Kranj\u010di\u0107u-120x80.jpg 120w, https:\/\/kranjcic.hr\/wp-content\/uploads\/2018\/12\/003-Tanja-Baran-o-Stjepanu-Kranj\u010di\u0107u-200x133.jpg 200w, https:\/\/kranjcic.hr\/wp-content\/uploads\/2018\/12\/003-Tanja-Baran-o-Stjepanu-Kranj\u010di\u0107u.jpg 1280w\" sizes=\"auto, (max-width: 1024px) 100vw, 1024px\" \/><\/a><\/figure><\/li><li class=\"blocks-gallery-item\"><figure><a href=\"https:\/\/kranjcic.hr\/wp-content\/uploads\/2018\/12\/004-U\u010denici-O\u0160-Petrijanec-1024x682.jpg\"><img loading=\"lazy\" decoding=\"async\" width=\"1024\" height=\"682\" src=\"https:\/\/kranjcic.hr\/wp-content\/uploads\/2018\/12\/004-U\u010denici-O\u0160-Petrijanec-1024x682.jpg\" alt=\"\" data-id=\"4410\" data-link=\"https:\/\/kranjcic.hr\/?attachment_id=4410\" class=\"wp-image-4410\" srcset=\"https:\/\/kranjcic.hr\/wp-content\/uploads\/2018\/12\/004-U\u010denici-O\u0160-Petrijanec-1024x682.jpg 1024w, https:\/\/kranjcic.hr\/wp-content\/uploads\/2018\/12\/004-U\u010denici-O\u0160-Petrijanec-120x80.jpg 120w, https:\/\/kranjcic.hr\/wp-content\/uploads\/2018\/12\/004-U\u010denici-O\u0160-Petrijanec-200x133.jpg 200w, https:\/\/kranjcic.hr\/wp-content\/uploads\/2018\/12\/004-U\u010denici-O\u0160-Petrijanec.jpg 2000w\" sizes=\"auto, (max-width: 1024px) 100vw, 1024px\" \/><\/a><\/figure><\/li><li class=\"blocks-gallery-item\"><figure><a href=\"https:\/\/kranjcic.hr\/wp-content\/uploads\/2018\/12\/005-Biskup-Mrzljak-i-vjernici-1024x682.jpg\"><img loading=\"lazy\" decoding=\"async\" width=\"1024\" height=\"682\" src=\"https:\/\/kranjcic.hr\/wp-content\/uploads\/2018\/12\/005-Biskup-Mrzljak-i-vjernici-1024x682.jpg\" alt=\"\" data-id=\"4411\" data-link=\"https:\/\/kranjcic.hr\/?attachment_id=4411\" class=\"wp-image-4411\" srcset=\"https:\/\/kranjcic.hr\/wp-content\/uploads\/2018\/12\/005-Biskup-Mrzljak-i-vjernici-1024x682.jpg 1024w, https:\/\/kranjcic.hr\/wp-content\/uploads\/2018\/12\/005-Biskup-Mrzljak-i-vjernici-120x80.jpg 120w, https:\/\/kranjcic.hr\/wp-content\/uploads\/2018\/12\/005-Biskup-Mrzljak-i-vjernici-200x133.jpg 200w, https:\/\/kranjcic.hr\/wp-content\/uploads\/2018\/12\/005-Biskup-Mrzljak-i-vjernici.jpg 2000w\" sizes=\"auto, (max-width: 1024px) 100vw, 1024px\" \/><\/a><\/figure><\/li><\/ul>\n","protected":false},"excerpt":{"rendered":"<p>Na dan 100. obljetnicero\u0111enja kri\u017eeva\u010dkoga \u017eupnika na glasu svetosti Stjepana Kranj\u010di\u0107a u srijedu 5. prosinca 2018. u Kranj\u010di\u0107evu je rodnom Petrijancu vara\u017edinski biskup mons.Josip Mrzljak predvodio misno slavlje te je odr\u017ean prigodni program posve\u0107entome duhovnom velikanu. Biskupu su Mrzljaku, u petrijane\u010dkoj \u017eupnoj crkvi sv. Petra, koncelebrirali doma\u0107i \u017eupnik Ivan Saka\u010d&hellip; <\/p>\n","protected":false},"author":1,"featured_media":4407,"comment_status":"closed","ping_status":"closed","sticky":false,"template":"","format":"standard","meta":{"footnotes":""},"categories":[70,35],"tags":[],"class_list":["post-4405","post","type-post","status-publish","format-standard","has-post-thumbnail","hentry","category-70","category-kranjcicevo"],"_links":{"self":[{"href":"https:\/\/kranjcic.hr\/index.php?rest_route=\/wp\/v2\/posts\/4405","targetHints":{"allow":["GET"]}}],"collection":[{"href":"https:\/\/kranjcic.hr\/index.php?rest_route=\/wp\/v2\/posts"}],"about":[{"href":"https:\/\/kranjcic.hr\/index.php?rest_route=\/wp\/v2\/types\/post"}],"author":[{"embeddable":true,"href":"https:\/\/kranjcic.hr\/index.php?rest_route=\/wp\/v2\/users\/1"}],"replies":[{"embeddable":true,"href":"https:\/\/kranjcic.hr\/index.php?rest_route=%2Fwp%2Fv2%2Fcomments&post=4405"}],"version-history":[{"count":3,"href":"https:\/\/kranjcic.hr\/index.php?rest_route=\/wp\/v2\/posts\/4405\/revisions"}],"predecessor-version":[{"id":4413,"href":"https:\/\/kranjcic.hr\/index.php?rest_route=\/wp\/v2\/posts\/4405\/revisions\/4413"}],"wp:featuredmedia":[{"embeddable":true,"href":"https:\/\/kranjcic.hr\/index.php?rest_route=\/wp\/v2\/media\/4407"}],"wp:attachment":[{"href":"https:\/\/kranjcic.hr\/index.php?rest_route=%2Fwp%2Fv2%2Fmedia&parent=4405"}],"wp:term":[{"taxonomy":"category","embeddable":true,"href":"https:\/\/kranjcic.hr\/index.php?rest_route=%2Fwp%2Fv2%2Fcategories&post=4405"},{"taxonomy":"post_tag","embeddable":true,"href":"https:\/\/kranjcic.hr\/index.php?rest_route=%2Fwp%2Fv2%2Ftags&post=4405"}],"curies":[{"name":"wp","href":"https:\/\/api.w.org\/{rel}","templated":true}]}}