{"id":4414,"date":"2018-12-06T10:46:25","date_gmt":"2018-12-06T10:46:25","guid":{"rendered":"http:\/\/kranjcic.hr\/?p=4414"},"modified":"2018-12-07T10:48:24","modified_gmt":"2018-12-07T10:48:24","slug":"biskup-huzjak-predvodio-proslavu-100-obljetnice-rodenja-stjepana-kranjcica-u-krizevcima","status":"publish","type":"post","link":"https:\/\/kranjcic.hr\/?p=4414","title":{"rendered":"BISKUP HUZJAK PREDVODIO PROSLAVU 100. OBLJETNICE RO\u0110ENJA STJEPANA KRANJ\u010cI\u0106A U KRI\u017dEVCIMA"},"content":{"rendered":"\n<p>Proslava 100. obljetnice\nro\u0111enja \u017eupnika Stjepana Kranj\u010di\u0107a odr\u017eana je u \u010detvrtak 6. prosinca 2018. u\nKri\u017eevcima u kojima je Kranj\u010di\u0107, djeluju\u0107i od 1952. do 1968., zaslu\u017eio glas\nsvetosti. Misno je slavlje u kri\u017eeva\u010dkoj \u017eupnoj crkvi sv. Ane predvodio\nbjelovarsko-kri\u017eeva\u010dki biskup Vjekoslav Huzjak. Uvodno je \u017eupnik Stjepan\nSovi\u010dek pro\u010ditao \u017eivotopis Stjepana Kranj\u010di\u0107a, a biskup Huzjak je rekao da\nKranj\u010di\u0107 sve\u0107eni\u0161tvo nije \u017eivio za sebe, ve\u0107 za druge, da je Kranj\u010di\u0107 \u017eivot\n\u017eivio kao do\u0161a\u0161\u0107e, kao put susreta sa Spasiteljem. <\/p>\n\n\n\n<p>U propovijedi je biskup\nistaknuo da je Kranj\u010di\u0107 bio krhki \u010dovjek, ali da je svoj \u017eivot \u010dvrsto oslonio o\nBoga i da je postao navjestitelj Bo\u017eje rije\u010di, da je svoj \u017eivot posvetio\n\u010dovjeku, ljudima kojima je bio poslan. \u201eDok se spominjemo 100. obljetnice\nKranj\u010di\u0107eva ro\u0111enja ne mo\u017eemo a ne vidjeti da je ro\u0111en u godini zavr\u0161etka u\u017easa\nljudskoga roda 1. svjetskog rata, da je u sve\u0107eni\u010dki \u017eivot krenuo u vrijeme 2.\nsvjetskog rata, jo\u0161 jednoga te\u0161kog iskustva europskoga naroda, a da je kao\nsve\u0107enik djelovao u vremenu komunisti\u010dkog totalitarizma, u vremenima te\u0161kih\nsukoba i silnih stradanja. Kranj\u010di\u0107 se rodio i na dan kada je prije 9 godina\nosnovana Bjelovarsko-kri\u017eeva\u010dka biskupija\u201c, rekao je biskup Huzjak zahvaliv\u0161i\nBogu za \u017eivot Stjepana Kranj\u010di\u0107a, za dar njegova sve\u0107eni\u0161tva te je izrekao\n\u017eelju da Bog proslavi Kranj\u010di\u0107a onako kako on to \u017eeli. \u201eNeka primjer dr.\nKranj\u010di\u0107a nama bude nadahnu\u0107e da \u017eivimo onako kako je on \u017eivio jer nam on\npokazuje da se mo\u017ee \u017eivjeti po Kristovu primjeru\u201c, zaklju\u010dio je biskup Huzjak. Na\nkraju je mise s okupljenim vjernicima molio molitvu za otvorenje procesa za\nprogla\u0161enje bla\u017eenim Stjepana Kranj\u010di\u0107a. Misno je slavlje svojim pjevom\nobogatio zbor \u017eupe sv. Ane.<\/p>\n\n\n\n<p>Nakon euharistije Dramska\ndru\u017eina \u201eOzana\u201c iz Visokog kraj Novoga Marofa, pod vodstvom etnologa Tibora\nMartana, izvela je dramsko-scensku igru \u201e\u0160tefek\u201c posve\u0107enu Stjepanu Kranj\u010di\u0107u.<\/p>\n\n\n\n<p>Prije mise vjernici su se\nokupili na Kranj\u010di\u0107evu grobu na kri\u017eeva\u010dkom gradskom groblju. Molitvu je\npredvodio kri\u017eeva\u010dki kapelan Dominik Jai\u0107.<\/p>\n\n\n\n<p>Na sam dan ro\u0111enja\nStjepana Kranj\u010di\u0107a u srijedu 5. prosinca 2018. u po\u0161tanskom uredu Kri\u017eevci u\nuporabi je bio prigodni po\u0161tanski \u017eig na spomen 100. obljetnice Kranj\u010di\u0107eva\nro\u0111enja. Autorica crte\u017ea na omotnici je \u0160tefica Palo\u0161ika, a autori po\u0161tanskoga\n\u017eiga i omotnice su Stjepan Zenko Brezari\u0107 i Vladimir Palo\u0161ika. <\/p>\n\n\n\n<p>Proslavu 100. obljetnice\nKranj\u010di\u0107eva ro\u0111enja organizirala je Udruga za promicanje znamenitih Kri\u017eev\u010dana\n\u201eDr. Stjepan Kranj\u010di\u0107\u201c u zajedni\u0161tvu s kri\u017eeva\u010dkim \u017eupama sv. Ane te BDM\n\u017dalosne i sv. Marka Kri\u017eev\u010danina. &nbsp;&nbsp;&nbsp;<\/p>\n\n\n\n<ul class=\"wp-block-gallery columns-3 is-cropped wp-block-gallery-1 is-layout-flex wp-block-gallery-is-layout-flex\"><li class=\"blocks-gallery-item\"><figure><a href=\"https:\/\/kranjcic.hr\/wp-content\/uploads\/2018\/12\/001-Misa-1024x682.jpg\"><img loading=\"lazy\" decoding=\"async\" width=\"1024\" height=\"682\" src=\"https:\/\/kranjcic.hr\/wp-content\/uploads\/2018\/12\/001-Misa-1024x682.jpg\" alt=\"\" data-id=\"4415\" data-link=\"https:\/\/kranjcic.hr\/?attachment_id=4415\" class=\"wp-image-4415\" srcset=\"https:\/\/kranjcic.hr\/wp-content\/uploads\/2018\/12\/001-Misa-1024x682.jpg 1024w, https:\/\/kranjcic.hr\/wp-content\/uploads\/2018\/12\/001-Misa-120x80.jpg 120w, https:\/\/kranjcic.hr\/wp-content\/uploads\/2018\/12\/001-Misa-200x133.jpg 200w, https:\/\/kranjcic.hr\/wp-content\/uploads\/2018\/12\/001-Misa.jpg 1600w\" sizes=\"auto, (max-width: 1024px) 100vw, 1024px\" \/><\/a><\/figure><\/li><li class=\"blocks-gallery-item\"><figure><a href=\"https:\/\/kranjcic.hr\/wp-content\/uploads\/2018\/12\/002-Biskup-Huzjak-propovijeda-1024x682.jpg\"><img loading=\"lazy\" decoding=\"async\" width=\"1024\" height=\"682\" src=\"https:\/\/kranjcic.hr\/wp-content\/uploads\/2018\/12\/002-Biskup-Huzjak-propovijeda-1024x682.jpg\" alt=\"\" data-id=\"4416\" data-link=\"https:\/\/kranjcic.hr\/?attachment_id=4416\" class=\"wp-image-4416\" srcset=\"https:\/\/kranjcic.hr\/wp-content\/uploads\/2018\/12\/002-Biskup-Huzjak-propovijeda-1024x682.jpg 1024w, https:\/\/kranjcic.hr\/wp-content\/uploads\/2018\/12\/002-Biskup-Huzjak-propovijeda-120x80.jpg 120w, https:\/\/kranjcic.hr\/wp-content\/uploads\/2018\/12\/002-Biskup-Huzjak-propovijeda-200x133.jpg 200w, https:\/\/kranjcic.hr\/wp-content\/uploads\/2018\/12\/002-Biskup-Huzjak-propovijeda.jpg 2000w\" sizes=\"auto, (max-width: 1024px) 100vw, 1024px\" \/><\/a><\/figure><\/li><li class=\"blocks-gallery-item\"><figure><a href=\"https:\/\/kranjcic.hr\/wp-content\/uploads\/2018\/12\/003-Dramsko-scenska-igra-\u0160tefek-1--1024x682.jpg\"><img loading=\"lazy\" decoding=\"async\" width=\"1024\" height=\"682\" src=\"https:\/\/kranjcic.hr\/wp-content\/uploads\/2018\/12\/003-Dramsko-scenska-igra-\u0160tefek-1--1024x682.jpg\" alt=\"\" data-id=\"4417\" data-link=\"https:\/\/kranjcic.hr\/?attachment_id=4417\" class=\"wp-image-4417\" srcset=\"https:\/\/kranjcic.hr\/wp-content\/uploads\/2018\/12\/003-Dramsko-scenska-igra-\u0160tefek-1--1024x682.jpg 1024w, https:\/\/kranjcic.hr\/wp-content\/uploads\/2018\/12\/003-Dramsko-scenska-igra-\u0160tefek-1--120x80.jpg 120w, https:\/\/kranjcic.hr\/wp-content\/uploads\/2018\/12\/003-Dramsko-scenska-igra-\u0160tefek-1--200x133.jpg 200w, https:\/\/kranjcic.hr\/wp-content\/uploads\/2018\/12\/003-Dramsko-scenska-igra-\u0160tefek-1-.jpg 1600w\" sizes=\"auto, (max-width: 1024px) 100vw, 1024px\" \/><\/a><\/figure><\/li><li class=\"blocks-gallery-item\"><figure><a href=\"https:\/\/kranjcic.hr\/wp-content\/uploads\/2018\/12\/004-Dramsko-scenska-igra-\u0160tefek-2-1024x682.jpg\"><img loading=\"lazy\" decoding=\"async\" width=\"1024\" height=\"682\" src=\"https:\/\/kranjcic.hr\/wp-content\/uploads\/2018\/12\/004-Dramsko-scenska-igra-\u0160tefek-2-1024x682.jpg\" alt=\"\" data-id=\"4418\" data-link=\"https:\/\/kranjcic.hr\/?attachment_id=4418\" class=\"wp-image-4418\" srcset=\"https:\/\/kranjcic.hr\/wp-content\/uploads\/2018\/12\/004-Dramsko-scenska-igra-\u0160tefek-2-1024x682.jpg 1024w, https:\/\/kranjcic.hr\/wp-content\/uploads\/2018\/12\/004-Dramsko-scenska-igra-\u0160tefek-2-120x80.jpg 120w, https:\/\/kranjcic.hr\/wp-content\/uploads\/2018\/12\/004-Dramsko-scenska-igra-\u0160tefek-2-200x133.jpg 200w, https:\/\/kranjcic.hr\/wp-content\/uploads\/2018\/12\/004-Dramsko-scenska-igra-\u0160tefek-2.jpg 1600w\" sizes=\"auto, (max-width: 1024px) 100vw, 1024px\" \/><\/a><\/figure><\/li><li class=\"blocks-gallery-item\"><figure><a href=\"https:\/\/kranjcic.hr\/wp-content\/uploads\/2018\/12\/005-100-godina-Kranj\u010di\u0107eva-ro\u0111enja-prigodna-omotnica-sa-\u017eigom-1024x727.jpg\"><img loading=\"lazy\" decoding=\"async\" width=\"1024\" height=\"727\" src=\"https:\/\/kranjcic.hr\/wp-content\/uploads\/2018\/12\/005-100-godina-Kranj\u010di\u0107eva-ro\u0111enja-prigodna-omotnica-sa-\u017eigom-1024x727.jpg\" alt=\"\" data-id=\"4419\" data-link=\"https:\/\/kranjcic.hr\/?attachment_id=4419\" class=\"wp-image-4419\" srcset=\"https:\/\/kranjcic.hr\/wp-content\/uploads\/2018\/12\/005-100-godina-Kranj\u010di\u0107eva-ro\u0111enja-prigodna-omotnica-sa-\u017eigom-1024x727.jpg 1024w, https:\/\/kranjcic.hr\/wp-content\/uploads\/2018\/12\/005-100-godina-Kranj\u010di\u0107eva-ro\u0111enja-prigodna-omotnica-sa-\u017eigom-120x85.jpg 120w, https:\/\/kranjcic.hr\/wp-content\/uploads\/2018\/12\/005-100-godina-Kranj\u010di\u0107eva-ro\u0111enja-prigodna-omotnica-sa-\u017eigom-200x142.jpg 200w\" sizes=\"auto, (max-width: 1024px) 100vw, 1024px\" \/><\/a><\/figure><\/li><\/ul>\n","protected":false},"excerpt":{"rendered":"<p>Proslava 100. obljetnice ro\u0111enja \u017eupnika Stjepana Kranj\u010di\u0107a odr\u017eana je u \u010detvrtak 6. prosinca 2018. u Kri\u017eevcima u kojima je Kranj\u010di\u0107, djeluju\u0107i od 1952. do 1968., zaslu\u017eio glas svetosti. Misno je slavlje u kri\u017eeva\u010dkoj \u017eupnoj crkvi sv. Ane predvodio bjelovarsko-kri\u017eeva\u010dki biskup Vjekoslav Huzjak. Uvodno je \u017eupnik Stjepan Sovi\u010dek pro\u010ditao \u017eivotopis Stjepana&hellip; <\/p>\n","protected":false},"author":1,"featured_media":4415,"comment_status":"closed","ping_status":"closed","sticky":false,"template":"","format":"standard","meta":{"footnotes":""},"categories":[70,35],"tags":[],"class_list":["post-4414","post","type-post","status-publish","format-standard","has-post-thumbnail","hentry","category-70","category-kranjcicevo"],"_links":{"self":[{"href":"https:\/\/kranjcic.hr\/index.php?rest_route=\/wp\/v2\/posts\/4414","targetHints":{"allow":["GET"]}}],"collection":[{"href":"https:\/\/kranjcic.hr\/index.php?rest_route=\/wp\/v2\/posts"}],"about":[{"href":"https:\/\/kranjcic.hr\/index.php?rest_route=\/wp\/v2\/types\/post"}],"author":[{"embeddable":true,"href":"https:\/\/kranjcic.hr\/index.php?rest_route=\/wp\/v2\/users\/1"}],"replies":[{"embeddable":true,"href":"https:\/\/kranjcic.hr\/index.php?rest_route=%2Fwp%2Fv2%2Fcomments&post=4414"}],"version-history":[{"count":1,"href":"https:\/\/kranjcic.hr\/index.php?rest_route=\/wp\/v2\/posts\/4414\/revisions"}],"predecessor-version":[{"id":4420,"href":"https:\/\/kranjcic.hr\/index.php?rest_route=\/wp\/v2\/posts\/4414\/revisions\/4420"}],"wp:featuredmedia":[{"embeddable":true,"href":"https:\/\/kranjcic.hr\/index.php?rest_route=\/wp\/v2\/media\/4415"}],"wp:attachment":[{"href":"https:\/\/kranjcic.hr\/index.php?rest_route=%2Fwp%2Fv2%2Fmedia&parent=4414"}],"wp:term":[{"taxonomy":"category","embeddable":true,"href":"https:\/\/kranjcic.hr\/index.php?rest_route=%2Fwp%2Fv2%2Fcategories&post=4414"},{"taxonomy":"post_tag","embeddable":true,"href":"https:\/\/kranjcic.hr\/index.php?rest_route=%2Fwp%2Fv2%2Ftags&post=4414"}],"curies":[{"name":"wp","href":"https:\/\/api.w.org\/{rel}","templated":true}]}}