{"id":4423,"date":"2019-02-19T21:56:08","date_gmt":"2019-02-19T21:56:08","guid":{"rendered":"http:\/\/kranjcic.hr\/?p=4423"},"modified":"2019-04-03T17:45:05","modified_gmt":"2019-04-03T17:45:05","slug":"rezultati-natjecaja-za-8-susret-hrvatskoga-djecjega-duhovnoga-stvaralastva-stjepan-kranjcic","status":"publish","type":"post","link":"https:\/\/kranjcic.hr\/?p=4423","title":{"rendered":"REZULTATI NATJE\u010cAJA ZA 8. SUSRET HRVATSKOGA DJE\u010cJEGA DUHOVNOGA STVARALA\u0160TVA \u201eSTJEPAN KRANJ\u010cI\u0106\u201d"},"content":{"rendered":"\n<p>Stru\u010dno ocjenjiva\u010dko povjerenstvo za knji\u017eevni natje\u010daj u sastavu: Sonja Tomi\u0107 (predsjednica), Nada Babi\u0107 i Vojmil \u017dic te stru\u010dno ocjenjiva\u010dko povjerenstvo za likovni natje\u010daj u sastavu: Sonja Tomi\u0107 (predsjednica), Tomislav Buntak i Vojmil \u017dic, nakon \u0161to je pro\u010ditalo i pogledalo radove koje smo mu mi organizatori dostavili bez podataka o autorima, donijelo je odluku o rezultatima ovogodi\u0161njega natje\u010daja.<\/p>\n\n\n\n<p><a href=\"http:\/\/djecji.kranjcic.hr\/wp-content\/uploads\/2019\/02\/Rezultati-8.-Malog-Kranjcica.pdf\" target=\"_blank\" rel=\"noreferrer noopener\">REZULTATI<\/a><\/p>\n","protected":false},"excerpt":{"rendered":"<p>Stru\u010dno ocjenjiva\u010dko povjerenstvo za knji\u017eevni natje\u010daj u sastavu: Sonja Tomi\u0107 (predsjednica), Nada Babi\u0107 i Vojmil \u017dic te stru\u010dno ocjenjiva\u010dko povjerenstvo za likovni natje\u010daj u sastavu: Sonja Tomi\u0107 (predsjednica), Tomislav Buntak i Vojmil \u017dic, nakon \u0161to je pro\u010ditalo i pogledalo radove koje smo mu mi organizatori dostavili bez podataka o autorima,&hellip; <\/p>\n","protected":false},"author":1,"featured_media":4263,"comment_status":"closed","ping_status":"closed","sticky":false,"template":"","format":"standard","meta":{"footnotes":""},"categories":[74,73,31,18],"tags":[],"class_list":["post-4423","post","type-post","status-publish","format-standard","has-post-thumbnail","hentry","category-74","category-8-djecji-kranjcic","category-djecji-kranjcic","category-zbivanja"],"_links":{"self":[{"href":"https:\/\/kranjcic.hr\/index.php?rest_route=\/wp\/v2\/posts\/4423","targetHints":{"allow":["GET"]}}],"collection":[{"href":"https:\/\/kranjcic.hr\/index.php?rest_route=\/wp\/v2\/posts"}],"about":[{"href":"https:\/\/kranjcic.hr\/index.php?rest_route=\/wp\/v2\/types\/post"}],"author":[{"embeddable":true,"href":"https:\/\/kranjcic.hr\/index.php?rest_route=\/wp\/v2\/users\/1"}],"replies":[{"embeddable":true,"href":"https:\/\/kranjcic.hr\/index.php?rest_route=%2Fwp%2Fv2%2Fcomments&post=4423"}],"version-history":[{"count":2,"href":"https:\/\/kranjcic.hr\/index.php?rest_route=\/wp\/v2\/posts\/4423\/revisions"}],"predecessor-version":[{"id":4438,"href":"https:\/\/kranjcic.hr\/index.php?rest_route=\/wp\/v2\/posts\/4423\/revisions\/4438"}],"wp:featuredmedia":[{"embeddable":true,"href":"https:\/\/kranjcic.hr\/index.php?rest_route=\/wp\/v2\/media\/4263"}],"wp:attachment":[{"href":"https:\/\/kranjcic.hr\/index.php?rest_route=%2Fwp%2Fv2%2Fmedia&parent=4423"}],"wp:term":[{"taxonomy":"category","embeddable":true,"href":"https:\/\/kranjcic.hr\/index.php?rest_route=%2Fwp%2Fv2%2Fcategories&post=4423"},{"taxonomy":"post_tag","embeddable":true,"href":"https:\/\/kranjcic.hr\/index.php?rest_route=%2Fwp%2Fv2%2Ftags&post=4423"}],"curies":[{"name":"wp","href":"https:\/\/api.w.org\/{rel}","templated":true}]}}