{"id":4426,"date":"2019-04-03T17:40:07","date_gmt":"2019-04-03T17:40:07","guid":{"rendered":"http:\/\/kranjcic.hr\/?p=4426"},"modified":"2019-04-03T17:45:36","modified_gmt":"2019-04-03T17:45:36","slug":"spomen-svecanost-51-godisnjice-smrti-stjepana-kranjcica-i-zatvaranje-godine-stjepana-kranjcica-u-krizevcima","status":"publish","type":"post","link":"https:\/\/kranjcic.hr\/?p=4426","title":{"rendered":"SPOMEN-SVE\u010cANOST 51. GODI\u0160NJICE SMRTI STJEPANA KRANJ\u010cI\u0106A I  ZATVARANJE GODINE STJEPANA KRANJ\u010cI\u0106A U KRI\u017dEVCIMA"},"content":{"rendered":"\n<p>U Kri\u017eevcima \u0107e u srijedu 10.\ntravnja 2019. biti odr\u017eana spomen-sve\u010danost 51. godi\u0161njice smrti kri\u017eeva\u010dkoga\n\u017eupnika na glasu svetosti Stjepana Kranj\u010di\u0107a (1918. \u2013 1968.) te \u0107e biti zatvorena\nGodina Stjepana Kranj\u010di\u0107a koja je u povodu 100. obljetnice Kranj\u010di\u0107eva ro\u0111enja\ni 50. godi\u0161njice smrti trajala od 10. travnja 2018. <\/p>\n\n\n\n<p>Spomen-sve\u010danost zapo\u010det \u0107e u\n18.00 sati polaganjem vijenaca na Kranj\u010di\u0107ev grob na kri\u017eeva\u010dkom Gradskom\ngroblju.<\/p>\n\n\n\n<p>Zatim \u0107e sisa\u010dki biskup Vlado\nKo\u0161i\u0107 u 19.00 sati u crkvi sv. Ane predvoditi euharistijsko spomen-slavlje posve\u0107eno\nStjepanu Kranj\u010di\u0107u. Tom \u0107e prilikom biskup zatvoriti Godinu Stjepana Kranj\u010di\u0107a.\nMisu \u0107e glazbeno animirati zbor \u017eupe sv. Ane.<\/p>\n\n\n\n<p>U crkvi sv. Ane zatim \u0107e biti\npredstavljena knjiga \u201eRasijana ljubav. Stjepan Kranj\u010di\u0107 u knji\u017eevnosti\u201c\u201c urednice\ndr. sc. Tanje Baran. O knjizi \u0107e uz urednicu govoriti v. d. direktora i glavni\nurednik Glasa Koncila mons. Ivan Mikleni\u0107. Izabrane knji\u017eevne radove\ninterpretirat \u0107e glumac Dubravko Sidor, a u glazbenom \u0107e dijelu programa\nnastupiti kantautorica Daniela Sisgoreo-Morsan. <\/p>\n\n\n\n<p>Knjiga \u201eRasijana ljubav. Stjepan\nKranj\u010di\u0107 u knji\u017eevnosti\u201c izbor je poezije (i uglazbljenih stihova), proze (kratkih\npri\u010da i putopisa te eseja) i dramskih oblika koju su u \u010dast Stjepanu Kranj\u010di\u0107u\nnapisali poznati hrvatski pisci. Tako su u knjizi objavljene 34 pjesme, 20\nproznih ostvaraja te 4 dramska oblika. Predgovor knjizi napisali su\nbjelovarsko-kri\u017eeva\u010dki biskup mons. Vjekoslav Huzjak i sisa\u010dki biskup mons.\nVlado Ko\u0161i\u0107. Izdava\u010d knjige je Udruga za promicanje znamenitih Kri\u017eev\u010dana \u201eDr.\nStjepan Kranj\u010di\u0107\u201c, a nakladnik Glas Koncila. <\/p>\n\n\n\n<p>Organizatori proslave Kranj\u010di\u0107eva spomendana su Udruga \u201eDr. Stjepan Kranj\u010di\u0107\u201c te kri\u017eeva\u010dke \u017eupe sv. Ane te BDM \u017dalosne i sv. Marka Kri\u017eev\u010danina. Pokrovitelji sve\u010danosti su Grad Kri\u017eevci i poduze\u0107e KTC.<\/p>\n\n\n\n<h2 class=\"wp-block-heading\"><a href=\"https:\/\/kranjcic.hr\/wp-content\/uploads\/2019\/04\/Pozivnica-Kranj\u010di\u0107evo-2019.-i-zavr\u0161etak-Godine-Stjepana-Kranj\u010di\u0107a.pdf\">POZIVNICA<\/a><\/h2>\n\n\n\n<figure class=\"wp-block-image\"><img loading=\"lazy\" decoding=\"async\" width=\"700\" height=\"1000\" src=\"https:\/\/kranjcic.hr\/wp-content\/uploads\/2019\/04\/Plakat-Kranj\u010di\u0107evo-2019.jpg\" alt=\"\" class=\"wp-image-4427\" srcset=\"https:\/\/kranjcic.hr\/wp-content\/uploads\/2019\/04\/Plakat-Kranj\u010di\u0107evo-2019.jpg 700w, https:\/\/kranjcic.hr\/wp-content\/uploads\/2019\/04\/Plakat-Kranj\u010di\u0107evo-2019-84x120.jpg 84w, https:\/\/kranjcic.hr\/wp-content\/uploads\/2019\/04\/Plakat-Kranj\u010di\u0107evo-2019-105x150.jpg 105w\" sizes=\"auto, (max-width: 700px) 100vw, 700px\" \/><\/figure>\n\n\n\n<figure class=\"wp-block-image\"><img loading=\"lazy\" decoding=\"async\" width=\"674\" height=\"1000\" src=\"https:\/\/kranjcic.hr\/wp-content\/uploads\/2019\/04\/Naslovnica-Rasijana-ljubav.jpg\" alt=\"\" class=\"wp-image-4428\" srcset=\"https:\/\/kranjcic.hr\/wp-content\/uploads\/2019\/04\/Naslovnica-Rasijana-ljubav.jpg 674w, https:\/\/kranjcic.hr\/wp-content\/uploads\/2019\/04\/Naslovnica-Rasijana-ljubav-81x120.jpg 81w, https:\/\/kranjcic.hr\/wp-content\/uploads\/2019\/04\/Naslovnica-Rasijana-ljubav-101x150.jpg 101w\" sizes=\"auto, (max-width: 674px) 100vw, 674px\" \/><figcaption>Naslovnica knjige<\/figcaption><\/figure>\n\n\n\n<ul class=\"wp-block-gallery columns-0 is-cropped wp-block-gallery-1 is-layout-flex wp-block-gallery-is-layout-flex\"><\/ul>\n","protected":false},"excerpt":{"rendered":"<p>U Kri\u017eevcima \u0107e u srijedu 10. travnja 2019. biti odr\u017eana spomen-sve\u010danost 51. godi\u0161njice smrti kri\u017eeva\u010dkoga \u017eupnika na glasu svetosti Stjepana Kranj\u010di\u0107a (1918. \u2013 1968.) te \u0107e biti zatvorena Godina Stjepana Kranj\u010di\u0107a koja je u povodu 100. obljetnice Kranj\u010di\u0107eva ro\u0111enja i 50. godi\u0161njice smrti trajala od 10. travnja 2018. Spomen-sve\u010danost zapo\u010det&hellip; <\/p>\n","protected":false},"author":1,"featured_media":4427,"comment_status":"closed","ping_status":"closed","sticky":false,"template":"","format":"standard","meta":{"footnotes":""},"categories":[74,33,9,35,18],"tags":[],"class_list":["post-4426","post","type-post","status-publish","format-standard","has-post-thumbnail","hentry","category-74","category-godina-dr-stjepana-kranjcica","category-najave","category-kranjcicevo","category-zbivanja"],"_links":{"self":[{"href":"https:\/\/kranjcic.hr\/index.php?rest_route=\/wp\/v2\/posts\/4426","targetHints":{"allow":["GET"]}}],"collection":[{"href":"https:\/\/kranjcic.hr\/index.php?rest_route=\/wp\/v2\/posts"}],"about":[{"href":"https:\/\/kranjcic.hr\/index.php?rest_route=\/wp\/v2\/types\/post"}],"author":[{"embeddable":true,"href":"https:\/\/kranjcic.hr\/index.php?rest_route=\/wp\/v2\/users\/1"}],"replies":[{"embeddable":true,"href":"https:\/\/kranjcic.hr\/index.php?rest_route=%2Fwp%2Fv2%2Fcomments&post=4426"}],"version-history":[{"count":5,"href":"https:\/\/kranjcic.hr\/index.php?rest_route=\/wp\/v2\/posts\/4426\/revisions"}],"predecessor-version":[{"id":4437,"href":"https:\/\/kranjcic.hr\/index.php?rest_route=\/wp\/v2\/posts\/4426\/revisions\/4437"}],"wp:featuredmedia":[{"embeddable":true,"href":"https:\/\/kranjcic.hr\/index.php?rest_route=\/wp\/v2\/media\/4427"}],"wp:attachment":[{"href":"https:\/\/kranjcic.hr\/index.php?rest_route=%2Fwp%2Fv2%2Fmedia&parent=4426"}],"wp:term":[{"taxonomy":"category","embeddable":true,"href":"https:\/\/kranjcic.hr\/index.php?rest_route=%2Fwp%2Fv2%2Fcategories&post=4426"},{"taxonomy":"post_tag","embeddable":true,"href":"https:\/\/kranjcic.hr\/index.php?rest_route=%2Fwp%2Fv2%2Ftags&post=4426"}],"curies":[{"name":"wp","href":"https:\/\/api.w.org\/{rel}","templated":true}]}}