{"id":4446,"date":"2019-04-14T10:37:57","date_gmt":"2019-04-14T10:37:57","guid":{"rendered":"http:\/\/kranjcic.hr\/?p=4446"},"modified":"2019-04-14T10:40:57","modified_gmt":"2019-04-14T10:40:57","slug":"odrzan-8-djecji-kranjcic-u-krizevcima","status":"publish","type":"post","link":"https:\/\/kranjcic.hr\/?p=4446","title":{"rendered":"ODR\u017dAN 8. \u201eDJE\u010cJI KRANJ\u010cI\u0106\u201d U KRI\u017dEVCIMA"},"content":{"rendered":"\n<p>U Hrvatskom domu u Kri\u017eevcima u subotu 13. travnja 2019. odr\u017eana je zavr\u0161na sve\u010danost 8. Susreta hrvatskoga dje\u010djega duhovnoga stvarala\u0161tva \u201eStjepan Kranj\u010di\u0107\u201d za knji\u017eevno i likovno stvarala\u0161tvo u\u010denika osnovnih \u0161kola u Republici Hrvatskoj. Tom su prigodom dodijeljene nagrade u\u010denicima najuspjelijih radova, likovni su radovi prikazani na prigodnoj izlo\u017ebi \u201eDobro do\u0161li u \u0161kolu\u201d, dio knji\u017eevnih radova javno je izveden, a naj\u0161iri je izbor radova po \u017eanrovima (poezija, proza, igrokazi) objavljen u zborniku \u201eU\u010ditelju, gdje stanuje\u0161?\u201d.<\/p>\n\n\n\n<!--more-->\n\n\n\n<p>Nakon toga je prof. Vesna Budinski u kri\u017eeva\u010dkoj Osnovnoj \u0161koli Ljudevita Modeca odr\u017eala radionicu \u201eKr\u0161\u0107anske vrednote u dje\u010djem stvarala\u0161tvu\u201d za mentore, a u\u010diteljice Lucija Martin\u010di\u0107 i Jelena Kuzijev Topolov\u010dan za u\u010denike. Susret je zavr\u0161en turisti\u010dkim obilaskom Kri\u017eevaca.<\/p>\n\n\n\n<p>Susret su uime organizatora predvodili ravnatelj Osnovne \u0161kole Ljudevita Modeca Dra\u017een Bokan i predsjednica Udruge za promicanje znamenitih Kri\u017eev\u010dana \u201eDr. Stjepan Kranj\u010di\u0107\u201d Tanja Baran, suorganizatorski dekan U\u010diteljskog fakulteta Sveu\u010dili\u0161ta u Zagrebu Sini\u0161a Opi\u0107, a nazo\u010dio je saborski zastupnik Branko Hrg. Dekan Opi\u0107 je, odu\u0161evljen bogatstvom sadr\u017eaja koja su djeca stvorila, istaknuo da se nada da \u0107e sljede\u0107e godine \u201eDje\u010dji Kranj\u010di\u0107\u201c biti prva vijest u svim dnevnicima i da je u Kri\u017eevcima na Susretu vi\u0111eno najbolje \u0161to Hrvatska ima.<\/p>\n\n\n\n<figure class=\"wp-block-image\"><img decoding=\"async\" src=\"http:\/\/djecji.kranjcic.hr\/wp-content\/uploads\/2019\/04\/dekan.jpg\" alt=\"\" class=\"wp-image-507\"\/><\/figure>\n\n\n\n<p>U \u017eanru poezije prvu je nagradu stru\u010dnog ocjenjiva\u010dkog suda za pjesmu \u201eU\u010diti na vrelu tvoje ljubavi\u201d osvojio u\u010denik 7. razreda Osnovne \u0161kole \u201eJosip Kozarac\u02ee iz Slavonskog \u0160amca Fabijan Vo\u0111inac (mentor Josip Galovi\u0107). Druga je nagrada za pjesmu \u201eU\u010ditelj moj i Bog moj\u201d pripala Nataly Kombol, u\u010denici 5. razreda Osnovne \u0161kole Turni\u0107 iz Rijeke (mentorica Vesna Rabak). Tre\u0107u je nagradu osvojio u\u010denik 3. razreda Osnovne \u0161kole Turni\u0107 iz Rijeke Antonio Peji\u0107 za pjesmu \u201e\u0160kola je fora\u201d (mentorica Vesna Rabak). Nagrade za poeziju u\u010denicama i mentorima uime pokrovitelja \u201eGlasa Koncila\u201d, koji je i nakladnik zbornika, uru\u010dio je Vojmil \u017dic.<\/p>\n\n\n\n<figure class=\"wp-block-image\"><img decoding=\"async\" src=\"http:\/\/djecji.kranjcic.hr\/wp-content\/uploads\/2019\/04\/poezija.jpg\" alt=\"\" class=\"wp-image-513\"\/><\/figure>\n\n\n\n<p>U \u017eanru proze prvu je nagradu stru\u010dnog ocjenjiva\u010dkog suda za pri\u010du \u201eJudina kreda\u201d osvojio Luka Lon\u010dar, u\u010denik 6. razreda Osnovna \u0161kola Belec (mentor Mario \u0160imudvarac). Drugu je nagradu za rad \u201eJedan je Emanuel&#8230;\u201d osvojio Fabijan Vo\u0111inac, u\u010denik 7. razreda Osnovna \u0161kola \u201eJosip Kozarac\u02ee iz Slavonskog \u0160amca (mentor Josip Galovi\u0107), dok je tre\u0107a nagrada pripala Lauri Toma\u0161i\u0107, u\u010denici 8. razreda Osnovne \u0161kole Ljudevita Modeca iz Kri\u017eevaca za rad \u201eTikovi\u201d (mentorica Valentina Juri\u0161i\u0107). Nagrade za prozu uime izdava\u010dke ku\u0107e \u201e\u0160kolska knjiga\u201d uru\u010dila je Matilda Buli\u0107.<\/p>\n\n\n\n<figure class=\"wp-block-image\"><img decoding=\"async\" src=\"http:\/\/djecji.kranjcic.hr\/wp-content\/uploads\/2019\/04\/proza.jpg\" alt=\"\" class=\"wp-image-514\"\/><\/figure>\n\n\n\n<p>U \u017eanru igrokaza prvu nagradu stru\u010dnog ocjenjiva\u010dkog suda osvojila je u\u010denica 5. razreda Osnovne \u0161kole Visoko Elena \u0160turbek za igrokaz \u201eVid i u\u010ditelji\u201d (mentor Tibor Martan). Druga nagrada za igrokaz \u201eO galebu i Isusu\u201d pripala je Ivone Pliveli\u0107, u\u010denici 7. razreda Osnovne \u0161kole Petrijanec (mentorica \u017deljka Rabuzin), a tre\u0107u nagradu za igrokaz \u201eU\u010diteljica Marica\u201d osvojila je u\u010denica 5. razreda Osnovne \u0161kole Visoko kraj Novog Marofa Matea Pavli\u010dek (mentor Tibor Martan). Nagrade za igrokaz uime izdava\u010dke ku\u0107e \u201eVerbum\u201d uru\u010dila je Dubravka Cimi\u0107-Mores.<\/p>\n\n\n\n<figure class=\"wp-block-image\"><img decoding=\"async\" src=\"http:\/\/djecji.kranjcic.hr\/wp-content\/uploads\/2019\/04\/igrokaz.jpg\" alt=\"\" class=\"wp-image-508\"\/><\/figure>\n\n\n\n<figure class=\"wp-block-image\"><img decoding=\"async\" src=\"http:\/\/djecji.kranjcic.hr\/wp-content\/uploads\/2019\/04\/likovni.jpg\" alt=\"\" class=\"wp-image-511\"\/><\/figure>\n\n\n\n<p>Prvu nagradu za likovno stvarala\u0161tvo stru\u010dnog ocjenjiva\u010dkog suda za rad \u201eU\u010diteljice\u201d osvojio je Marijan Gazdi\u0107, u\u010denik Centra za odgoj i obrazovanje \u201eIvan \u0160tark\u02ee iz Osijeka (mentorica Ivana Boda). Drugu nagradu za likovno stvarala\u0161tvo za rad \u201eU\u010dim \u017eivot\u201d osvojila je Lana Humi\u0107, u\u010denica 6. razreda Osnovne \u0161kole Alojzija Stepinca iz Zagreba (mentorica Dragica Lovri\u0107), dok je tre\u0107u nagradu za rad \u201eNa\u0161a u\u010diteljica\u201d osvojila Andrea Mari\u0107, u\u010denica 2. razreda Osnovne \u0161kole Josipa Lovreti\u0107a iz Otoka (mentorica Martina Bakovi\u0107). Nagradu za likovno stvarala\u0161tvo uime Ogranka Matice hrvatske iz Kri\u017eevaca i Dubrovnika uru\u010dio je Stjepan Palijan.<\/p>\n\n\n\n<figure class=\"wp-block-image\"><img decoding=\"async\" src=\"http:\/\/djecji.kranjcic.hr\/wp-content\/uploads\/2019\/04\/likovni.jpg\" alt=\"\" class=\"wp-image-511\"\/><\/figure>\n\n\n\n<p>Vi\u0161e je u\u010denika i njihovih mentora dobilo dodatne nagrade Naklade Ljevak koje je uru\u010dila Ru\u017ea Kraljik.<\/p>\n\n\n\n<p>Pokrovitelji zavr\u0161noga susreta 8. \u201eDje\u010djeg Kranj\u010di\u0107a\u201d bili su predsjednica Republike Hrvatske Kolinda Grabar-Kitarovi\u0107, Ministarstvo znanosti i obrazovanja, Grad Kri\u017eevci, Koprivni\u010dko-kri\u017eeva\u010dka \u017eupanija, Vara\u017edinska biskupija i \u0160kolska knjiga, a doprinos organizaciji Susreta dale su kri\u017eeva\u010dke \u017eupe sv. Ane te BDM \u017dalosne i sv. Marka Kri\u017eev\u010danina, Pu\u010dko otvoreno u\u010dili\u0161te Kri\u017eevci, Gradsko dru\u0161tvo Crvenoga kri\u017ea Kri\u017eevci i roditelji djece O\u0160 Ljudevita Modeca.<\/p>\n\n\n\n<figure class=\"wp-block-image\"><img decoding=\"async\" src=\"http:\/\/djecji.kranjcic.hr\/wp-content\/uploads\/2019\/04\/sastav-studenti.jpg\" alt=\"\" class=\"wp-image-517\"\/><\/figure>\n\n\n\n<figure class=\"wp-block-image\"><img decoding=\"async\" src=\"http:\/\/djecji.kranjcic.hr\/wp-content\/uploads\/2019\/04\/ples.jpg\" alt=\"\" class=\"wp-image-512\"\/><\/figure>\n\n\n\n<p>Zavr\u0161noj je sve\u010danosti prethodio natje\u010daj koji je bio otvoren od 15. listopada do 15. prosinca 2018. godine. Organizatori Osnovna \u0161kole Ljudevita Modeca i Udruga za promicanje znamenitih Kri\u017eev\u010dana \u201eDr. Stjepan Kranj\u010di\u0107\u201d predlo\u017eili su da tema ovogodi\u0161njega natje\u010daja bude u\u010ditelj, u\u010diteljica, \u0161kola. U Kri\u017eevce je na natje\u010daj pristiglo 213 knji\u017eevnih te 163 likovna rada iz ukupno 74 \u0161kola s podru\u010dja cijele Republike Hrvatske. Na knji\u017eevni natje\u010daj javilo se 190 u\u010denika iz 58 \u0161kola te 21 u\u010denik koji se na natje\u010daj javio samostalno. Natje\u010daj je obuhva\u0107ao tri \u017eanra (poezija, proza, igrokaz) te je pristiglo 108 pjesama, 85 proznih radova i 20 igrokaza. Na likovni natje\u010daj javilo se 129 u\u010denika iz 46 \u0161kola te 33 u\u010denika koji su se na natje\u010daj javili samostalno. Stru\u010dno ocjenjiva\u010dko povjerenstvo za knji\u017eevni natje\u010daj u sastavu: Sonja Tomi\u0107 (predsjednica), Nada Babi\u0107 i Vojmil \u017dic te stru\u010dno ocjenjiva\u010dko povjerenstvo za likovni natje\u010daj u sastavu: Sonja Tomi\u0107 (predsjednica), Tomislav Buntak i Vojmil \u017dic, nakon \u0161to je pro\u010ditalo i pregledalo radove bez znanja o identitetu autora, odlu\u010dilo je da \u0107e na zavr\u0161noj sve\u010danosti u Kri\u017eevcima u subotu 13. travnja 2019. nagra\u0111ena biti 24 rada, i to 18 knji\u017eevnih i 6 likovnih radova, 18 \u0107e knji\u017eevnih radova biti javno izvedeno, a 29 likovnih radova izlo\u017eeno na prigodnoj izlo\u017ebi \u201eDobro do\u0161li u \u0161kolu\u201d. Za objavu u zborniku \u201eU\u010ditelju, gdje stanuje\u0161?\u201d stru\u010dno je povjerenstvo izabralo 54 knji\u017eevna i 29 likovnih radova.<\/p>\n\n\n\n<p>Susret hrvatskoga dje\u010djega duhovnoga stvarala\u0161tva \u201eStjepan Kranj\u010di\u0107\u201d jedini je natje\u010daj i susret za dje\u010dje duhovno knji\u017eevno i likovno stvarala\u0161tvo na nacionalnoj razini u Republici Hrvatskoj za djecu osnovnih \u0161kola. Nazvan je prema kri\u017eeva\u010dkom \u017eupniku na glasu svetosti Stjepanu Kranj\u010di\u0107u koji je i s\u00e2m pisao knji\u017eevne radove katoli\u010dke tematike. Organizatori su raspisali natje\u010daj na krilima uspje\u0161noga natje\u010daja i knji\u017eevnoga susreta za duhovnu knji\u017eevnost na nacionalnoj razini za odrasle &#8211; Susreta hrvatskoga duhovnoga knji\u017eevnoga stvarala\u0161tva \u201eStjepan Kranj\u010di\u0107\u201d koji \u0107e ove godine biti odr\u017ean jedanaesti put.<\/p>\n\n\n\n<p>Dje\u010djim susretom \u201eStjepan Kranj\u010di\u0107\u201d \u017eeli se potaknuti stvaranje suvremenih dje\u010djih duhovnih knji\u017eevnih (poezija, proza, igrokazi) i likovnih radova protkanih kr\u0161\u0107anskim vrednotama.<\/p>\n\n\n\n<figure class=\"wp-block-image\"><img decoding=\"async\" src=\"http:\/\/djecji.kranjcic.hr\/wp-content\/uploads\/2019\/04\/izlo\u017eba.jpg\" alt=\"\" class=\"wp-image-510\"\/><\/figure>\n\n\n\n<figure class=\"wp-block-image\"><img decoding=\"async\" src=\"http:\/\/djecji.kranjcic.hr\/wp-content\/uploads\/2019\/04\/radionica-ucitelji.jpg\" alt=\"\" class=\"wp-image-516\"\/><\/figure>\n\n\n\n<figure class=\"wp-block-image\"><img decoding=\"async\" src=\"http:\/\/djecji.kranjcic.hr\/wp-content\/uploads\/2019\/04\/radionica-djeca.jpg\" alt=\"\" class=\"wp-image-515\"\/><\/figure>\n\n\n\n<h3 class=\"wp-block-heading\"><\/h3>\n\n\n\n<p><\/p>\n\n\n\n<h2 class=\"wp-block-heading\"><a href=\"https:\/\/photos.google.com\/share\/AF1QipNATNkBsvrxMwqTILyxTl9Bttn_QWVjnCIsCcZNB6M4HYpKfEeI5O7AoyHErQnsTQ?key=YkJBeV84Q2VVVzhUS1E3ZTMzY2dZZEpGQVlJT1VB\">VI\u0160E FOTOGRAFIJA<\/a><\/h2>\n\n\n\n<p><\/p>\n\n\n\n<p><\/p>\n","protected":false},"excerpt":{"rendered":"<p>U Hrvatskom domu u Kri\u017eevcima u subotu 13. travnja 2019. odr\u017eana je zavr\u0161na sve\u010danost 8. Susreta hrvatskoga dje\u010djega duhovnoga stvarala\u0161tva \u201eStjepan Kranj\u010di\u0107\u201d za knji\u017eevno i likovno stvarala\u0161tvo u\u010denika osnovnih \u0161kola u Republici Hrvatskoj. Tom su prigodom dodijeljene nagrade u\u010denicima najuspjelijih radova, likovni su radovi prikazani na prigodnoj izlo\u017ebi \u201eDobro do\u0161li&hellip; <\/p>\n","protected":false},"author":1,"featured_media":4449,"comment_status":"closed","ping_status":"closed","sticky":false,"template":"","format":"standard","meta":{"footnotes":""},"categories":[74,73,31,18],"tags":[],"class_list":["post-4446","post","type-post","status-publish","format-standard","has-post-thumbnail","hentry","category-74","category-8-djecji-kranjcic","category-djecji-kranjcic","category-zbivanja"],"_links":{"self":[{"href":"https:\/\/kranjcic.hr\/index.php?rest_route=\/wp\/v2\/posts\/4446","targetHints":{"allow":["GET"]}}],"collection":[{"href":"https:\/\/kranjcic.hr\/index.php?rest_route=\/wp\/v2\/posts"}],"about":[{"href":"https:\/\/kranjcic.hr\/index.php?rest_route=\/wp\/v2\/types\/post"}],"author":[{"embeddable":true,"href":"https:\/\/kranjcic.hr\/index.php?rest_route=\/wp\/v2\/users\/1"}],"replies":[{"embeddable":true,"href":"https:\/\/kranjcic.hr\/index.php?rest_route=%2Fwp%2Fv2%2Fcomments&post=4446"}],"version-history":[{"count":2,"href":"https:\/\/kranjcic.hr\/index.php?rest_route=\/wp\/v2\/posts\/4446\/revisions"}],"predecessor-version":[{"id":4450,"href":"https:\/\/kranjcic.hr\/index.php?rest_route=\/wp\/v2\/posts\/4446\/revisions\/4450"}],"wp:featuredmedia":[{"embeddable":true,"href":"https:\/\/kranjcic.hr\/index.php?rest_route=\/wp\/v2\/media\/4449"}],"wp:attachment":[{"href":"https:\/\/kranjcic.hr\/index.php?rest_route=%2Fwp%2Fv2%2Fmedia&parent=4446"}],"wp:term":[{"taxonomy":"category","embeddable":true,"href":"https:\/\/kranjcic.hr\/index.php?rest_route=%2Fwp%2Fv2%2Fcategories&post=4446"},{"taxonomy":"post_tag","embeddable":true,"href":"https:\/\/kranjcic.hr\/index.php?rest_route=%2Fwp%2Fv2%2Ftags&post=4446"}],"curies":[{"name":"wp","href":"https:\/\/api.w.org\/{rel}","templated":true}]}}