{"id":4464,"date":"2019-05-06T15:05:11","date_gmt":"2019-05-06T15:05:11","guid":{"rendered":"http:\/\/kranjcic.hr\/?p=4464"},"modified":"2019-05-06T15:05:13","modified_gmt":"2019-05-06T15:05:13","slug":"retrospektivna-izlozba-hrvatski-sveci-i-blazenici-u-nasem-narodu-kod-kapucina-u-zagrebackoj-dubravi","status":"publish","type":"post","link":"https:\/\/kranjcic.hr\/?p=4464","title":{"rendered":"RETROSPEKTIVNA IZLO\u017dBA \u201eHRVATSKI SVECI I BLA\u017dENICI U NA\u0160EM NARODU\u201d KOD KAPUCINA U ZAGREBA\u010cKOJ DUBRAVI"},"content":{"rendered":"\n<p><a>Retrospektivna izlo\u017eba \u201eHrvatski\nsveci i bla\u017eenici u na\u0161em narodu\u201d otvara se, uo\u010di svetkovine sv. Leopolda\nBogdana Mandi\u0107a, u petak 10. svibnja u dvorani kapucinskog samostana sv.\nLeopolda Bogdana Mandi\u0107a u zagreba\u010dkoj Dubravi, nakon ve\u010dernje mise u 19 sati.<\/a><\/p>\n\n\n\n<!--more-->\n\n\n\n<p><br>\nRije\u010d je o izlo\u017ebi koja se ve\u0107 deset godina\noblikuje za \u201eDane hrvatskih svetaca i bla\u017eenika\u201d u Kri\u017eevcima, a nakon toga\nputuje po Hrvatskoj. Deseta izlo\u017eba donosi radove vi\u0161e likovnih umjetnika koji\nsu bili autori samostalnih izlo\u017eaba na dosada\u0161njim manifestacijama \u201eDana hrvatskih\nsvetaca i bla\u017eenika\u201d. Rije\u010d je o djelima autora Branimira Doroti\u0107a, Maje\nVidovi\u0107, Josipa Botterija Dinija, Ane Marije Botteri, Hrvoja Marka Peruzovi\u0107a,\nAnte Mamu\u0161e i Ivane \u0106avar. Organizatori izlo\u017ebe su Galerija hrvatske sakralne\numjetnosti \u201eLaudato\u201d, Hrvatska kapucinska provincija i Udruga za promicanje\nznamenitih Kri\u017eev\u010dana \u201eDr. Stjepan Kranj\u010di\u0107\u201d.<\/p>\n\n\n\n<p>U programu otvorenja sudjelovat \u0107e\ndirektorica \u201eLaudata\u201d Ksenija Abramovi\u0107, likovni kriti\u010dar Stanko \u0160poljari\u0107 te u\nime umjetnika Hrvoje Marko Peruzovi\u0107. Izlo\u017ebu \u0107e otvoriti provincijal\nHrvatske kapucinske provincije fra Jure \u0160ar\u010devi\u0107, glazbeni obol dat \u0107e\nmagistrica gitare Tamara Perc, a kroz program \u0107e voditi predsjednica Udruge za promicanje znamenitih Kri\u017eev\u010dana \u201eDr.\nStjepan Kranj\u010di\u0107\u201d Tanja Baran. <\/p>\n","protected":false},"excerpt":{"rendered":"<p>Retrospektivna izlo\u017eba \u201eHrvatski sveci i bla\u017eenici u na\u0161em narodu\u201d otvara se, uo\u010di svetkovine sv. Leopolda Bogdana Mandi\u0107a, u petak 10. svibnja u dvorani kapucinskog samostana sv. Leopolda Bogdana Mandi\u0107a u zagreba\u010dkoj Dubravi, nakon ve\u010dernje mise u 19 sati.<\/p>\n","protected":false},"author":1,"featured_media":0,"comment_status":"closed","ping_status":"closed","sticky":false,"template":"","format":"standard","meta":{"footnotes":""},"categories":[71,74,30],"tags":[],"class_list":["post-4464","post","type-post","status-publish","format-standard","hentry","category-10-dani-hsib","category-74","category-dani-hrvatskih-svetaca-i-blazenika"],"_links":{"self":[{"href":"https:\/\/kranjcic.hr\/index.php?rest_route=\/wp\/v2\/posts\/4464","targetHints":{"allow":["GET"]}}],"collection":[{"href":"https:\/\/kranjcic.hr\/index.php?rest_route=\/wp\/v2\/posts"}],"about":[{"href":"https:\/\/kranjcic.hr\/index.php?rest_route=\/wp\/v2\/types\/post"}],"author":[{"embeddable":true,"href":"https:\/\/kranjcic.hr\/index.php?rest_route=\/wp\/v2\/users\/1"}],"replies":[{"embeddable":true,"href":"https:\/\/kranjcic.hr\/index.php?rest_route=%2Fwp%2Fv2%2Fcomments&post=4464"}],"version-history":[{"count":1,"href":"https:\/\/kranjcic.hr\/index.php?rest_route=\/wp\/v2\/posts\/4464\/revisions"}],"predecessor-version":[{"id":4465,"href":"https:\/\/kranjcic.hr\/index.php?rest_route=\/wp\/v2\/posts\/4464\/revisions\/4465"}],"wp:attachment":[{"href":"https:\/\/kranjcic.hr\/index.php?rest_route=%2Fwp%2Fv2%2Fmedia&parent=4464"}],"wp:term":[{"taxonomy":"category","embeddable":true,"href":"https:\/\/kranjcic.hr\/index.php?rest_route=%2Fwp%2Fv2%2Fcategories&post=4464"},{"taxonomy":"post_tag","embeddable":true,"href":"https:\/\/kranjcic.hr\/index.php?rest_route=%2Fwp%2Fv2%2Ftags&post=4464"}],"curies":[{"name":"wp","href":"https:\/\/api.w.org\/{rel}","templated":true}]}}