{"id":4467,"date":"2019-05-08T08:27:22","date_gmt":"2019-05-08T08:27:22","guid":{"rendered":"http:\/\/kranjcic.hr\/?p=4467"},"modified":"2019-05-08T08:28:44","modified_gmt":"2019-05-08T08:28:44","slug":"radionice-na-temu-hrvatskih-svetaca-i-blazenika-11-put-u-krizevcima","status":"publish","type":"post","link":"https:\/\/kranjcic.hr\/?p=4467","title":{"rendered":"RADIONICE NA TEMU HRVATSKIH SVETACA I BLA\u017dENIKA 11. PUT U KRI\u017dEVCIMA"},"content":{"rendered":"\n<p>U\nsklopu 11. Dana hrvatskih svetaca i bla\u017eenika, koji \u0107e u Kri\u017eevcima biti\nodr\u017eani od 23. do 26. svibnja 2019., <strong>u\nsubotu 25. svibnja<\/strong> bit \u0107e odr\u017eana literarna, novinarska, likovna, dramska,\nglazbena i plesna radionica za djecu i mlade\u017e posve\u0107ena hrvatskim svecima i\nbla\u017eenicima.<\/p>\n\n\n\n<p>Program\nradionica \u201eHrvatski sveci i bla\u017eenici\u201c zapo\u010det \u0107e u 10.00 sati u maloj dvorani\nHrvatskoga doma u Kri\u017eevcima (A. G. Mato\u0161a 4). Javna izvedba sadr\u017eaja stvorenih\nna radionicama bit \u0107e u&nbsp;15.00 sati u velikoj dvorani Hrvatskoga doma.&nbsp;Sav\npotreban pribor, ru\u010dak i ugodno radno ozra\u010dje, osigurani su. Medijski\npokrovitelj radionica je \u201eMali koncil &#8211; MAK\u201c. <\/p>\n\n\n\n<p><strong>Informacije i prijave ekipa<\/strong> s oko deset \u010dlanova (pozvani su osnovno\u0161kolci i\nsrednjo\u0161kolci) su <strong>do ponedjeljka 20.\nsvibnja 2019.<\/strong> na e-adresu i broj mobitela vjerou\u010diteljice Valentine\nJuri\u0161i\u0107: <strong><a href=\"mailto:val.jurisic@gmail.com\">val.jurisic@gmail.com<\/a>, 098 1784 005<\/strong>.<\/p>\n\n\n\n<p>Dragi\nvjerou\u010denici, po\u0161tovani \u017eupnici, kapelani, \u010dasne sestre, vjerou\u010ditelji, \u017eupni\nsuradnici laici, raduju\u0107i se na\u0161em&nbsp;zajedni\u010dkom susretu oko hrvatskih svetaca\ni bla\u017eenika radosno vas iz Udruge za promicanje znamenitih Kri\u017eev\u010dana \u201eDr.\nStjepan Kranj\u010di\u0107\u201c i kri\u017eeva\u010dkih \u017eupa pozivamo i o\u010dekujemo u Kri\u017eevcima na 11. Danima\nhrvatskih svetaca i bla\u017eenika! <\/p>\n","protected":false},"excerpt":{"rendered":"<p>U sklopu 11. Dana hrvatskih svetaca i bla\u017eenika, koji \u0107e u Kri\u017eevcima biti odr\u017eani od 23. do 26. svibnja 2019., u subotu 25. svibnja bit \u0107e odr\u017eana literarna, novinarska, likovna, dramska, glazbena i plesna radionica za djecu i mlade\u017e posve\u0107ena hrvatskim svecima i bla\u017eenicima. Program radionica \u201eHrvatski sveci i bla\u017eenici\u201c&hellip; <\/p>\n","protected":false},"author":1,"featured_media":4471,"comment_status":"closed","ping_status":"closed","sticky":false,"template":"","format":"standard","meta":{"footnotes":""},"categories":[75,74,30],"tags":[],"class_list":["post-4467","post","type-post","status-publish","format-standard","has-post-thumbnail","hentry","category-11-dani-hsib","category-74","category-dani-hrvatskih-svetaca-i-blazenika"],"_links":{"self":[{"href":"https:\/\/kranjcic.hr\/index.php?rest_route=\/wp\/v2\/posts\/4467","targetHints":{"allow":["GET"]}}],"collection":[{"href":"https:\/\/kranjcic.hr\/index.php?rest_route=\/wp\/v2\/posts"}],"about":[{"href":"https:\/\/kranjcic.hr\/index.php?rest_route=\/wp\/v2\/types\/post"}],"author":[{"embeddable":true,"href":"https:\/\/kranjcic.hr\/index.php?rest_route=\/wp\/v2\/users\/1"}],"replies":[{"embeddable":true,"href":"https:\/\/kranjcic.hr\/index.php?rest_route=%2Fwp%2Fv2%2Fcomments&post=4467"}],"version-history":[{"count":1,"href":"https:\/\/kranjcic.hr\/index.php?rest_route=\/wp\/v2\/posts\/4467\/revisions"}],"predecessor-version":[{"id":4470,"href":"https:\/\/kranjcic.hr\/index.php?rest_route=\/wp\/v2\/posts\/4467\/revisions\/4470"}],"wp:featuredmedia":[{"embeddable":true,"href":"https:\/\/kranjcic.hr\/index.php?rest_route=\/wp\/v2\/media\/4471"}],"wp:attachment":[{"href":"https:\/\/kranjcic.hr\/index.php?rest_route=%2Fwp%2Fv2%2Fmedia&parent=4467"}],"wp:term":[{"taxonomy":"category","embeddable":true,"href":"https:\/\/kranjcic.hr\/index.php?rest_route=%2Fwp%2Fv2%2Fcategories&post=4467"},{"taxonomy":"post_tag","embeddable":true,"href":"https:\/\/kranjcic.hr\/index.php?rest_route=%2Fwp%2Fv2%2Ftags&post=4467"}],"curies":[{"name":"wp","href":"https:\/\/api.w.org\/{rel}","templated":true}]}}