{"id":4472,"date":"2019-05-09T17:09:50","date_gmt":"2019-05-09T17:09:50","guid":{"rendered":"http:\/\/kranjcic.hr\/?p=4472"},"modified":"2019-05-25T16:41:38","modified_gmt":"2019-05-25T16:41:38","slug":"najava-11-dana-hrvatskih-svetaca-i-blazenika","status":"publish","type":"post","link":"https:\/\/kranjcic.hr\/?p=4472","title":{"rendered":"NAJAVA 11. DANA HRVATSKIH SVETACA I BLA\u017dENIKA"},"content":{"rendered":"\n<p>U Kri\u017eevcima \u0107e od \u010detvrtka 23.\ndo nedjelje 26. svibnja 2019. biti odr\u017eani 11. Dani hrvatskih svetaca i\nbla\u017eenika. Pretprogramom i misnim slavljem ove \u0107e godine biti tematizirani: sv.\nMarko Kri\u017eev\u010danin, \u0161ibenski sveci (Nikola Taveli\u0107, Klara \u017di\u017ei\u0107 i Ante Anti\u0107), bl.\nGracija iz Mula i hrvatski kapucinski sveci (Leopold Bogdan Mandi\u0107 i Ante\nTomi\u010di\u0107), a kulturni dio programa sastojat \u0107e se od likovne izlo\u017ebe, okrugloga\nstola, radionica za djecu na temu hrvatskih svetaca i bla\u017eenika,\ndramsko-scenske igre i projekcije dokumentarnog filma.<\/p>\n\n\n\n<p>Manifestacija \u0107e zapo\u010deti u\n\u010detvrtak 23. svibnja u 18.30 sati u kri\u017eeva\u010dkoj \u017eupnoj crkvi sv. Ane sve\u010dano\u0161\u0107u\notvorenja Dana u kojoj \u0107e sudjelovati obojica kri\u017eeva\u010dkih \u017eupnika pre\u010d. Stjepan\nSovi\u010dek i vl\u010d. Dra\u017een Hladuvka. <\/p>\n\n\n\n<p>Taj je dan posve\u0107en sv. Marku\nKri\u017eev\u010daninu i molitveni \u0107e, knji\u017eevni i glazbeni program njemu u \u010dast izvesti \u010dlanovi\nUdruge \u201eDr. Stjepan Kranj\u010di\u0107\u201c. Misno \u0107e slavlje u 19.00 sati predvoditi bjelovarsko-kri\u017eeva\u010dki\nbiskup mons. Vjekoslav Huzjak. Glazbeni obol euharistiji dat \u0107e zbor \u017eupe sv.\nAne Kri\u017eevci. <\/p>\n\n\n\n<p>Nakon mise u Gradskoj \u0107e galeriji\nod 20.15 sati biti odr\u017ean program pod nazivom \u201eHrvatski sveci i bla\u017eenici u\nna\u0161em narodu\u201c u sklopu kojeg \u0107e biti otvorena izlo\u017eba akrila i ulja na platnu\nakademskih slikara Kristine Marekovi\u0107 i Ivice Ivana Marekovi\u0107a. U programu\notvorenja sudjelovat \u0107e ravnateljica Gradskoga muzeja u Kri\u017eevcima Tea Hatadi, rektor\nNacionalnog sveti\u0161ta sv. Josipa u Karlovcu mons. Antun Sente ml., koje i\norganizira izlo\u017ebu, zatim likovni kriti\u010dar Stanko \u0160poljari\u0107 te autori. U\nduhovno-glazbenom programu nastupit \u0107e dramski umjetnik Dubravko Sidor i kantautor\nAntonio Tkalec. Izlo\u017ebu \u0107e otvoriti biskup Huzjak. Izlo\u017eba ostaje otvorena do\n9. lipnja. <\/p>\n\n\n\n<p>Drugi dan manifestacije, petak 24. svibnja, bit \u0107e u \u010dast \u0161ibenskih\nsvetaca, sv. Nikole Taveli\u0107a, slu\u017ebenice Bo\u017eje Klare \u017di\u017ei\u0107 i sluge Bo\u017ejeg Ante\nAnti\u0107a. Molitveni, knji\u017eevni i glazbeni program njima u \u010dast u 18.30 sati u\ncrkvi sv. Aneizvest \u0107e franjevci\nkonventualci (fra Ivan Bradari\u0107), \u0161ibenske franjevke (s. Terezija Zemlji\u0107) i\nsplitski franjevci (fra Josip \u0160imi\u0107). Nakon toga \u0107e u 19.00 sati misno slavlje,\nuz glazbenu pratnju Vokalnog ansambla \u201eAngelu\u0161\u201c, predvoditi \u0161ibenski biskup\nTomislav Rogi\u0107. Od 20 sati \u0107e sati biti odr\u017ean okrugli stol \u201eSveci \u2013 hrvatski\nturisti\u010dki brand?\u201c na kojem \u0107e sudjelovati biskup Rogi\u0107, ministar turizma Gari\nCappelli, novinar i urednik u Religijskom programu HTV-a Neno Ku\u017eina i u\u010denik\n6. razreda O\u0160 Ljudevita Modeca Kri\u017eevci Gabriel Platu\u0161i\u0107. Moderatorica\nokrugloga stola bit \u0107e HTV-ova urednica Lejdi Oreb, stihove posve\u0107ene hrvatskoj\nsvetosti interpretirat \u0107e glumica Ana Vilenica, a u glazbenom \u0107e programu, uz\nkorepeticiju Tonija Eterovi\u0107a, nastupiti Dra\u017een \u017danko.&nbsp; <\/p>\n\n\n\n<p>Tre\u0107ega dana, u subotu 25. svibnja, program \u0107e biti posve\u0107en\nbl. Graciji iz Mula. U pretprogramu \u0107e u bla\u017eenikovu \u010dast u crkvi sv. Ane od 18.30\nsati sudjelovati \u010dlanovi Hrvatske bratov\u0161tine Bokeljska mornarica 809. Misno \u0107e\nslavlje u 19.00 sati predvoditi promicatelj bla\u017eenikova \u0161tovanja, \u017eupnik \u017eupe\nsv. Mirka u zagreba\u010dkim \u0160estinama Robert \u0160reter. Glazbeno \u0107e misu animirati\nmje\u0161oviti zbor \u201eTrinitas\u201c \u017eupe Presvetog Trojstva Visoko. Nakon toga \u0107e, od 20\nsati, biti izvedena dramsko-scenska igra posve\u0107ena bl. Graciji iz Mula \u201eRibar \u2013\npustinjak \u2013 svetac\u201c. Izvest \u0107e je Dramska dru\u017eina \u201eOzana\u201c iz Visokog.<\/p>\n\n\n\n<p>Toga dana u jutarnjim i\npopodnevnim satima svoj obol hrvatskim svecima i bla\u017eenicima dat \u0107e djeca koja\n\u0107e se, pristigla iz razli\u010ditih hrvatskih krajeva, okupiti u 10.00 sati u\nHrvatskom domu gdje \u0107e najve\u0107im hrvatskim duhovnim velikanima u \u010dast stvarati\nliterarni, novinarski, dramski, likovni, glazbeni i plesni program. Sve ono \u0161to\n\u0107e na radionicama stvarati tijekom jutra i prijepodneva, pokazat \u0107e na javnoj\nizvedbi u velikoj dvorani Hrvatskoga doma od 15.00 sati. U glazbenom \u0107e dijelu\nprograma nastupiti Ivana Mudri, a pokrovitelj radionica je Dje\u010dji mjese\u010dnik \u201eMali\nkoncil &#8211; Mak\u201c. <\/p>\n\n\n\n<p>Posljednjega \u010detvrtoga dana manifestacije, u nedjelju 26. svibnja,\nprogram \u0107e biti posve\u0107en hrvatskim kapucinskim svecima, sv. Leopoldu Bogdanu\nMandi\u0107u i sluzi Bo\u017ejem Anti Tomi\u010di\u0107u. Pretprogram njemu u \u010dast od 09.30 sati izvest\n\u0107e \u010dlanovi \u017eupnoga zbora \u017eupe sv. Leopolda Bogdana Mandi\u0107a Zagreb \u2013 Dubrava. Uz\nnjihov pjev misu \u0107e zatim predvoditi provincijal Hrvatske kapucinske provincije\nfra Jure \u0160ar\u010devi\u0107. Nakon mise \u0107e biti odr\u017eana projekcija dokumentarnoga filma \u201eSveti\nLeopold Bogdan Mandi\u0107 u rodnom Herceg Novom\u201c scenarista i redatelja Bo\u017ee\nVodopije, urednika i novinara HTV-a iz Dubrovnika. Uz njega \u0107e na sve\u010danosti\nprojekcije sudjelovati rukovoditelj HRT-ova centra Dubrovnik Hrvoje \u0160pani\u0107.<\/p>\n\n\n\n<p>11. Dane hrvatskih svetaca i bla\u017eenika, pod pokroviteljstvom Bjelovarsko-kri\u017eeva\u010dke biskupije te uz potporu Grada Kri\u017eevaca, Koprivni\u010dko-kri\u017eeva\u010dke \u017eupanije, Hrvatske redovni\u010dke konferencije i Glasa Koncila, u zajedni\u0161tvu organiziraju Udruga za promicanje znamenitih Kri\u017eev\u010dana \u201eDr. Stjepan Kranj\u010di\u0107\u201c te kri\u017eeva\u010dke \u017eupe sv. Ane i BDM \u017dalosne i sv. Marka Kri\u017eev\u010danina. Suorganizatori su Nacionalno sveti\u0161te sv. Josipa Karlovac, Galerija hrvatske sakralne umjetnosti \u201eLaudato\u201c Zagreb, Gradski muzej Kri\u017eevci, Pu\u010dko otvoreno u\u010dili\u0161te Kri\u017eevci i Glazbena \u0161kola Alberta \u0160trige Kri\u017eevci.<\/p>\n\n\n\n<p><a href=\"https:\/\/kranjcic.hr\/wp-content\/uploads\/2019\/05\/11.-Dani-HSIB-plakat.pdf\">PLAKAT<\/a><br><a href=\"https:\/\/kranjcic.hr\/wp-content\/uploads\/2019\/05\/11.-Dani-HSIB-pozivnica.pdf\">POZIVNICA<\/a><br><a href=\"https:\/\/kranjcic.hr\/wp-content\/uploads\/2019\/05\/11.-Dani-HSIB-program.pdf\">PROGRAM<\/a><\/p>\n","protected":false},"excerpt":{"rendered":"<p>U Kri\u017eevcima \u0107e od \u010detvrtka 23. do nedjelje 26. svibnja 2019. biti odr\u017eani 11. Dani hrvatskih svetaca i bla\u017eenika. Pretprogramom i misnim slavljem ove \u0107e godine biti tematizirani: sv. Marko Kri\u017eev\u010danin, \u0161ibenski sveci (Nikola Taveli\u0107, Klara \u017di\u017ei\u0107 i Ante Anti\u0107), bl. Gracija iz Mula i hrvatski kapucinski sveci (Leopold Bogdan&hellip; <\/p>\n","protected":false},"author":1,"featured_media":4476,"comment_status":"closed","ping_status":"closed","sticky":false,"template":"","format":"standard","meta":{"footnotes":""},"categories":[75,74,30],"tags":[],"class_list":["post-4472","post","type-post","status-publish","format-standard","has-post-thumbnail","hentry","category-11-dani-hsib","category-74","category-dani-hrvatskih-svetaca-i-blazenika"],"_links":{"self":[{"href":"https:\/\/kranjcic.hr\/index.php?rest_route=\/wp\/v2\/posts\/4472","targetHints":{"allow":["GET"]}}],"collection":[{"href":"https:\/\/kranjcic.hr\/index.php?rest_route=\/wp\/v2\/posts"}],"about":[{"href":"https:\/\/kranjcic.hr\/index.php?rest_route=\/wp\/v2\/types\/post"}],"author":[{"embeddable":true,"href":"https:\/\/kranjcic.hr\/index.php?rest_route=\/wp\/v2\/users\/1"}],"replies":[{"embeddable":true,"href":"https:\/\/kranjcic.hr\/index.php?rest_route=%2Fwp%2Fv2%2Fcomments&post=4472"}],"version-history":[{"count":2,"href":"https:\/\/kranjcic.hr\/index.php?rest_route=\/wp\/v2\/posts\/4472\/revisions"}],"predecessor-version":[{"id":4479,"href":"https:\/\/kranjcic.hr\/index.php?rest_route=\/wp\/v2\/posts\/4472\/revisions\/4479"}],"wp:featuredmedia":[{"embeddable":true,"href":"https:\/\/kranjcic.hr\/index.php?rest_route=\/wp\/v2\/media\/4476"}],"wp:attachment":[{"href":"https:\/\/kranjcic.hr\/index.php?rest_route=%2Fwp%2Fv2%2Fmedia&parent=4472"}],"wp:term":[{"taxonomy":"category","embeddable":true,"href":"https:\/\/kranjcic.hr\/index.php?rest_route=%2Fwp%2Fv2%2Fcategories&post=4472"},{"taxonomy":"post_tag","embeddable":true,"href":"https:\/\/kranjcic.hr\/index.php?rest_route=%2Fwp%2Fv2%2Ftags&post=4472"}],"curies":[{"name":"wp","href":"https:\/\/api.w.org\/{rel}","templated":true}]}}