{"id":4481,"date":"2019-05-12T20:02:51","date_gmt":"2019-05-12T20:02:51","guid":{"rendered":"http:\/\/kranjcic.hr\/?p=4481"},"modified":"2019-05-12T20:04:27","modified_gmt":"2019-05-12T20:04:27","slug":"otvorena-retrospektivna-izlozba-hrvatski-sveci-i-blazenici-u-nasem-narodu-kod-franjevaca-kapucina-u-zagrebackoj-dubavi","status":"publish","type":"post","link":"https:\/\/kranjcic.hr\/?p=4481","title":{"rendered":"OTVORENA RETROSPEKTIVNA IZLO\u017dBA \u201eHRVATSKI SVECI I BLA\u017dENICI U NA\u0160EM NARODU\u201c KOD FRANJEVACA KAPUCINA U ZAGREBA\u010cKOJ DUBAVI"},"content":{"rendered":"\n<p>U\nsamostanu franjevaca kapucina sv. Leopolda Bogdana Mandi\u0107a u zagreba\u010dkoj\nGornjoj Dubravi u petak 10. svibnja 2019. otvorena je retrospektivna izlo\u017eba\nslika \u201eHrvatski sveci i bla\u017eenici u na\u0161em narodu\u201c vi\u0161e autora: Branimira\nDoroti\u0107a, Maje Vidovi\u0107, Josipa Botterija Dinija, Ane Marije Botteri, Hrvoja\nMarka Peruzovi\u0107a, Ante Mamu\u0161e i Ivane \u0106avar. Rije\u010d je o izlo\u017ebi likovnih djela\n\u010diji su se autori predstavili samostalnom izlo\u017ebom portreta hrvatskih duhovnih\nvelikana na dosada\u0161njim manifestacijama Dana hrvatskih svetaca i bla\u017eenika koji\nse od 2009. godine odr\u017eavaju u Kri\u017eevcima, a zatim su se postavljale i u drugim\nhrvatskim sredinama. Kako su pro\u0161logodi\u0161nji Dani hrvatskih svetaca i bla\u017eenika\nbili deseti, jubilarni, tako su se organizatori odlu\u010dili da deseta izlo\u017eba bude\nretrospektivna. Oblikovao ju je i postavio likovni kriti\u010dar Stanko \u0160poljari\u0107.\nNakon Kri\u017eevaca, izlo\u017eba je dosad bila postavljena u Nacionalnom sveti\u0161tu sv.\nNikole Taveli\u0107a u \u0160ibeniku i u samostanu bl. Augustina Ka\u017eoti\u0107a na zagreba\u010dkoj\nPe\u0161\u010denici. Kod kapucina \u0107e se, u samostanu sv. Leopolda Bogdana Mandi\u0107a u\nzagreba\u010dkoj Gornjoj Dubravi, izlo\u017eba mo\u0107i razgledati u sljede\u0107ih mjesec dana, a\ntijekom ljeta bit \u0107e postavljena kod franjevaca konventualaca u Puli. Organizator\nizlo\u017ebe bila je Galerija \u201eLaudato\u201c, a suorganizatori Hrvatska kapucinska\nprovincija sv. Leopolda Bogdana Mandi\u0107a i Udruga \u201eDr. Stjepan Kranj\u010di\u0107\u201c. <\/p>\n\n\n\n<p>U\nsve\u010danost otvorenja pozdravnim je rije\u010dima uveo gvardijan fra Juro \u0160imi\u0107\nizraziv\u0161i zadovoljstvo \u0161to se izlo\u017eba posljednjih nekoliko godina, uo\u010di\nsvetkovine sv. Leopolda Mandi\u0107a, postavlja kod franjevaca kapucina u sv.\nLeopoldu posve\u0107enoj \u017eupi i samostanu. Uime organizatora Galerije \u201eLaudato\u201c\ngovorila je direktorica i glavna urednica \u201eLaudato televizije\u201c Ksenija\nAbramovi\u0107. Pripovijedala je o \u010dudu \u201eLaudato televizije\u201c i koncerta popularne\nduhovne glazbe \u201eProgledaj srcem\u201c koji \u0107e prvi put biti odr\u017ean u najve\u0107oj\ndvorani u Hrvatskoj u subotu 11. svibnja u Areni. \u201eZa sva ta postignu\u0107a, do\nkojih smo te\u0161ko do\u0161li, a radosti i te\u0161ko\u0107a i danas ima, zaslu\u017ena je Providnost.\n\u017divimo od Privodnosti, njoj se utje\u010demo jer u nju vjerujemo. Na tom putu\nsigurni smo da je bio preva\u017ean zagovor hrvatskih svetaca i bla\u017eenika kojima smo\nse posvetili tijekom posljednjih deset godina kroz organizaciju izlo\u017ebe koju\nsmo nakon Kri\u017eevaca selili u vi\u0161e hrvatskih sredina, najvi\u0161e u samostanske\ngalerije\u201c \u2013 iskaknula je Ksenija Abramovi\u0107.<\/p>\n\n\n\n<p>Izlo\u017ebu\nje otvorio provincijal hrvatskih kapucina fra Jure \u0160ar\u010devi\u0107. Tom se prilikom\nosvrnuo na aktualni trenutak vezan uz govor pape Franje o kanonizaciji bl.\nAlojzija Stepinca. \u201eSv. Leopold Mandi\u0107 postao je bla\u017eenik i svetac\nKatoli\u010dke Crkve uz punu potporu nadbiskupa Alojzija Stepinca. Vjerujemo da \u0107e\ndanas kanonizirani Leopold &#8216;vratiti dug&#8217; Stepincu i pomo\u0107i mu da i on slu\u017ebeno\npostane svet. Makar, Stepinac je odavno svetac, \u0161to znade i svjedo\u010di vjerni\u010dka\ndu\u0161a hrvatskoga naroda\u201c &#8211; poru\u010dio je.<\/p>\n\n\n\n<p>Glazbeni obol sve\u010danosti, pjevaju\u0107i pjesme posve\u0107ene sv. Marku Kri\u017eev\u010daninu i bl. Ivanu Merzu, dale su Kri\u017eev\u010danke Tamara Perc i Mateja Hrlec, dok je kroz program vodila, interpertiraju\u0107i stihove u \u010dast sv. Leopoldu Mandi\u0107u i hrvatskoj svetosti, predsjednica Udruge za promicanje znamenitih Kri\u017eev\u010dana \u201eDr. Stjepan Kranj\u010di\u0107\u201c Tanja Baran. Ispripovijedala je o deset dosada\u0161njih manifestacija Dana hrvatskih svetaca i bla\u017eenika u Kri\u017eevcima te o \u017eelji za intenzivnijim poznavanjem i \u0161tovanjem hrvatskih svetaca i bla\u017eenika te o izlo\u017ebi koja je, putuju\u0107i po Hrvatskoj, pronosila sadr\u017eaj hrvatske svetosti. Zahvalila je ocima kapucinima na doma\u0107instvu i potpori, a posebno Kseniji Abramovi\u0107 na deset godina suradnje kroz izlo\u017ebu. Najavila je 11. Dane hrvatskih svetaca i bla\u017eenika koji \u0107e u Kri\u017eevcima trajati od 23. do 26. svibnja. Naglasila je da organizaciju izlo\u017ebe od Galerije \u201eLaudato\u201c od ove godine preuzima Nacionalno sveti\u0161te sv. Josipa iz Karlovca, dok Galerija \u201eLaudato\u201c, zajedno s Udrugom \u201eDr. Stjepan Kranj\u010di\u0107\u201c, postaje suorganizator. \u00a0\u00a0\u00a0\u00a0\u00a0\u00a0\u00a0<\/p>\n\n\n\n<ul class=\"wp-block-gallery columns-3 is-cropped wp-block-gallery-1 is-layout-flex wp-block-gallery-is-layout-flex\"><li class=\"blocks-gallery-item\"><figure><img loading=\"lazy\" decoding=\"async\" width=\"1024\" height=\"768\" src=\"https:\/\/kranjcic.hr\/wp-content\/uploads\/2019\/05\/001-Otvorenje-izlo\u017ebe-skupna-1024x768.jpg\" alt=\"\" data-id=\"4482\" data-link=\"https:\/\/kranjcic.hr\/?attachment_id=4482\" class=\"wp-image-4482\" srcset=\"https:\/\/kranjcic.hr\/wp-content\/uploads\/2019\/05\/001-Otvorenje-izlo\u017ebe-skupna-1024x768.jpg 1024w, https:\/\/kranjcic.hr\/wp-content\/uploads\/2019\/05\/001-Otvorenje-izlo\u017ebe-skupna-120x90.jpg 120w, https:\/\/kranjcic.hr\/wp-content\/uploads\/2019\/05\/001-Otvorenje-izlo\u017ebe-skupna-200x150.jpg 200w, https:\/\/kranjcic.hr\/wp-content\/uploads\/2019\/05\/001-Otvorenje-izlo\u017ebe-skupna.jpg 2016w\" sizes=\"auto, (max-width: 1024px) 100vw, 1024px\" \/><\/figure><\/li><li class=\"blocks-gallery-item\"><figure><img loading=\"lazy\" decoding=\"async\" width=\"1024\" height=\"768\" src=\"https:\/\/kranjcic.hr\/wp-content\/uploads\/2019\/05\/002-Fra-Jure-\u0160ar\u010devi\u0107-otvara-izlo\u017ebu-1024x768.jpg\" alt=\"\" data-id=\"4483\" data-link=\"https:\/\/kranjcic.hr\/?attachment_id=4483\" class=\"wp-image-4483\" srcset=\"https:\/\/kranjcic.hr\/wp-content\/uploads\/2019\/05\/002-Fra-Jure-\u0160ar\u010devi\u0107-otvara-izlo\u017ebu-1024x768.jpg 1024w, https:\/\/kranjcic.hr\/wp-content\/uploads\/2019\/05\/002-Fra-Jure-\u0160ar\u010devi\u0107-otvara-izlo\u017ebu-120x90.jpg 120w, https:\/\/kranjcic.hr\/wp-content\/uploads\/2019\/05\/002-Fra-Jure-\u0160ar\u010devi\u0107-otvara-izlo\u017ebu-200x150.jpg 200w, https:\/\/kranjcic.hr\/wp-content\/uploads\/2019\/05\/002-Fra-Jure-\u0160ar\u010devi\u0107-otvara-izlo\u017ebu.jpg 2016w\" sizes=\"auto, (max-width: 1024px) 100vw, 1024px\" \/><\/figure><\/li><li class=\"blocks-gallery-item\"><figure><img loading=\"lazy\" decoding=\"async\" width=\"1024\" height=\"768\" src=\"https:\/\/kranjcic.hr\/wp-content\/uploads\/2019\/05\/003-Voditeljica-skupna-1024x768.jpg\" alt=\"\" data-id=\"4484\" data-link=\"https:\/\/kranjcic.hr\/?attachment_id=4484\" class=\"wp-image-4484\" srcset=\"https:\/\/kranjcic.hr\/wp-content\/uploads\/2019\/05\/003-Voditeljica-skupna-1024x768.jpg 1024w, https:\/\/kranjcic.hr\/wp-content\/uploads\/2019\/05\/003-Voditeljica-skupna-120x90.jpg 120w, https:\/\/kranjcic.hr\/wp-content\/uploads\/2019\/05\/003-Voditeljica-skupna-200x150.jpg 200w, https:\/\/kranjcic.hr\/wp-content\/uploads\/2019\/05\/003-Voditeljica-skupna.jpg 2016w\" sizes=\"auto, (max-width: 1024px) 100vw, 1024px\" \/><\/figure><\/li><li class=\"blocks-gallery-item\"><figure><img loading=\"lazy\" decoding=\"async\" width=\"768\" height=\"1024\" src=\"https:\/\/kranjcic.hr\/wp-content\/uploads\/2019\/05\/004-Tamara-Perc-i-Mateja-Hrlec-glazbeni-program-768x1024.jpg\" alt=\"\" data-id=\"4485\" data-link=\"https:\/\/kranjcic.hr\/?attachment_id=4485\" class=\"wp-image-4485\" srcset=\"https:\/\/kranjcic.hr\/wp-content\/uploads\/2019\/05\/004-Tamara-Perc-i-Mateja-Hrlec-glazbeni-program-768x1024.jpg 768w, https:\/\/kranjcic.hr\/wp-content\/uploads\/2019\/05\/004-Tamara-Perc-i-Mateja-Hrlec-glazbeni-program-90x120.jpg 90w, https:\/\/kranjcic.hr\/wp-content\/uploads\/2019\/05\/004-Tamara-Perc-i-Mateja-Hrlec-glazbeni-program-113x150.jpg 113w, https:\/\/kranjcic.hr\/wp-content\/uploads\/2019\/05\/004-Tamara-Perc-i-Mateja-Hrlec-glazbeni-program.jpg 1512w\" sizes=\"auto, (max-width: 768px) 100vw, 768px\" \/><\/figure><\/li><li class=\"blocks-gallery-item\"><figure><img loading=\"lazy\" decoding=\"async\" width=\"1024\" height=\"768\" src=\"https:\/\/kranjcic.hr\/wp-content\/uploads\/2019\/05\/005-Publika-1024x768.jpg\" alt=\"\" data-id=\"4486\" data-link=\"https:\/\/kranjcic.hr\/?attachment_id=4486\" class=\"wp-image-4486\" srcset=\"https:\/\/kranjcic.hr\/wp-content\/uploads\/2019\/05\/005-Publika-1024x768.jpg 1024w, https:\/\/kranjcic.hr\/wp-content\/uploads\/2019\/05\/005-Publika-120x90.jpg 120w, https:\/\/kranjcic.hr\/wp-content\/uploads\/2019\/05\/005-Publika-200x150.jpg 200w, https:\/\/kranjcic.hr\/wp-content\/uploads\/2019\/05\/005-Publika.jpg 2016w\" sizes=\"auto, (max-width: 1024px) 100vw, 1024px\" \/><\/figure><\/li><\/ul>\n","protected":false},"excerpt":{"rendered":"<p>U samostanu franjevaca kapucina sv. Leopolda Bogdana Mandi\u0107a u zagreba\u010dkoj Gornjoj Dubravi u petak 10. svibnja 2019. otvorena je retrospektivna izlo\u017eba slika \u201eHrvatski sveci i bla\u017eenici u na\u0161em narodu\u201c vi\u0161e autora: Branimira Doroti\u0107a, Maje Vidovi\u0107, Josipa Botterija Dinija, Ane Marije Botteri, Hrvoja Marka Peruzovi\u0107a, Ante Mamu\u0161e i Ivane \u0106avar. Rije\u010d&hellip; <\/p>\n","protected":false},"author":1,"featured_media":4484,"comment_status":"closed","ping_status":"closed","sticky":false,"template":"","format":"standard","meta":{"footnotes":""},"categories":[71,74,30],"tags":[],"class_list":["post-4481","post","type-post","status-publish","format-standard","has-post-thumbnail","hentry","category-10-dani-hsib","category-74","category-dani-hrvatskih-svetaca-i-blazenika"],"_links":{"self":[{"href":"https:\/\/kranjcic.hr\/index.php?rest_route=\/wp\/v2\/posts\/4481","targetHints":{"allow":["GET"]}}],"collection":[{"href":"https:\/\/kranjcic.hr\/index.php?rest_route=\/wp\/v2\/posts"}],"about":[{"href":"https:\/\/kranjcic.hr\/index.php?rest_route=\/wp\/v2\/types\/post"}],"author":[{"embeddable":true,"href":"https:\/\/kranjcic.hr\/index.php?rest_route=\/wp\/v2\/users\/1"}],"replies":[{"embeddable":true,"href":"https:\/\/kranjcic.hr\/index.php?rest_route=%2Fwp%2Fv2%2Fcomments&post=4481"}],"version-history":[{"count":1,"href":"https:\/\/kranjcic.hr\/index.php?rest_route=\/wp\/v2\/posts\/4481\/revisions"}],"predecessor-version":[{"id":4487,"href":"https:\/\/kranjcic.hr\/index.php?rest_route=\/wp\/v2\/posts\/4481\/revisions\/4487"}],"wp:featuredmedia":[{"embeddable":true,"href":"https:\/\/kranjcic.hr\/index.php?rest_route=\/wp\/v2\/media\/4484"}],"wp:attachment":[{"href":"https:\/\/kranjcic.hr\/index.php?rest_route=%2Fwp%2Fv2%2Fmedia&parent=4481"}],"wp:term":[{"taxonomy":"category","embeddable":true,"href":"https:\/\/kranjcic.hr\/index.php?rest_route=%2Fwp%2Fv2%2Fcategories&post=4481"},{"taxonomy":"post_tag","embeddable":true,"href":"https:\/\/kranjcic.hr\/index.php?rest_route=%2Fwp%2Fv2%2Ftags&post=4481"}],"curies":[{"name":"wp","href":"https:\/\/api.w.org\/{rel}","templated":true}]}}