{"id":4609,"date":"2019-10-14T18:42:02","date_gmt":"2019-10-14T18:42:02","guid":{"rendered":"http:\/\/kranjcic.hr\/?p=4609"},"modified":"2019-10-14T18:47:18","modified_gmt":"2019-10-14T18:47:18","slug":"o-zupniku-stjepanu-kranjcicu-na-danima-sluzbenice-bozje-marice-stankovic-u-novom-marofu","status":"publish","type":"post","link":"https:\/\/kranjcic.hr\/?p=4609","title":{"rendered":"O \u017dUPNIKU STJEPANU KRANJ\u010cI\u0106U NA DANIMA SLU\u017dBENICE BO\u017dJE MARICE STANKOVI\u0106 U NOVOM MAROFU"},"content":{"rendered":"\n<p>\u201eKri\u017eeva\u010dki \u017eupnik\nna glasu svetosti Stjepan Kranj\u010di\u0107 i njegovi plodovi\u201c \u2013 naziv je predavanja\nkoje je u petak 11. listopada 2019. u Kulturnom centru \u201eIvan Rabuzin\u201c u Novom\nMarofu odr\u017eala predsjednica Udruge za promicanje znamenitih Kri\u017eev\u010dana \u201eDr.\nStjepan Kranj\u010di\u0107\u201c dr. sc. Tanja Baran. Tim su predavanjem otvoreni 6. Dani\nslu\u017ebenice Bo\u017eje Marice Stankovi\u0107 u organizaciji \u017dupe sv. Vida i sv. Jurja iz\nMad\u017eareva, Gradske knji\u017enice i \u010ditaonice Novi Marof te Kulturno-umjetni\u010dke\nudruge \u201eMagda i Luisa\u201c iz Mad\u017eareva. <\/p>\n\n\n\n<p>Uvodno je dr. Baran uputila u povezanost slu\u017ebenice Bo\u017eje Marice Stankovi\u0107 i \u017eupnika na glasu svetosti Stjepana Kranj\u010di\u0107a. Naglasila je da se ta veza krije u osobi vl\u010d. Milana Pu\u0161eca, biv\u0161eg postulatora kauze za progla\u0161enje slu\u017ebenice Bo\u017eje Marice Stankovi\u0107 bla\u017eenom. Pojasnila je kako je vl\u010d. Pu\u0161ec svojim postulatorskim znanjem i iskustvom upu\u0107ivao \u010dlanove Udruge \u201eDr. Stjepan Kranj\u010di\u0107\u201c oko \u0161to detaljnijeg i punovrijednog prikupljanja svjedo\u010danstava o djelovanju i karizmi \u017eupnika Kranj\u010di\u0107a. Predava\u010dica je predstavila krepostan Kranj\u010di\u0107ev \u017eivot, predstavila ga je kao hrabrog i beskompromisnog Stepin\u010devog sve\u0107enika koji je glas svetosti me\u0111u vjernicima zaslu\u017eio u svojih 16 kri\u017eeva\u010dkih \u017eupni\u010dkih godina. Posebno je detaljno prikazala njegov knji\u017eevni opus koji uklju\u010duje poeziju, prozu i teolo\u0161ke meditacije. Naglasila je da su ba\u0161 po nadahnu\u0107u Kranj\u010di\u0107evim spisateljskim radom u Kri\u017eevcima u organizaciji Udruge nastala dva nacionalna natje\u010daja za knji\u017eevnost protkanu kr\u0161\u0107anskim vrednotama za odrasle i djecu, tzv. \u201eKnji\u017eevni Kranj\u010di\u0107\u201c (Susret hrvatskoga duhovnoga knji\u017eevnoga stvarala\u0161tva \u201eStjepan Kranj\u010di\u0107\u201c) koji se ove godine odr\u017eava 11. put i \u201eDje\u010dji Kranj\u010di\u0107\u201c (Susret hrvatskoga dje\u010djega duhovnoga stvarala\u0161tva \u201eStjepan Kranj\u010di\u0107\u201c) koji se organizira 9. godinu zaredom. Istaknula je i vrijedne prinose bijenalnoga znanstvenog skupa \u201eHrvatska knji\u017eevnost kr\u0161\u0107anskoga nadahnu\u0107a\u201c koji Udruga organizira u zajedni\u0161tvu s Hrvatskim studijima Sveu\u010dili\u0161ta u Zagrebu i Glasom Koncila. Govorila je i o Danima hrvatskih svetaca i bla\u017eenika koje Udruga organizira ve\u0107 vi\u0161e od deset godina. Dr. Baran je predstavila tridesetak knjiga koje je objavila Udruga u 12 godina postojanja, a koje su posve\u0107ene Stjepanu Kranj\u010di\u0107u, sv. Marku Kri\u017eev\u010daninu, hrvatskim svecima i bla\u017eenicima ili je rije\u010d o zbornicima najuspjelijih knji\u017eevnih radova s knji\u017eevnoga natje\u010daja za odrasle i djecu. Uputila je na mre\u017ene stranice Udruge i manifestacija na kojima se mogu doznati detalji: <a href=\"http:\/\/www.kranjcic.hr\">www.kranjcic.hr<\/a>, <a href=\"http:\/\/www.sveci.kranjcic.hr\">www.sveci.kranjcic.hr<\/a>, <a href=\"http:\/\/www.knjizevni.kranjcic.hr\">www.knjizevni.kranjcic.hr<\/a>, <a href=\"http:\/\/www.djecji.kranjcic.hr\">www.djecji.kranjcic.hr<\/a>. Na kraju predavanja dr. Baran \u010destitala je organizatorima na odva\u017enosti u organizaciji Dana slu\u017ebenice Bo\u017eje Marice Stankovi\u0107 te ih potaknula na ustrajnost u nastupaju\u0107im godinama.<\/p>\n\n\n\n<p>Predavanje je oboga\u0107eno\nizvedbom pu\u010dkih dje\u010djih napjeva u izvedbi Ive Je\u017e, \u010dlanice Dramske dru\u017eine\n\u201eOzana\u201c iz Visokog. Moderatorica programa bila je ravnateljica Gradske\nknji\u017enice i \u010ditaonice Lidija Ze\u010devi\u0107.<\/p>\n\n\n\n<ul class=\"wp-block-gallery columns-3 wp-block-gallery-1 is-layout-flex wp-block-gallery-is-layout-flex\"><li class=\"blocks-gallery-item\"><figure><a href=\"https:\/\/kranjcic.hr\/wp-content\/uploads\/2019\/10\/Plakat-6.-Dani-sB-Marice-Stankovi\u0107-2019.jpg\"><img loading=\"lazy\" decoding=\"async\" width=\"676\" height=\"960\" src=\"https:\/\/kranjcic.hr\/wp-content\/uploads\/2019\/10\/Plakat-6.-Dani-sB-Marice-Stankovi\u0107-2019.jpg\" alt=\"\" data-id=\"4611\" data-link=\"https:\/\/kranjcic.hr\/?attachment_id=4611\" class=\"wp-image-4611\" srcset=\"https:\/\/kranjcic.hr\/wp-content\/uploads\/2019\/10\/Plakat-6.-Dani-sB-Marice-Stankovi\u0107-2019.jpg 676w, https:\/\/kranjcic.hr\/wp-content\/uploads\/2019\/10\/Plakat-6.-Dani-sB-Marice-Stankovi\u0107-2019-85x120.jpg 85w, https:\/\/kranjcic.hr\/wp-content\/uploads\/2019\/10\/Plakat-6.-Dani-sB-Marice-Stankovi\u0107-2019-106x150.jpg 106w\" sizes=\"auto, (max-width: 676px) 100vw, 676px\" \/><\/a><\/figure><\/li><li class=\"blocks-gallery-item\"><figure><a href=\"https:\/\/kranjcic.hr\/wp-content\/uploads\/2019\/10\/Tanja-Baran-o-Stjepanu-Kranj\u010di\u0107u-u-Novom-Marofu-11.-10.-2019.jpg\"><img loading=\"lazy\" decoding=\"async\" width=\"720\" height=\"960\" src=\"https:\/\/kranjcic.hr\/wp-content\/uploads\/2019\/10\/Tanja-Baran-o-Stjepanu-Kranj\u010di\u0107u-u-Novom-Marofu-11.-10.-2019.jpg\" alt=\"\" data-id=\"4612\" data-link=\"https:\/\/kranjcic.hr\/?attachment_id=4612\" class=\"wp-image-4612\" srcset=\"https:\/\/kranjcic.hr\/wp-content\/uploads\/2019\/10\/Tanja-Baran-o-Stjepanu-Kranj\u010di\u0107u-u-Novom-Marofu-11.-10.-2019.jpg 720w, https:\/\/kranjcic.hr\/wp-content\/uploads\/2019\/10\/Tanja-Baran-o-Stjepanu-Kranj\u010di\u0107u-u-Novom-Marofu-11.-10.-2019-90x120.jpg 90w, https:\/\/kranjcic.hr\/wp-content\/uploads\/2019\/10\/Tanja-Baran-o-Stjepanu-Kranj\u010di\u0107u-u-Novom-Marofu-11.-10.-2019-113x150.jpg 113w\" sizes=\"auto, (max-width: 720px) 100vw, 720px\" \/><\/a><\/figure><\/li><li class=\"blocks-gallery-item\"><figure><a href=\"https:\/\/kranjcic.hr\/wp-content\/uploads\/2019\/10\/Tanja-Baran-o-Stjepanu-Kranj\u010di\u0107u2.jpg\"><img loading=\"lazy\" decoding=\"async\" width=\"681\" height=\"510\" src=\"https:\/\/kranjcic.hr\/wp-content\/uploads\/2019\/10\/Tanja-Baran-o-Stjepanu-Kranj\u010di\u0107u2.jpg\" alt=\"\" data-id=\"4610\" data-link=\"https:\/\/kranjcic.hr\/?attachment_id=4610\" class=\"wp-image-4610\" srcset=\"https:\/\/kranjcic.hr\/wp-content\/uploads\/2019\/10\/Tanja-Baran-o-Stjepanu-Kranj\u010di\u0107u2.jpg 681w, https:\/\/kranjcic.hr\/wp-content\/uploads\/2019\/10\/Tanja-Baran-o-Stjepanu-Kranj\u010di\u0107u2-120x90.jpg 120w, https:\/\/kranjcic.hr\/wp-content\/uploads\/2019\/10\/Tanja-Baran-o-Stjepanu-Kranj\u010di\u0107u2-200x150.jpg 200w\" sizes=\"auto, (max-width: 681px) 100vw, 681px\" \/><\/a><\/figure><\/li><\/ul>\n","protected":false},"excerpt":{"rendered":"<p>\u201eKri\u017eeva\u010dki \u017eupnik na glasu svetosti Stjepan Kranj\u010di\u0107 i njegovi plodovi\u201c \u2013 naziv je predavanja koje je u petak 11. listopada 2019. u Kulturnom centru \u201eIvan Rabuzin\u201c u Novom Marofu odr\u017eala predsjednica Udruge za promicanje znamenitih Kri\u017eev\u010dana \u201eDr. Stjepan Kranj\u010di\u0107\u201c dr. sc. Tanja Baran. Tim su predavanjem otvoreni 6. Dani slu\u017ebenice&hellip; <\/p>\n","protected":false},"author":1,"featured_media":4610,"comment_status":"closed","ping_status":"closed","sticky":false,"template":"","format":"standard","meta":{"footnotes":""},"categories":[74,35],"tags":[],"class_list":["post-4609","post","type-post","status-publish","format-standard","has-post-thumbnail","hentry","category-74","category-kranjcicevo"],"_links":{"self":[{"href":"https:\/\/kranjcic.hr\/index.php?rest_route=\/wp\/v2\/posts\/4609","targetHints":{"allow":["GET"]}}],"collection":[{"href":"https:\/\/kranjcic.hr\/index.php?rest_route=\/wp\/v2\/posts"}],"about":[{"href":"https:\/\/kranjcic.hr\/index.php?rest_route=\/wp\/v2\/types\/post"}],"author":[{"embeddable":true,"href":"https:\/\/kranjcic.hr\/index.php?rest_route=\/wp\/v2\/users\/1"}],"replies":[{"embeddable":true,"href":"https:\/\/kranjcic.hr\/index.php?rest_route=%2Fwp%2Fv2%2Fcomments&post=4609"}],"version-history":[{"count":3,"href":"https:\/\/kranjcic.hr\/index.php?rest_route=\/wp\/v2\/posts\/4609\/revisions"}],"predecessor-version":[{"id":4616,"href":"https:\/\/kranjcic.hr\/index.php?rest_route=\/wp\/v2\/posts\/4609\/revisions\/4616"}],"wp:featuredmedia":[{"embeddable":true,"href":"https:\/\/kranjcic.hr\/index.php?rest_route=\/wp\/v2\/media\/4610"}],"wp:attachment":[{"href":"https:\/\/kranjcic.hr\/index.php?rest_route=%2Fwp%2Fv2%2Fmedia&parent=4609"}],"wp:term":[{"taxonomy":"category","embeddable":true,"href":"https:\/\/kranjcic.hr\/index.php?rest_route=%2Fwp%2Fv2%2Fcategories&post=4609"},{"taxonomy":"post_tag","embeddable":true,"href":"https:\/\/kranjcic.hr\/index.php?rest_route=%2Fwp%2Fv2%2Ftags&post=4609"}],"curies":[{"name":"wp","href":"https:\/\/api.w.org\/{rel}","templated":true}]}}