{"id":468,"date":"2010-12-04T19:48:23","date_gmt":"2010-12-04T19:48:23","guid":{"rendered":"https:\/\/susretkranjcic.wordpress.com\/?p=74"},"modified":"2010-12-04T19:48:23","modified_gmt":"2010-12-04T19:48:23","slug":"odrzan-2-susret-hrvatskoga-duhovnoga-knjizevnoga-stvaralastva-stjepan-kranjcic","status":"publish","type":"post","link":"https:\/\/kranjcic.hr\/?p=468","title":{"rendered":"ODR\u017dAN 2. SUSRET HRVATSKOGA DUHOVNOGA KNJI\u017dEVNOGA STVARALA\u0160TVA &#8220;STJEPAN KRANJ\u010cI\u0106&#8221;"},"content":{"rendered":"<p>U Kri\u017eevcima je u subotu 4. prosinca 2010. odr\u017ean 2. Susret hrvatskoga duhovnoga knji\u017eevnoga stvarala\u0161tva \u201eStjepan Kranj\u010di\u0107\u201d za \u017eanrove: poezija, kratke pri\u010da, monodrama, putopis i esej. U toj su prigodi dodijeljene nagrade autorima najuspjelijih radova, neki su radovi i javno izvedeni, a predstavljen je i zbornik sa \u0161irim izborom radova \u201eNa putu do Neba\u201d.<!--more--><\/p>\n<h2><span style=\"color:#ff0000;\"><strong>Poezija<\/strong><\/span><\/h2>\n<p>Prva nagrada za poeziju dodijeljena je <span style=\"color:#a18838;\"><strong>Bo\u017eidaru Brezin\u0161\u010daku Bagoli<\/strong> <\/span>za pjesmu \u201ePodmila\u010dje\u201d, druga nagrada <span style=\"color:#ff6600;\"><strong>Ani Krnjus<\/strong><\/span> za pjesmu \u201eHodo\u010da\u0161\u0107e sv. Luciji\u201d, a tre\u0107a nagrada<span style=\"color:#a18838;\"> <strong>Slavku Vranjkovi\u0107u<\/strong> <\/span>za pjesmu \u201eNa putu do Neba\u201d. Nov\u010dane nagrade uime Grada Kri\u017eevaca autorima je uru\u010dio kri\u017eeva\u010dki gradona\u010delnik <span style=\"color:#a18838;\"><strong>Branko Hrg<\/strong><\/span>.<\/p>\n<h2><span style=\"color:#ff0000;\"><strong>Kratka pri\u010da<\/strong><\/span><\/h2>\n<p>U \u017eanru kratke pri\u010de prva nagrada pripala je <span style=\"color:#a18838;\"><strong>Mirku Ivanjeku<\/strong><\/span> za pri\u010du \u201e\u010cardak ni na nebu ni na zemlji\u201d, druga nagrada <span style=\"color:#ff6600;\"><strong><span style=\"color:#a18838;\">Stjepanu<\/span> <span style=\"color:#a18838;\">Svedrovi\u0107u<\/span><\/strong><\/span> za \u201eMozaik bla\u017eenog Alojzija\u201d, a tre\u0107a nagrada <span style=\"color:#a18838;\"><strong>Petru Babi\u0107u<\/strong> <\/span>za pri\u010du \u201eJa, Marko Krizin, Hrvat iz zagreba\u010dke dijeceze\u2026\u201d Nov\u010dane nagrade uime pokrovitelja te nagrade Glasa Koncila uru\u010dio je glavni urednik <span style=\"color:#a18838;\"><strong>Ivan Mikleni\u0107<\/strong><\/span>.<\/p>\n<h2><span style=\"color:#ff0000;\"><strong>Monodrama<\/strong><\/span><\/h2>\n<p>U \u017eanru monodrame dodijeljena je samo prva nagrada, i to <span style=\"color:#a18838;\"><strong>Tomislavu \u0160ovagovi\u0107u<\/strong><\/span> za monodramu \u201eDnevnik zaljubljenog u vjeru\u201d. Njemu je nagradu uime kri\u017eeva\u010dke \u017eupe sv. Ane uru\u010dio \u017eupnik <span style=\"color:#a18838;\"><strong>Kre\u0161imir \u017dini\u0107<\/strong><\/span>.<\/p>\n<h2><span style=\"color:#ff0000;\"><strong>Putopis<\/strong><\/span><\/h2>\n<p>Prva nagrada za putopis pripala je <span style=\"color:#a18838;\"><strong>Veri Grgac<\/strong> <\/span>za putopis \u201eNa\u0161a bistri\u010dka hodo\u010da\u0161\u0107a\u201d, druga nagrada <span style=\"color:#a18838;\"><strong>Stjepanu Tomi\u0107u<\/strong><\/span> za \u201eOd Djevice do Trojice\u201d, a tre\u0107a nagrada <span style=\"color:#a18838;\"><strong>Zdenki Maltar<\/strong><\/span> za putopis \u201eTragovima kri\u017eono\u0161e bl. Alojzija Stepinca\u201d. Nagra\u0111enima je nov\u010dane nagrade uime Nacionalnog sveti\u0161ta Majke Bo\u017eje Bistri\u010dke uru\u010dio direktora Radija Marija Bistrica <span style=\"color:#a18838;\"><strong>Zvonko Franc<\/strong><\/span>.<\/p>\n<h2><span style=\"color:#ff0000;\"><strong>Esej<\/strong><\/span><\/h2>\n<p>U \u017eanru eseja prva je nagrada dodijeljena <span style=\"color:#a18838;\"><strong>Josipu Sanku Rabaru<\/strong><\/span> za esej \u201eVjera i mistika\u201d, druga nagrada <span style=\"color:#a18838;\"><strong>Davoru \u0160alatu<\/strong><\/span> za esej \u201eOdsutnost i prisutnost\u201d, a tre\u0107a nagrada<span style=\"color:#a18838;\"><strong> Tomislavu \u0160ovagovi\u0107u<\/strong><\/span> za esej \u201eBenediktinke neugasloga sjaja\u201d. Njima je nov\u010dane nagrade uime kri\u017eeva\u010dke \u017eupe BDM \u017dalosne i sv. Marka Kri\u017eev\u010danina dodijelio \u017eupnik <span style=\"color:#a18838;\"><strong>Ivan Novak<\/strong><\/span>.<\/p>\n<p>Svi su nagra\u0111eni autori dobili i dodatni dar, izdanja organizatora natje\u010daja i susreta Udruge za promicanje znamenitih Kri\u017eev\u010dana \u201eDr. Stjepan Kranj\u010di\u0107\u201d te vrijedna izdanja Kr\u0161\u0107anske sada\u0161njosti.<\/p>\n<p>Obrazlo\u017eenja nagrada uime stru\u010dnog ocjenjiva\u010dkog suda pro\u010ditao je predsjednik dr. sc. <strong><span style=\"color:#a18838;\">Vladimir Lon\u010darevi\u0107<\/span><\/strong> koji je s mr. sc. <strong><span style=\"color:#a18838;\">Bo\u017eidarom Petra\u010dem<\/span><\/strong> i vl\u010d. <strong><span style=\"color:#a18838;\">Dragutinom Bosnarom<\/span> <\/strong>pro\u010ditao 171 rad (118 pjesama, 33 kratke pri\u010de, 5 monodrama, 6 putopisa i 9 eseja) koje je na natje\u010daj, koji je bio otvoren od 1. lipnja do 1. rujna 2010., poslalo 64 autora iz \u00a0svih krajeva Lijepe na\u0161e te Bosne i Hercegovine. Odabrane radove na knji\u017eevnom susretu interpretirali su glumci <strong><span style=\"color:#a18838;\">Renata Sabljak<\/span><\/strong> i<strong> <span style=\"color:#a18838;\">Adam Kon\u010di\u0107<\/span> <\/strong>koji su i zapjevali, a u glazbenom je dijelu programa nastupio i VS \u201eAllegro\u201d. Kroz program je vodila <strong><span style=\"color:#a18838;\">Tanja Baran<\/span><\/strong>.<\/p>\n<h2><span style=\"color:#ff0000;\"><strong>Predstavljanje zbornika i misno slavlje<\/strong><\/span><\/h2>\n<p>Knji\u017eevnom susretu prethodilo je predstavljanje zbornika \u201eNa putu do Neba\u201d u velikoj vije\u0107nici Grada Kri\u017eevaca gdje je autore prije stru\u010dne recenzije dr. <span style=\"color:#a18838;\"><strong>Lon\u010darevi\u0107a<\/strong> <\/span>pozdravio doma\u0107in, gradona\u010delnik <span style=\"color:#a18838;\"><strong>Branko Hrg<\/strong><\/span>. Nakon toga je mons. <span style=\"color:#ff6600;\"><strong><span style=\"color:#a18838;\">Stjepan Pti\u010de<\/span>k<\/strong><\/span>, generalni vikar Bjelovarsko-kri\u017eeva\u010dke biskupije u \u017eupnoj crkvi sv. Ane predvodio spomen misno slavlje za kri\u017eeva\u010dkoga \u017eupnika na glasu svetosti Stjepana Kranj\u010di\u0107a, dan uo\u010di 92. godi\u0161njice Kranj\u010di\u0107eva ro\u0111enja po kojemu susret i nosi ime jer je jo\u0161 u bogoslovskoj dobi pisao i objavljivao poeziju, kratke pri\u010de i teolo\u0161ke meditacije. Nakon uvodnoga pozdrava doma\u0107ina \u017eupnika \u017dini\u0107a mons. Pti\u010dek je tijekom mise rekao da treba pustiti Bo\u017ejoj volji odluku oko slu\u017ebenoga progla\u0161enja dobrotvora i pjesnika Kranj\u010di\u0107a bla\u017eenim i svetim, a autorima je za\u017eelio daljnja dobra knji\u017eevna nadahnu\u0107a inspirirana Bo\u017ejom rije\u010di. Misno slavlje u kojem je koncelebriralo sedam sve\u0107enika glazbeno je obogatio Zbor mladih kri\u017eeva\u010dkih \u017eupa.<\/p>\n<h2><span style=\"color:#ff0000;\"><strong>PRILOZI<\/strong><\/span><\/h2>\n<p><a href=\"http:\/\/www.udruga-drstjepankranjcic.hr\/attachments\/article\/125\/Plakat%20-%20Knji%C5%BEevni%20Kranj%C4%8Di%C4%87%202010.%20-%20pdf.pdf\" target=\"_blank\">Plakat<\/a><br \/>\n<a href=\"http:\/\/www.udruga-drstjepankranjcic.hr\/attachments\/article\/125\/Pozivnica%20-%20Knji%C5%BEevni%20Kranj%C4%8Di%C4%87%202010.%20-%20pdf.pdf\" target=\"_blank\">Pozivnica<br \/>\n<\/a><a href=\"http:\/\/novo.kranjcic.hr\/wp-content\/uploads\/2015\/11\/program-knjic5beevni-kranjc48dic487-2010-pdf.pdf\">Program<\/a><a href=\"http:\/\/www.udruga-drstjepankranjcic.hr\/attachments\/article\/125\/Pozivnica%20-%20Knji%C5%BEevni%20Kranj%C4%8Di%C4%87%202010.%20-%20pdf.pdf\" target=\"_blank\"><br \/>\n<\/a><\/p>\n<p>&nbsp;<\/p>\n\n","protected":false},"excerpt":{"rendered":"<p>U Kri\u017eevcima je u subotu 4. prosinca 2010. odr\u017ean 2. Susret hrvatskoga duhovnoga knji\u017eevnoga stvarala\u0161tva \u201eStjepan Kranj\u010di\u0107\u201d za \u017eanrove: poezija, kratke pri\u010da, monodrama, putopis i esej. U toj su prigodi dodijeljene nagrade autorima najuspjelijih radova, neki su radovi i javno izvedeni, a predstavljen je i zbornik sa \u0161irim izborom radova&hellip; <\/p>\n","protected":false},"author":1,"featured_media":0,"comment_status":"open","ping_status":"closed","sticky":false,"template":"","format":"standard","meta":{"footnotes":""},"categories":[41],"tags":[],"class_list":["post-468","post","type-post","status-publish","format-standard","hentry","category-2-knjizevni-kranjcic"],"_links":{"self":[{"href":"https:\/\/kranjcic.hr\/index.php?rest_route=\/wp\/v2\/posts\/468","targetHints":{"allow":["GET"]}}],"collection":[{"href":"https:\/\/kranjcic.hr\/index.php?rest_route=\/wp\/v2\/posts"}],"about":[{"href":"https:\/\/kranjcic.hr\/index.php?rest_route=\/wp\/v2\/types\/post"}],"author":[{"embeddable":true,"href":"https:\/\/kranjcic.hr\/index.php?rest_route=\/wp\/v2\/users\/1"}],"replies":[{"embeddable":true,"href":"https:\/\/kranjcic.hr\/index.php?rest_route=%2Fwp%2Fv2%2Fcomments&post=468"}],"version-history":[{"count":0,"href":"https:\/\/kranjcic.hr\/index.php?rest_route=\/wp\/v2\/posts\/468\/revisions"}],"wp:attachment":[{"href":"https:\/\/kranjcic.hr\/index.php?rest_route=%2Fwp%2Fv2%2Fmedia&parent=468"}],"wp:term":[{"taxonomy":"category","embeddable":true,"href":"https:\/\/kranjcic.hr\/index.php?rest_route=%2Fwp%2Fv2%2Fcategories&post=468"},{"taxonomy":"post_tag","embeddable":true,"href":"https:\/\/kranjcic.hr\/index.php?rest_route=%2Fwp%2Fv2%2Ftags&post=468"}],"curies":[{"name":"wp","href":"https:\/\/api.w.org\/{rel}","templated":true}]}}