{"id":473,"date":"2013-11-23T09:47:14","date_gmt":"2013-11-23T09:47:14","guid":{"rendered":"https:\/\/susretkranjcic.wordpress.com\/?p=96"},"modified":"2013-11-23T09:47:14","modified_gmt":"2013-11-23T09:47:14","slug":"najava-5-knjizevnog-kranjcica","status":"publish","type":"post","link":"https:\/\/kranjcic.hr\/?p=473","title":{"rendered":"NAJAVA 5. KNJI\u017dEVNOGA &#8220;KRANJ\u010cI\u0106A&#8221;"},"content":{"rendered":"<p>U emisiji \u201ePoticaji Stjepana Kranj\u010di\u0107a&#8221; Radio Marije\u00a0u subotu 23. studenoga 2013. najavljen je 5. Susret hrvatskoga duhovnoga knji\u017eevnoga stvarala\u0161tva \u201eStjepan Kranj\u010di\u0107&#8221; posve\u0107en knji\u017eevnosti kr\u0161\u0107anske inspiracije.<!--more--><\/p>\n<p>O nacionalnom natje\u010daju koji se odr\u017eava u \u017eanrovima poezije, kratke pri\u010de, putopisa, eseja i monodrame govorili su \u010dlanovi Upravnog odbora Udruge \u201eDr. Stjepan Kranj\u010di\u0107&#8221; <span style=\"color:#a18838;\"><strong>Roko Ba\u0161i\u0107<\/strong><\/span> i <span style=\"color:#a18838;\"><strong>Tanja Baran<\/strong><\/span>. Naglasili su da \u0107e zavr\u0161na sve\u010danost\u00a05. Knji\u017eevnoga \u201eKranj\u010di\u0107a&#8221; biti odr\u017eana u Kri\u017eevcima u subotu 7. prosinca 2013. te da \u0107e tom prigodom biti nagra\u0111eni autori najuspjelijih radova koji su pristigli na knji\u017eevni natje\u010daj, dio \u0107e radova biti javno interpretiran u izvedbi glumaca <span style=\"color:#a18838;\"><strong>Biserke Ip\u0161e<\/strong> <\/span>i<span style=\"color:#a18838;\"> <strong>Dubravka Sidora<\/strong><\/span>, a da \u0107e naj\u0161iri izbor radova biti predstavljen u zborniku \u201eZave\u017eljaj ljubavi&#8221;.<\/p>\n<p>Na kraju emisije izmoljena je molitva za otvorenje procesa za progla\u0161enje bla\u017eenim Stjepana Kranj\u010di\u0107a.<\/p>\n","protected":false},"excerpt":{"rendered":"<p>U emisiji \u201ePoticaji Stjepana Kranj\u010di\u0107a&#8221; Radio Marije\u00a0u subotu 23. studenoga 2013. najavljen je 5. Susret hrvatskoga duhovnoga knji\u017eevnoga stvarala\u0161tva \u201eStjepan Kranj\u010di\u0107&#8221; posve\u0107en knji\u017eevnosti kr\u0161\u0107anske inspiracije.<\/p>\n","protected":false},"author":1,"featured_media":0,"comment_status":"open","ping_status":"closed","sticky":false,"template":"","format":"standard","meta":{"footnotes":""},"categories":[27,50,34,11],"tags":[],"class_list":["post-473","post","type-post","status-publish","format-standard","hentry","category-27","category-5-knjizevni-kranjcic","category-knjizevni-kranjcic","category-poticaji-stjepana-kranjcica"],"_links":{"self":[{"href":"https:\/\/kranjcic.hr\/index.php?rest_route=\/wp\/v2\/posts\/473","targetHints":{"allow":["GET"]}}],"collection":[{"href":"https:\/\/kranjcic.hr\/index.php?rest_route=\/wp\/v2\/posts"}],"about":[{"href":"https:\/\/kranjcic.hr\/index.php?rest_route=\/wp\/v2\/types\/post"}],"author":[{"embeddable":true,"href":"https:\/\/kranjcic.hr\/index.php?rest_route=\/wp\/v2\/users\/1"}],"replies":[{"embeddable":true,"href":"https:\/\/kranjcic.hr\/index.php?rest_route=%2Fwp%2Fv2%2Fcomments&post=473"}],"version-history":[{"count":0,"href":"https:\/\/kranjcic.hr\/index.php?rest_route=\/wp\/v2\/posts\/473\/revisions"}],"wp:attachment":[{"href":"https:\/\/kranjcic.hr\/index.php?rest_route=%2Fwp%2Fv2%2Fmedia&parent=473"}],"wp:term":[{"taxonomy":"category","embeddable":true,"href":"https:\/\/kranjcic.hr\/index.php?rest_route=%2Fwp%2Fv2%2Fcategories&post=473"},{"taxonomy":"post_tag","embeddable":true,"href":"https:\/\/kranjcic.hr\/index.php?rest_route=%2Fwp%2Fv2%2Ftags&post=473"}],"curies":[{"name":"wp","href":"https:\/\/api.w.org\/{rel}","templated":true}]}}