{"id":474,"date":"2013-06-20T09:49:48","date_gmt":"2013-06-20T09:49:48","guid":{"rendered":"https:\/\/susretkranjcic.wordpress.com\/?p=98"},"modified":"2013-06-20T09:49:48","modified_gmt":"2013-06-20T09:49:48","slug":"predstavljen-natjecaj-za-5-susret-hrvatskoga-duhovnoga-knjizevnoga-stvaralastva-stjepan-kranjcic","status":"publish","type":"post","link":"https:\/\/kranjcic.hr\/?p=474","title":{"rendered":"PREDSTAVLJEN NATJE\u010cAJ ZA 5. SUSRET HRVATSKOGA DUHOVNOGA KNJI\u017dEVNOGA STVARALA\u0160TVA &#8220;STJEPAN KRANJ\u010cI\u0106&#8221;"},"content":{"rendered":"<p>U \u010detvrtak 20. lipnja 2013. u emisiji \u201ePoticaji Stjepana Kranj\u010di\u0107a&#8221; Radio Marije<em>\u00a0<\/em>predstavljen je\u00a0natje\u010daj za 5. Susret hrvatskoga duhovnoga knji\u017eevnoga stvarala\u0161tva \u201eStjepan Kranj\u010di\u0107&#8221; koji \u0107e u subotu 7. prosinca 2013. biti odr\u017ean u Kri\u017eevcima.<!--more--><\/p>\n<p>Predstavljeni su \u017eanrovi u kojima se pisci mogu knji\u017eevno izraziti te propozicije natje\u010daja koji je ove godine u tematskom smislu posve\u0107en siroma\u0161tvu. Napravljena je i analiza dosada\u0161njih natje\u010daja i susreta te je analizirano stanje suvremenih knji\u017eevnih tijekova kr\u0161\u0107anske inspiracije\u00a0u Hrvatskoj.<\/p>\n<p>Gostovali su predsjednik stru\u010dnoga ocjenjiva\u010dkog suda\u00a0dr. <span style=\"color:#a18838;\"><strong>Vladimir Lon\u010darevi\u0107<\/strong><\/span> i predsjednica organizatora natje\u010daja Susreta hrvatskoga duhovnoga knji\u017eevnoga stvarala\u0161tva \u201eStjepan Kranj\u010di\u0107&#8221; dr. <span style=\"color:#a18838;\"><strong>Tanja\u00a0Baran<\/strong><\/span>,\u00a0a\u00a0emisiju je uredio i vodio glavni urednik Radija <em>Marija <\/em>o. <span style=\"color:#a18838;\"><strong>Stjepan Fridl<\/strong><\/span>. Na kraju emisije izmoljena je molitva za otvorenje procesa za progla\u0161enje bla\u017eenim Stjepana Kranj\u010di\u0107a.<\/p>\n","protected":false},"excerpt":{"rendered":"<p>U \u010detvrtak 20. lipnja 2013. u emisiji \u201ePoticaji Stjepana Kranj\u010di\u0107a&#8221; Radio Marije\u00a0predstavljen je\u00a0natje\u010daj za 5. Susret hrvatskoga duhovnoga knji\u017eevnoga stvarala\u0161tva \u201eStjepan Kranj\u010di\u0107&#8221; koji \u0107e u subotu 7. prosinca 2013. biti odr\u017ean u Kri\u017eevcima.<\/p>\n","protected":false},"author":1,"featured_media":0,"comment_status":"open","ping_status":"closed","sticky":false,"template":"","format":"standard","meta":{"footnotes":""},"categories":[26,50,11],"tags":[],"class_list":["post-474","post","type-post","status-publish","format-standard","hentry","category-26","category-5-knjizevni-kranjcic","category-poticaji-stjepana-kranjcica"],"_links":{"self":[{"href":"https:\/\/kranjcic.hr\/index.php?rest_route=\/wp\/v2\/posts\/474","targetHints":{"allow":["GET"]}}],"collection":[{"href":"https:\/\/kranjcic.hr\/index.php?rest_route=\/wp\/v2\/posts"}],"about":[{"href":"https:\/\/kranjcic.hr\/index.php?rest_route=\/wp\/v2\/types\/post"}],"author":[{"embeddable":true,"href":"https:\/\/kranjcic.hr\/index.php?rest_route=\/wp\/v2\/users\/1"}],"replies":[{"embeddable":true,"href":"https:\/\/kranjcic.hr\/index.php?rest_route=%2Fwp%2Fv2%2Fcomments&post=474"}],"version-history":[{"count":0,"href":"https:\/\/kranjcic.hr\/index.php?rest_route=\/wp\/v2\/posts\/474\/revisions"}],"wp:attachment":[{"href":"https:\/\/kranjcic.hr\/index.php?rest_route=%2Fwp%2Fv2%2Fmedia&parent=474"}],"wp:term":[{"taxonomy":"category","embeddable":true,"href":"https:\/\/kranjcic.hr\/index.php?rest_route=%2Fwp%2Fv2%2Fcategories&post=474"},{"taxonomy":"post_tag","embeddable":true,"href":"https:\/\/kranjcic.hr\/index.php?rest_route=%2Fwp%2Fv2%2Ftags&post=474"}],"curies":[{"name":"wp","href":"https:\/\/api.w.org\/{rel}","templated":true}]}}