{"id":475,"date":"2013-05-15T09:52:17","date_gmt":"2013-05-15T09:52:17","guid":{"rendered":"https:\/\/susretkranjcic.wordpress.com\/?p=100"},"modified":"2013-05-15T09:52:17","modified_gmt":"2013-05-15T09:52:17","slug":"raspisan-natjecaj-za-5-knjizevni-kranjcic","status":"publish","type":"post","link":"https:\/\/kranjcic.hr\/?p=475","title":{"rendered":"RASPISAN NATJE\u010cAJ ZA 5. KNJI\u017dEVNI &#8220;KRANJ\u010cI\u0106&#8221;"},"content":{"rendered":"<p><a href=\"http:\/\/novo.kranjcic.hr\/wp-content\/uploads\/2015\/10\/5-knjic5beevni-kranjc48dic487-2013-logo.jpg\"><img loading=\"lazy\" decoding=\"async\" class=\"alignleft size-thumbnail wp-image-429\" src=\"http:\/\/novo.kranjcic.hr\/wp-content\/uploads\/2015\/10\/5-knjic5beevni-kranjc48dic487-2013-logo.jpg?w=150\" alt=\"5. Knji\u017eevni Kranj\u010di\u0107 2013. - logo\" width=\"150\" height=\"150\" \/><\/a>U organizaciji Udruge za promicanje znamenitih Kri\u017eev\u010dana \u201eDr. Stjepan Kranj\u010di\u0107\u201d u srijedu 15. svibnja 2013. raspisan je natje\u010daj za 5. Susret hrvatskoga duhovnoga knji\u017eevnoga stvarala\u0161tva \u201eStjepan Kranj\u010di\u0107\u201d.<\/p>\n<p><!--more-->Rije\u010d je o jedinom natje\u010daju za suvremenu duhovnu knji\u017eevnost protkanu kr\u0161\u0107anskim vrednotama u kratkim knji\u017eevnim \u017eanrovima (poezija, kratka pri\u010da, putopis, esej, monodrama) u Republici Hrvatskoj.<\/p>\n<p>Susret hrvatskoga duhovnoga knji\u017eevnoga stvarala\u0161tva \u201eStjepan Kranj\u010di\u0107\u201d, nazvan prema kri\u017eeva\u010dkom \u017eupniku na glasu svetosti koji je i sam pisao i objavljivao knji\u017eevna ostvarenja protkana katoli\u010dkom duhovno\u0161\u0107u, ima nakanu potaknuti stvaranje suvremene hrvatske duhovne knji\u017eevnosti protkane kr\u0161\u0107anskim vrednotama.<\/p>\n<p>Ove godine organizatori predla\u017eu da tema radova bude <strong>siroma\u0161tvo<\/strong>.<\/p>\n<p>Najuspjeliji radovi bit \u0107e nagra\u0111eni i javno izvedeni u Kri\u017eevcima uo\u010di 95. obljetnice ro\u0111enja Stjepana Kranj\u010di\u0107a, u subotu 7. prosinca 2013., a \u0161iri izbor odabranih radova bit \u0107e tiskan u prigodnome zborniku.<\/p>\n<p>Natje\u010daj je otvoren od 15. svibnja do 15. kolovoza 2013. godine.<\/p>\n<h2><span style=\"color:#ff0000;\"><strong>PRAVILA NATJE\u010cAJA<\/strong><\/span><\/h2>\n<p>Radovi koji se \u0161alju na natje\u010daj moraju biti do sada neobjavljeni (u knjigama, knji\u017eevnim \u010dasopisima i novinama). Autori ne smiju poslati radove s kojima su se ve\u0107 natjecali pro\u0161lih godina na istome natje\u010daju.<\/p>\n<p>Radovi tematski trebaju odgovarati natje\u010daju (u u\u017eem smislu: siroma\u0161tvo; u \u0161irem smislu: Bog, Crkva, BD Marija, sveci, sve\u0107enici, redovnici, vjernici laici, hodo\u010da\u0161\u0107a, &#8230;).<\/p>\n<p>Autor se u svakom \u017eanru mo\u017ee natjecati s jednim radom (ukupno smije poslati pet radova: po jedan rad u svakom od pet \u017eanrova). Radovi smiju biti napisani na hrvatskom standardnom jeziku ili na bilo kojem hrvatskom narje\u010dju. Stru\u010dni ocjenjiva\u010dki sud radove \u0107e ocijeniti isklju\u010divo prema knji\u017eevno-estetskom kriteriju, unutar svakoga \u017eanra posebno.<\/p>\n<p>Radovi trebaju biti napisani oblikom slova Times New Roman, veli\u010dinom slova 12, s dvostrukim proredom. Du\u017eina teksta pisanoga na ovaj na\u010din smije biti najvi\u0161e 5 stranica, osim monodrame \u010dija duljina smije biti najvi\u0161e 10 stranica. Na radovima ne smije biti nikakvih drugih podataka osim naslova rada.<\/p>\n<p>Radove i prijavni obrazac treba dostaviti isklju\u010divo u elektroni\u010dkom obliku u formatu .doc (ili .docx) na e-adresu:\u00a0<a href=\"mailto:stjepan.kranjcic@gmail.com\">stjepan.kranjcic@gmail.com<\/a>.<\/p>\n<h2><span style=\"color:#ff0000;\"><strong>PRILOZI<\/strong><\/span><\/h2>\n<p><a href=\"http:\/\/novo.kranjcic.hr\/wp-content\/uploads\/2015\/11\/prijavni-obrazac-5-kranjcic-2013.xls\">Prijavni obrazac<\/a><br \/>\n<a href=\"http:\/\/novo.kranjcic.hr\/wp-content\/uploads\/2015\/11\/5-knjizevni-natjecaj-kranjcic-2013.doc\">Tekst natje\u010daja<\/a><\/p>\n","protected":false},"excerpt":{"rendered":"<p>U organizaciji Udruge za promicanje znamenitih Kri\u017eev\u010dana \u201eDr. Stjepan Kranj\u010di\u0107\u201d u srijedu 15. svibnja 2013. raspisan je natje\u010daj za 5. Susret hrvatskoga duhovnoga knji\u017eevnoga stvarala\u0161tva \u201eStjepan Kranj\u010di\u0107\u201d.<\/p>\n","protected":false},"author":1,"featured_media":0,"comment_status":"open","ping_status":"closed","sticky":false,"template":"","format":"standard","meta":{"footnotes":""},"categories":[26,50,34],"tags":[],"class_list":["post-475","post","type-post","status-publish","format-standard","hentry","category-26","category-5-knjizevni-kranjcic","category-knjizevni-kranjcic"],"_links":{"self":[{"href":"https:\/\/kranjcic.hr\/index.php?rest_route=\/wp\/v2\/posts\/475","targetHints":{"allow":["GET"]}}],"collection":[{"href":"https:\/\/kranjcic.hr\/index.php?rest_route=\/wp\/v2\/posts"}],"about":[{"href":"https:\/\/kranjcic.hr\/index.php?rest_route=\/wp\/v2\/types\/post"}],"author":[{"embeddable":true,"href":"https:\/\/kranjcic.hr\/index.php?rest_route=\/wp\/v2\/users\/1"}],"replies":[{"embeddable":true,"href":"https:\/\/kranjcic.hr\/index.php?rest_route=%2Fwp%2Fv2%2Fcomments&post=475"}],"version-history":[{"count":0,"href":"https:\/\/kranjcic.hr\/index.php?rest_route=\/wp\/v2\/posts\/475\/revisions"}],"wp:attachment":[{"href":"https:\/\/kranjcic.hr\/index.php?rest_route=%2Fwp%2Fv2%2Fmedia&parent=475"}],"wp:term":[{"taxonomy":"category","embeddable":true,"href":"https:\/\/kranjcic.hr\/index.php?rest_route=%2Fwp%2Fv2%2Fcategories&post=475"},{"taxonomy":"post_tag","embeddable":true,"href":"https:\/\/kranjcic.hr\/index.php?rest_route=%2Fwp%2Fv2%2Ftags&post=475"}],"curies":[{"name":"wp","href":"https:\/\/api.w.org\/{rel}","templated":true}]}}