{"id":4802,"date":"2019-02-18T12:16:55","date_gmt":"2019-02-18T12:16:55","guid":{"rendered":"http:\/\/kranjcic.hr\/?p=4802"},"modified":"2019-12-20T12:20:24","modified_gmt":"2019-12-20T12:20:24","slug":"otvorena-retrospektivna-izlozba-hrvatski-sveci-i-blazenici-u-nasem-narodu-kod-dominikanaca-na-zagrebackoj-pescenici","status":"publish","type":"post","link":"https:\/\/kranjcic.hr\/?p=4802","title":{"rendered":"OTVORENA RETROSPEKTIVNA IZLO\u017dBA \u201eHRVATSKI SVECI I BLA\u017dENICI U NA\u0160EM NARODU\u201c KOD DOMINIKANACA NA ZAGREBA\u010cKOJ PE\u0160\u010cENICI"},"content":{"rendered":"\n<p>Retrospektivna izlo\u017eba &#8221;Hrvatski sveci i bla\u017eenici u na\u0161em\nnarodu&#8221;, u organizaciji Galerije hrvatske sakralne umjetnosti &#8221;Laudato&#8221;,\nUdruge \u201cDr. Stjepan Kranj\u010di\u0107\u201d i Samostana bl. Augustina Ka\u017eoti\u0107a, otvorena je u\nutorak 18. velja\u010de 2019. u tome samostanu na Pe\u0161\u010denici u Zagrebu.<\/p>\n\n\n\n<p>Rije\u010d je o putuju\u0107oj izlo\u017ebi koja ovoga puta donosi radove\nvi\u0161e likovnih umjetnika koji su bili autori samostalnih izlo\u017eaba na dosada\u0161njim\nmanifestacijama &#8221;Dana hrvatskih svetaca i bla\u017eenika&#8221;, a koji se od 2008.\ngodine odr\u017eavaju u Kri\u017eevcima. Rije\u010d je o djelima: Branimira Doroti\u0107a, Maje\nVidovi\u0107, Josipa Botterija Dinija, Ane Marije Botteri, Hrvoja Marka Peruzovi\u0107a,\nAnte Mamu\u0161e i Ivane \u0106avar.<\/p>\n\n\n\n<p>Tom je prilikom&nbsp;\ndirektorica \u201cLaudata\u201d Ksenija Abramovi\u0107 istaknula da su se tijekom ovih\ndeset godina na izlo\u017ebi, koja je bila u nekoliko hrvatskih gradova, mogla\nvidjeti 172 djela.<\/p>\n\n\n\n<p>\u201cRekla bih da to nije samo izlo\u017eba, to je vi\u0161e od izlo\u017ebe.\nNjome smo htjeli potaknuti hrvatski narod da bude bli\u017ee sa svojim svecima i\nbla\u017eenicima, da ih bolje upozna, da se njima vi\u0161e moli. Svaki umjetnik je na\njedan svoj poseban na\u010din dao obol liku sveca i, kako sami ka\u017eu, zadatak nije\nbio lagan jer je samoj slici trebalo dodati ono nadnaravno, ono sveto. Svaki od\nnjih u tome je uspio\u201d, zaklju\u010dila je Ksenija Abramovi\u0107.<\/p>\n\n\n\n<p>Povjesni\u010dar umjetnosti Stanko \u0160poljari\u0107 rekao je da je\novogodi\u0161nja izlo\u017eba rezime do sada prije\u0111enog puta, a odabrano je po nekoliko\nslika od svakog umjetnika koji su do\u017eivljajem i slikarskom vje\u0161tinom prikazali\nte \u201cdivne moralne vertikale i primjere ljubavi Krista u na\u0161em narodu\u201d. Rije\u010d je\no sv. Leopoldu Bogdanu Mandi\u0107u, sv. Marku Kri\u017eev\u010daninu, sv. Nikoli Taveli\u0107u,\nbl. Alojziju Stepincu, bl. Ivanu Merzu, bl. Katarini Kosa\u010da \u2013 Kotromani\u0107, bl.\nOzani Kotorskoj, fra Anti Anti\u0107u, slugi Bo\u017ejem Petru Barbari\u0107u te\n\u0160irokobrije\u0161kim mu\u010denicima i Drinskim mu\u010denicama.<\/p>\n\n\n\n<p>Izlo\u017ebu je otvorio provincijal hrvatskih dominikanaca fr.\nSlavko Sli\u0161kovi\u0107, a u dvorani dominikanskoga samostana na zagreba\u010dkoj Pe\u0161\u010denici\nmo\u017ee se razgledati do Uskrsa. Nakon toga, izlo\u017eba \u0107e biti postavljena u dvorani\nkapucinskog samostana sv. Leopolda Mandi\u0107a u zagreba\u010dkoj Dubravi.<\/p>\n\n\n\n<p>Na otvorenju, koje je moderirala predsjednica Udruge \u201cDr.\nStjepan Kranj\u010di\u0107\u201d Tanja Baran,&nbsp; re\u010deno je\nda \u0107e organizaciju izlo\u017ebe, nakon ovog desetog izdanja, preuzeti Nacionalno\nsveti\u0161te sv. Josipa iz Karlovcu, koje ve\u0107 priprema novu izlo\u017ebu.<\/p>\n\n\n\n<ul class=\"wp-block-gallery columns-2 is-cropped wp-block-gallery-1 is-layout-flex wp-block-gallery-is-layout-flex\"><li class=\"blocks-gallery-item\"><figure><img loading=\"lazy\" decoding=\"async\" width=\"900\" height=\"600\" src=\"https:\/\/kranjcic.hr\/wp-content\/uploads\/2019\/12\/otvorenje-izlozbe.jpg\" alt=\"\" data-id=\"4803\" data-link=\"https:\/\/kranjcic.hr\/?attachment_id=4803\" class=\"wp-image-4803\" srcset=\"https:\/\/kranjcic.hr\/wp-content\/uploads\/2019\/12\/otvorenje-izlozbe.jpg 900w, https:\/\/kranjcic.hr\/wp-content\/uploads\/2019\/12\/otvorenje-izlozbe-120x80.jpg 120w, https:\/\/kranjcic.hr\/wp-content\/uploads\/2019\/12\/otvorenje-izlozbe-200x133.jpg 200w\" sizes=\"auto, (max-width: 900px) 100vw, 900px\" \/><\/figure><\/li><li class=\"blocks-gallery-item\"><figure><img loading=\"lazy\" decoding=\"async\" width=\"900\" height=\"600\" src=\"https:\/\/kranjcic.hr\/wp-content\/uploads\/2019\/12\/sveci-i-blazenici.jpg\" alt=\"\" data-id=\"4804\" data-link=\"https:\/\/kranjcic.hr\/?attachment_id=4804\" class=\"wp-image-4804\" srcset=\"https:\/\/kranjcic.hr\/wp-content\/uploads\/2019\/12\/sveci-i-blazenici.jpg 900w, https:\/\/kranjcic.hr\/wp-content\/uploads\/2019\/12\/sveci-i-blazenici-120x80.jpg 120w, https:\/\/kranjcic.hr\/wp-content\/uploads\/2019\/12\/sveci-i-blazenici-200x133.jpg 200w\" sizes=\"auto, (max-width: 900px) 100vw, 900px\" \/><\/figure><\/li><\/ul>\n","protected":false},"excerpt":{"rendered":"<p>Retrospektivna izlo\u017eba &#8221;Hrvatski sveci i bla\u017eenici u na\u0161em narodu&#8221;, u organizaciji Galerije hrvatske sakralne umjetnosti &#8221;Laudato&#8221;, Udruge \u201cDr. Stjepan Kranj\u010di\u0107\u201d i Samostana bl. Augustina Ka\u017eoti\u0107a, otvorena je u utorak 18. velja\u010de 2019. u tome samostanu na Pe\u0161\u010denici u Zagrebu. Rije\u010d je o putuju\u0107oj izlo\u017ebi koja ovoga puta donosi radove vi\u0161e&hellip; <\/p>\n","protected":false},"author":1,"featured_media":4804,"comment_status":"closed","ping_status":"closed","sticky":false,"template":"","format":"standard","meta":{"footnotes":""},"categories":[71,74,18],"tags":[],"class_list":["post-4802","post","type-post","status-publish","format-standard","has-post-thumbnail","hentry","category-10-dani-hsib","category-74","category-zbivanja"],"_links":{"self":[{"href":"https:\/\/kranjcic.hr\/index.php?rest_route=\/wp\/v2\/posts\/4802","targetHints":{"allow":["GET"]}}],"collection":[{"href":"https:\/\/kranjcic.hr\/index.php?rest_route=\/wp\/v2\/posts"}],"about":[{"href":"https:\/\/kranjcic.hr\/index.php?rest_route=\/wp\/v2\/types\/post"}],"author":[{"embeddable":true,"href":"https:\/\/kranjcic.hr\/index.php?rest_route=\/wp\/v2\/users\/1"}],"replies":[{"embeddable":true,"href":"https:\/\/kranjcic.hr\/index.php?rest_route=%2Fwp%2Fv2%2Fcomments&post=4802"}],"version-history":[{"count":1,"href":"https:\/\/kranjcic.hr\/index.php?rest_route=\/wp\/v2\/posts\/4802\/revisions"}],"predecessor-version":[{"id":4805,"href":"https:\/\/kranjcic.hr\/index.php?rest_route=\/wp\/v2\/posts\/4802\/revisions\/4805"}],"wp:featuredmedia":[{"embeddable":true,"href":"https:\/\/kranjcic.hr\/index.php?rest_route=\/wp\/v2\/media\/4804"}],"wp:attachment":[{"href":"https:\/\/kranjcic.hr\/index.php?rest_route=%2Fwp%2Fv2%2Fmedia&parent=4802"}],"wp:term":[{"taxonomy":"category","embeddable":true,"href":"https:\/\/kranjcic.hr\/index.php?rest_route=%2Fwp%2Fv2%2Fcategories&post=4802"},{"taxonomy":"post_tag","embeddable":true,"href":"https:\/\/kranjcic.hr\/index.php?rest_route=%2Fwp%2Fv2%2Ftags&post=4802"}],"curies":[{"name":"wp","href":"https:\/\/api.w.org\/{rel}","templated":true}]}}