{"id":482,"date":"2009-12-01T10:23:21","date_gmt":"2009-12-01T10:23:21","guid":{"rendered":"https:\/\/susretkranjcic.wordpress.com\/?p=123"},"modified":"2016-10-29T20:12:05","modified_gmt":"2016-10-29T20:12:05","slug":"konferencija-za-novinare-povodom-1-susreta-hrvatskoga-duhovnoga-knjizevnoga-stvaralastva-stjepan-kranjcic","status":"publish","type":"post","link":"https:\/\/kranjcic.hr\/?p=482","title":{"rendered":"ODR\u017dANA KONFERENCIJA ZA NOVINARE U POVODU 1. SUSRETA HRVATSKOGA DUHOVNOGA KNJI\u017dEVNOGA STVARALA\u0160TVA &#8220;STJEPAN KRANJ\u010cI\u0106&#8221;"},"content":{"rendered":"<p><span style=\"color: #808080;\">U velikoj vije\u0107nici kri\u017eeva\u010dkoga Gradskog poglavarstva u utorak 1. prosinca 2009. odr\u017eana je konferencija za novinare u povodu 1. Susreta hrvatskoga duhovnoga knji\u017eevnoga stvarala\u0161tva \u201e&#8221;Stjepan Kranj\u010di\u0107&#8221;.<!--more--><\/span><\/p>\n<p><span style=\"color: #808080;\">O programu Susreta, koji je zakazan za 5. prosinca, na dan 91. obljetnice ro\u0111enja Stjepana Kranj\u010di\u0107a, govorili su: kri\u017eeva\u010dki gradona\u010delnik <strong>Branko Hrg<\/strong>, kri\u017eeva\u010dki \u017eupnici <strong>Kre\u0161imir \u017dini\u0107<\/strong> i <strong>Ivan Novak<\/strong> te predsjednica Udruge za promicanje znamenitih Kri\u017eev\u010dana \u201eDr. Stjepan Kranj\u010di\u0107&#8221; <strong>Tanja Baran<\/strong>. U toj su prigodi novinarima podijeljeni: objavljeni zbornik s najuspjelijim radovima Susreta \u201eK Bogu koji razveseljuje&#8221;, pozivnice, plakati i programi.<\/span><\/p>\n<p>&nbsp;<\/p>\n<p>&nbsp;<\/p>\n","protected":false},"excerpt":{"rendered":"<p>U velikoj vije\u0107nici kri\u017eeva\u010dkoga Gradskog poglavarstva u utorak 1. prosinca 2009. odr\u017eana je konferencija za novinare u povodu 1. Susreta hrvatskoga duhovnoga knji\u017eevnoga stvarala\u0161tva \u201e&#8221;Stjepan Kranj\u010di\u0107&#8221;.<\/p>\n","protected":false},"author":1,"featured_media":0,"comment_status":"open","ping_status":"closed","sticky":false,"template":"","format":"standard","meta":{"footnotes":""},"categories":[38,22,34],"tags":[],"class_list":["post-482","post","type-post","status-publish","format-standard","hentry","category-1-knjizevni-kranjcic","category-22","category-knjizevni-kranjcic"],"_links":{"self":[{"href":"https:\/\/kranjcic.hr\/index.php?rest_route=\/wp\/v2\/posts\/482","targetHints":{"allow":["GET"]}}],"collection":[{"href":"https:\/\/kranjcic.hr\/index.php?rest_route=\/wp\/v2\/posts"}],"about":[{"href":"https:\/\/kranjcic.hr\/index.php?rest_route=\/wp\/v2\/types\/post"}],"author":[{"embeddable":true,"href":"https:\/\/kranjcic.hr\/index.php?rest_route=\/wp\/v2\/users\/1"}],"replies":[{"embeddable":true,"href":"https:\/\/kranjcic.hr\/index.php?rest_route=%2Fwp%2Fv2%2Fcomments&post=482"}],"version-history":[{"count":1,"href":"https:\/\/kranjcic.hr\/index.php?rest_route=\/wp\/v2\/posts\/482\/revisions"}],"predecessor-version":[{"id":3490,"href":"https:\/\/kranjcic.hr\/index.php?rest_route=\/wp\/v2\/posts\/482\/revisions\/3490"}],"wp:attachment":[{"href":"https:\/\/kranjcic.hr\/index.php?rest_route=%2Fwp%2Fv2%2Fmedia&parent=482"}],"wp:term":[{"taxonomy":"category","embeddable":true,"href":"https:\/\/kranjcic.hr\/index.php?rest_route=%2Fwp%2Fv2%2Fcategories&post=482"},{"taxonomy":"post_tag","embeddable":true,"href":"https:\/\/kranjcic.hr\/index.php?rest_route=%2Fwp%2Fv2%2Ftags&post=482"}],"curies":[{"name":"wp","href":"https:\/\/api.w.org\/{rel}","templated":true}]}}