{"id":484,"date":"2015-11-19T10:08:17","date_gmt":"2015-11-19T10:08:17","guid":{"rendered":"https:\/\/susretkranjcic.wordpress.com\/?p=473"},"modified":"2016-10-16T21:18:58","modified_gmt":"2016-10-16T21:18:58","slug":"najava-7-knjizevnog-kranjcica","status":"publish","type":"post","link":"https:\/\/kranjcic.hr\/?p=484","title":{"rendered":"NAJAVA 7. KNJI\u017dEVNOG &#8220;KRANJ\u010cI\u0106A\u201d"},"content":{"rendered":"<p>U \u201ePoticajima Stjepana Kranj\u010di\u0107a\u201d Radija <em>Marija <\/em>u \u010detvrtak 19. studenoga 2015. najavljen je 7. Susret hrvatskoga duhovnoga knji\u017eevnoga stvarala\u0161tva \u201eStjepan Kranj\u010di\u0107\u201d.<!--more--><\/p>\n<p>O cjelokupnom tromjese\u010dnom natje\u010daju, biranju najuspjelijih radova, organizaciji zavr\u0161ne sve\u010danosti te o samome zavr\u0161nom susretu u Kri\u017eevcima 5. prosinca govorili su predsjednica Udruge \u201eDr. Stjepan Kranj\u010di\u0107\u201d <span style=\"color: #a18838;\"><strong>Tanja Baran<\/strong> <\/span>i predsjednik Stru\u010dnog ocjenjiva\u010dkog suda <span style=\"color: #a18838;\"><strong>Vladimir Lon\u010darevi\u0107<\/strong><\/span>. Na kraju je izmoljena molitva za otvorenje procesa za progla\u0161enje Stjepana Kranj\u010di\u0107a bla\u017eenim. Emisiju je uredio i vodio o. <span style=\"color: #a18838;\"><strong>Stjepan Fridl<\/strong><\/span>.<\/p>\n","protected":false},"excerpt":{"rendered":"<p>U \u201ePoticajima Stjepana Kranj\u010di\u0107a\u201d Radija Marija u \u010detvrtak 19. studenoga 2015. najavljen je 7. Susret hrvatskoga duhovnoga knji\u017eevnoga stvarala\u0161tva \u201eStjepan Kranj\u010di\u0107\u201d.<\/p>\n","protected":false},"author":1,"featured_media":0,"comment_status":"open","ping_status":"closed","sticky":false,"template":"","format":"standard","meta":{"footnotes":""},"categories":[28,54,34,11,18],"tags":[],"class_list":["post-484","post","type-post","status-publish","format-standard","hentry","category-28","category-7-knjizevni-kranjcic","category-knjizevni-kranjcic","category-poticaji-stjepana-kranjcica","category-zbivanja"],"_links":{"self":[{"href":"https:\/\/kranjcic.hr\/index.php?rest_route=\/wp\/v2\/posts\/484","targetHints":{"allow":["GET"]}}],"collection":[{"href":"https:\/\/kranjcic.hr\/index.php?rest_route=\/wp\/v2\/posts"}],"about":[{"href":"https:\/\/kranjcic.hr\/index.php?rest_route=\/wp\/v2\/types\/post"}],"author":[{"embeddable":true,"href":"https:\/\/kranjcic.hr\/index.php?rest_route=\/wp\/v2\/users\/1"}],"replies":[{"embeddable":true,"href":"https:\/\/kranjcic.hr\/index.php?rest_route=%2Fwp%2Fv2%2Fcomments&post=484"}],"version-history":[{"count":2,"href":"https:\/\/kranjcic.hr\/index.php?rest_route=\/wp\/v2\/posts\/484\/revisions"}],"predecessor-version":[{"id":3060,"href":"https:\/\/kranjcic.hr\/index.php?rest_route=\/wp\/v2\/posts\/484\/revisions\/3060"}],"wp:attachment":[{"href":"https:\/\/kranjcic.hr\/index.php?rest_route=%2Fwp%2Fv2%2Fmedia&parent=484"}],"wp:term":[{"taxonomy":"category","embeddable":true,"href":"https:\/\/kranjcic.hr\/index.php?rest_route=%2Fwp%2Fv2%2Fcategories&post=484"},{"taxonomy":"post_tag","embeddable":true,"href":"https:\/\/kranjcic.hr\/index.php?rest_route=%2Fwp%2Fv2%2Ftags&post=484"}],"curies":[{"name":"wp","href":"https:\/\/api.w.org\/{rel}","templated":true}]}}