{"id":4870,"date":"2020-05-18T13:07:59","date_gmt":"2020-05-18T13:07:59","guid":{"rendered":"http:\/\/kranjcic.hr\/?p=4870"},"modified":"2020-05-18T13:09:41","modified_gmt":"2020-05-18T13:09:41","slug":"12-dani-hrvatskih-svetaca-i-blazenika-od-28-do-31-svibnja-2020-u-krizevcima","status":"publish","type":"post","link":"https:\/\/kranjcic.hr\/?p=4870","title":{"rendered":"12. DANI HRVATSKIH SVETACA I BLA\u017dENIKA \u2013 OD 28. DO 31. SVIBNJA 2020. U KRI\u017dEVCIMA"},"content":{"rendered":"\n<p>U Kri\u017eevcima \u0107e od \u010detvrtka 28. do nedjelje 31. svibnja 2020. biti odr\u017eani 12. Dani hrvatskih svetaca i bla\u017eenika. Pretprogramom i misnim slavljem ove \u0107e godine biti tematizirani sv. Marko Kri\u017eev\u010danin, sluga Bo\u017eji Antun Mahni\u0107, bl. Marija od Propetog Isusa Petkovi\u0107 i sv. Nikola Taveli\u0107, a kulturni dio programa sastojat \u0107e se od likovne izlo\u017ebe, okrugloga stola, dramske igre te promocije pjesme i video-spota.<\/p>\n\n\n\n<p>Manifestacija \u0107e zapo\u010deti u \u010detvrtak 28. svibnja u 18.45 sati u kri\u017eeva\u010dkoj \u017eupnoj crkvi sv. Ane sve\u010dano\u0161\u0107u otvorenja Dana u kojoj \u0107e sudjelovati obojica kri\u017eeva\u010dkih \u017eupnika pre\u010d. Stjepan Sovi\u010dek i vl\u010d. Dra\u017een Hladuvka.<\/p>\n\n\n\n<p>Taj je prvi dan posve\u0107en sv. Marku Kri\u017eev\u010daninu i molitveni \u0107e, knji\u017eevni i glazbeni program njemu u \u010dast izvesti \u201eZamak\u201c \u2013 Zajednica mladih katolika Karlovac.<\/p>\n\n\n\n<p>Misno \u0107e slavlje u 19.00 sati predvoditi rektor Nacionalnog sveti\u0161ta sv. Josipa u Karlovcu mons. Antun Sente ml. Glazbeni obol euharistiji dat \u0107e Zbor mladih Nacionalnog sveti\u0161ta sv. Josipa \u201eAgape\u201c.<\/p>\n\n\n\n<p>Nakon mise u Gradskoj \u0107e galeriji od 20.15 sati biti odr\u017ean program pod nazivom \u201eHrvatski sveci i bla\u017eenici u na\u0161em narodu\u201c u sklopu kojeg \u0107e biti otvorena izlo\u017eba akrila, olovki i akvarela akademske slikarice Eve Vukine. U sve\u010danosti otvorenja sudjelovat \u0107e ravnateljica Gradskoga muzeja u Kri\u017eevcima Tea Hatadi, rektor Nacionalnog sveti\u0161ta sv. Josipa mons. Antun Sente ml., koje i organizira izlo\u017ebu, zatim likovni kriti\u010dar Stanko \u0160poljari\u0107 te autorica. U duhovno-glazbenom programu nastupit \u0107e dramski umjetnik Dubravko Sidor i Trio \u201eAgape\u201c Nacionalnog sveti\u0161ta sv. Josipa. Izlo\u017ebu, koja ostaje otvorena do 10. lipnja, otvorit \u0107e mons. Sente. Voditeljica je Tanja Baran.<\/p>\n\n\n\n<p>Drugi dan manifestacije, petak 29. svibnja, bit \u0107e u \u010dast sluge Bo\u017ejeg Antuna Mahni\u0107a, uz 170. godi\u0161njicu njegova ro\u0111enja i 100. obljetnicu smrti.<\/p>\n\n\n\n<p>Molitveni, knji\u017eevni i glazbeni program u 18.45 sati u crkvi sv. Aneizvest \u0107e postulator Mahni\u0107eve kauze vl\u010d. Sa\u0161a Iliji\u0107.<\/p>\n\n\n\n<p>Nakon toga \u0107e u 19.00 sati misno slavlje, uz glazbenu pratnju obitelji Foreti\u0107, predvoditi kr\u010dki biskup Ivica Petanjak.<\/p>\n\n\n\n<p>Od 20 sati \u0107e sati biti odr\u017ean okrugli stol \u201eSvetost i mladi\u201c na kojem \u0107e sudjelovati biskup Petanjak i mladi: kipar Luka Stipi\u0107, voditeljica i novinarka Ivana Foreti\u0107 te biciklist i putopisac Dario Juri\u010devi\u0107. Moderatorica okrugloga stola bit \u0107e Lejdi Oreb.<\/p>\n\n\n\n<p>Tre\u0107ega dana, u subotu 30. svibnja, program \u0107e biti posve\u0107en bl. Mariji od Propetog Isusa Petkovi\u0107, uz 100. obljetnicu utemeljenja Dru\u017ebe K\u0107eri Milosr\u0111a.<\/p>\n\n\n\n<p>Prezentaciju Bla\u017eeni\u010dinih misli i poruka pod nazivom \u201eSve \u0161to postoji dar je tvoje ljubavi\u201c od 18.45 sati izvest \u0107e \u010dlanice Dru\u017ebe K\u0107eri Milosr\u0111a.<\/p>\n\n\n\n<p>Misno \u0107e slavlje u 19.00 sati predvoditi dekan Katoli\u010dkoga bogoslovnog fakulteta u Splitu i promicatelj Bla\u017eeni\u010dina \u0161tovanja prof. dr. Mladen Parlov. Glazbeno \u0107e misu animirati Dru\u017eba K\u0107eri Milosr\u0111a.<\/p>\n\n\n\n<p>Uslijedit \u0107e dramska igra \u201eTvoja uvijeke\u201c posve\u0107ena Bla\u017eeni\u010dinu \u017eivotu i djelovanju te osnivanju Dru\u017ebe K\u0107eri Milosr\u0111a. Izvest \u0107e je pripravnice Dru\u017ebe.<\/p>\n\n\n\n<p>Posljednjega \u010detvrtoga dana manifestacije, u nedjelju 31. svibnja, program \u0107e biti posve\u0107en sv. Nikoli Taveli\u0107u, uz 50. obljetnicu kanonizacije prvoga hrvatskog sveca.<\/p>\n\n\n\n<p>Pretprogram u 09.45, kao i misno slavlje u 10.00 sati, predvodit \u0107e rektor Nacionalnog sveti\u0161ta sv. Nikole Taveli\u0107a u \u0160ibeniku fra Ivan Bradari\u0107. Euharistiju \u0107e glazbeno animirati Ansambl Kolbe.<\/p>\n\n\n\n<p>Nakon mise \u0107e u 11.00 sati biti odr\u017eano predstavljanje slike sv. Nikole Taveli\u0107a, najstarijega poznatog likovnog prikaza sv. Nikole Taveli\u0107a iz 15.\/16. stolje\u0107a nepoznatog autora. Promovirana \u0107e biti i pjesma i video-spot \u201eTimbar vire\u201c posve\u0107enog sv. Nikoli Taveli\u0107u klape \u201eBunari\u201c iz \u0160ibenika, projekta osmi\u0161ljenog u povodu jubileja 50. godi\u0161njice kanonizacije sv. Nikole Taveli\u0107a.<\/p>\n\n\n\n<p>12. Dane hrvatskih svetaca i bla\u017eenika, pod pokroviteljstvom Bjelovarsko-kri\u017eeva\u010dke biskupije te uz potporu Grada Kri\u017eevaca, Hrvatske kontrole zra\u010dne plovidbe, portala prigorski.hr, Hrvatske katoli\u010dke mre\u017ee, Radio Marije i Glasa Koncila, u zajedni\u0161tvu organiziraju Udruga za promicanje znamenitih Kri\u017eev\u010dana \u201eDr. Stjepan Kranj\u010di\u0107\u201c te kri\u017eeva\u010dke \u017eupe sv. Ane i BDM \u017dalosne i sv. Marka Kri\u017eev\u010danina. Suorganizatori su Nacionalno sveti\u0161te sv. Josipa Karlovac i Gradski muzej Kri\u017eevci.<\/p>\n\n\n\n<p>Cjelokupan \u0107e se program u sve dane mo\u0107i pratiti u\u017eivo preko facebooka portala prigorski.hr, Hrvatskoga katoli\u010dkog radija i Radio Marije.<\/p>\n\n\n\n<p><a href=\"https:\/\/kranjcic.hr\/wp-content\/uploads\/2020\/05\/12.-Dani-HSIB-2020.-pozivnica.pdf\">POZIVNICA<\/a><\/p>\n\n\n\n<p><a href=\"https:\/\/kranjcic.hr\/wp-content\/uploads\/2020\/05\/12.-Dani-HSIB-2020.-program.pdf\">PROGRAM<\/a><\/p>\n\n\n\n<figure class=\"wp-block-image size-large\"><img loading=\"lazy\" decoding=\"async\" width=\"638\" height=\"910\" src=\"https:\/\/kranjcic.hr\/wp-content\/uploads\/2020\/05\/plakat-12-DHSiB.jpg\" alt=\"\" class=\"wp-image-4871\" srcset=\"https:\/\/kranjcic.hr\/wp-content\/uploads\/2020\/05\/plakat-12-DHSiB.jpg 638w, https:\/\/kranjcic.hr\/wp-content\/uploads\/2020\/05\/plakat-12-DHSiB-105x150.jpg 105w, https:\/\/kranjcic.hr\/wp-content\/uploads\/2020\/05\/plakat-12-DHSiB-84x120.jpg 84w\" sizes=\"auto, (max-width: 638px) 100vw, 638px\" \/><\/figure>\n","protected":false},"excerpt":{"rendered":"<p>U Kri\u017eevcima \u0107e od \u010detvrtka 28. do nedjelje 31. svibnja 2020. biti odr\u017eani 12. Dani hrvatskih svetaca i bla\u017eenika. Pretprogramom i misnim slavljem ove \u0107e godine biti tematizirani sv. Marko Kri\u017eev\u010danin, sluga Bo\u017eji Antun Mahni\u0107, bl. Marija od Propetog Isusa Petkovi\u0107 i sv. Nikola Taveli\u0107, a kulturni dio programa sastojat&hellip; <\/p>\n","protected":false},"author":1,"featured_media":4875,"comment_status":"closed","ping_status":"closed","sticky":false,"template":"","format":"standard","meta":{"footnotes":""},"categories":[81,79,30],"tags":[],"class_list":["post-4870","post","type-post","status-publish","format-standard","has-post-thumbnail","hentry","category-12-dani-hsib","category-2020-arhiv-po-godinama","category-dani-hrvatskih-svetaca-i-blazenika"],"_links":{"self":[{"href":"https:\/\/kranjcic.hr\/index.php?rest_route=\/wp\/v2\/posts\/4870","targetHints":{"allow":["GET"]}}],"collection":[{"href":"https:\/\/kranjcic.hr\/index.php?rest_route=\/wp\/v2\/posts"}],"about":[{"href":"https:\/\/kranjcic.hr\/index.php?rest_route=\/wp\/v2\/types\/post"}],"author":[{"embeddable":true,"href":"https:\/\/kranjcic.hr\/index.php?rest_route=\/wp\/v2\/users\/1"}],"replies":[{"embeddable":true,"href":"https:\/\/kranjcic.hr\/index.php?rest_route=%2Fwp%2Fv2%2Fcomments&post=4870"}],"version-history":[{"count":1,"href":"https:\/\/kranjcic.hr\/index.php?rest_route=\/wp\/v2\/posts\/4870\/revisions"}],"predecessor-version":[{"id":4874,"href":"https:\/\/kranjcic.hr\/index.php?rest_route=\/wp\/v2\/posts\/4870\/revisions\/4874"}],"wp:featuredmedia":[{"embeddable":true,"href":"https:\/\/kranjcic.hr\/index.php?rest_route=\/wp\/v2\/media\/4875"}],"wp:attachment":[{"href":"https:\/\/kranjcic.hr\/index.php?rest_route=%2Fwp%2Fv2%2Fmedia&parent=4870"}],"wp:term":[{"taxonomy":"category","embeddable":true,"href":"https:\/\/kranjcic.hr\/index.php?rest_route=%2Fwp%2Fv2%2Fcategories&post=4870"},{"taxonomy":"post_tag","embeddable":true,"href":"https:\/\/kranjcic.hr\/index.php?rest_route=%2Fwp%2Fv2%2Ftags&post=4870"}],"curies":[{"name":"wp","href":"https:\/\/api.w.org\/{rel}","templated":true}]}}