{"id":4923,"date":"2020-05-31T17:52:00","date_gmt":"2020-05-31T17:52:00","guid":{"rendered":"http:\/\/kranjcic.hr\/?p=4923"},"modified":"2020-06-01T17:53:50","modified_gmt":"2020-06-01T17:53:50","slug":"zavrseni-12-dani-hrvatskih-svetaca-i-blazenika-4-dan-dan-sv-nikole-tavelica","status":"publish","type":"post","link":"https:\/\/kranjcic.hr\/?p=4923","title":{"rendered":"ZAVR\u0160ENI 12. DANI HRVATSKIH SVETACA I BLA\u017dENIKA (4. DAN \u2013 DAN SV. NIKOLE TAVELI\u0106A)"},"content":{"rendered":"\n<p>Dokumentarnim filmom \u201e\u017divot je darovan\u201c o prvom hrvatskom svecu Nikoli Taveli\u0107u, misnim slavljem koje je predvodio rektor Nacionalnog sveti\u0161ta sv. Nikole iz \u0160ibenika fra Ivan Bradari\u0107 te predstavljanjem slike i pjesme s video-spotom u sve\u010devu \u010dast u kri\u017eeva\u010dkoj su \u017eupnoj crkvi sv. Ane u nedjelju 31. svibnja 2020. zavr\u0161eni 12. Dani hrvatskih svetaca i bla\u017eenika. Tom je sve\u010dano\u0161\u0107u proslavljen jubilej 50. obljetnice kanonizacije sv. Nikole Taveli\u0107a.<\/p>\n\n\n\n<p>Uvodno je prikazan 20-minutni dokumentarni film \u201e\u017divot je darovan\u201c u kojem je dana sinteza \u017eivota, djelovanja i mu\u010deni\u010dke Taveli\u0107eve smrti.<\/p>\n\n\n\n<p>Uslijedilo je misno slavlje koje je, u koncelebraciji sa \u017eupnikom doma\u0107inom Stjepanom Sovi\u010dekom, predvodio rektor Nacionalnog sveti\u0161ta sv. Nikole Taveli\u0107a iz \u0160ibenika fra Ivan Bradari\u0107. \u201eDolazim iz grada prvoga kanoniziranog hrvatskog sveca Nikole Taveli\u0107a kao hodo\u010dasnik u grad tre\u0107ega hrvatskog sveca Marka Kri\u017eev\u010danina. \u010cinjenica je da slabo slavimo na\u0161e svece, kao da oni nisu u\u0161li u na\u0161 hrvatski narod. Zato je hvalevrijedna ova inicijativa u Kri\u017eevcima da se na\u0161a pa\u017enja ovom manifestacijom barem jedanput godi\u0161nje u \u010detiri dana usmjeri na silno duhovno blago koje na\u0161 narod ima\u201c, rekao je na po\u010detku propovijedi fra Ivan Bradari\u0107. Govorio je o blagdanu Pedesetnice, Duhova, ali i o mu\u010deni\u010dkoj Taveli\u0107evoj smrti u Jeruzalemu. \u201eDana\u0161nji svijet \u017eivi po logici ovoga svijeta, materijalno, a logika Duha Svetoga \u010desto je druga\u010dija, po njoj se pripremamo za vje\u010dnost. Zbog vje\u010dnosti je i Nikola Taveli\u0107 svojevoljno predao svoj \u017eivot, zato ga danas \u0161tujemo\u201c, istaknuo je propovjednik i pozvao na upoznavanje ostalih na\u0161ih svetaca i bla\u017eenika koji tako\u0111er, naglasio je, govore jezikom propovjednika, ali nas i zagovaraju kada im se utje\u010demo. Fra Ivan Bradari\u0107 najavio je domovinsku proslavu jubileja 50. obljetnice Taveli\u0107eve kanonizacije za 21. lipnja ove godine u \u0160ibeniku. &nbsp;&nbsp;<\/p>\n\n\n\n<p>Glazbeni obol euharistijskoj sve\u010danosti dao je Ansambl \u201eKolbe\u201c iz Zagreba.<\/p>\n\n\n\n<p>Zatim je fra Ivan Bradari\u0107 predstavio dvometarsku sliku s likom sv. Nikole Taveli\u0107a, a rije\u010d je o najstarijem likovnom prikazu sv. Nikole iz 15. ili 16. stolje\u0107a nepoznatog autora. Sve\u010danost je zavr\u0161ena premijernim prikazom video-spota s pjesmom \u201eTimbar vire\u201c u izvedbi klape \u201eBunari\u201c iz \u0160ibenika. Pjesma i video-spot suvremene glazbene i video produkcije napravljeni su ba\u0161 za jubilej 50. obljetnice kanonizacije prvoga hrvatskog sveca.<\/p>\n\n\n\n<p>Time su zavr\u0161eni \u010detverodnevni 12. Dani hrvatskih svetaca i bla\u017eenika kojima se \u017eeljelo potaknuti na bolje poznavanje i intenzivnije \u0161tovanje hrvatskih duhovnih velikana.<\/p>\n\n\n\n<p>Manifestaciju su, uz pokroviteljstvo Bjelovarsko-kri\u017eeva\u010dke biskupije, organizirali: Udruga za promicanje znamenitih Kri\u017eev\u010dana \u201eDr. Stjepan Kranj\u010di\u0107\u201c, \u017eupa sv. Ane Kri\u017eevci te \u017eupa BDM \u017dalosne i sv. Marka Kri\u017eev\u010danina Kri\u017eevci, uz potporu Grada Kri\u017eevaca, Hrvatske kontrole zra\u010dne plovidbe, Glasa Koncila, portala prigorski.hr, Hrvatskoga katoli\u010dkoga radija i Radio Marije. Suorganizatori su bili: Nacionalno sveti\u0161te sv. Josipa iz Karlovca i Gradski muzej Kri\u017eevci.<\/p>\n\n\n\n<p>Cjelokupan se program u sve dane mogao pratiti preko facebooka portala prigorski.hr, Hrvatskoga katoli\u010dkoga radija i Radio Marije.<\/p>\n\n\n\n<figure class=\"wp-block-gallery columns-3 is-cropped wp-block-gallery-1 is-layout-flex wp-block-gallery-is-layout-flex\"><ul class=\"blocks-gallery-grid\"><li class=\"blocks-gallery-item\"><figure><a href=\"https:\/\/kranjcic.hr\/wp-content\/uploads\/2020\/06\/001-Kri\u017eeva\u010dki-\u017eupnik-Stjepan-Sovi\u010dek-rotated.jpg\"><img loading=\"lazy\" decoding=\"async\" width=\"768\" height=\"1024\" src=\"https:\/\/kranjcic.hr\/wp-content\/uploads\/2020\/06\/001-Kri\u017eeva\u010dki-\u017eupnik-Stjepan-Sovi\u010dek-768x1024.jpg\" alt=\"\" data-id=\"4924\" data-full-url=\"https:\/\/kranjcic.hr\/wp-content\/uploads\/2020\/06\/001-Kri\u017eeva\u010dki-\u017eupnik-Stjepan-Sovi\u010dek-rotated.jpg\" data-link=\"https:\/\/kranjcic.hr\/?attachment_id=4924\" class=\"wp-image-4924\" srcset=\"https:\/\/kranjcic.hr\/wp-content\/uploads\/2020\/06\/001-Kri\u017eeva\u010dki-\u017eupnik-Stjepan-Sovi\u010dek-768x1024.jpg 768w, https:\/\/kranjcic.hr\/wp-content\/uploads\/2020\/06\/001-Kri\u017eeva\u010dki-\u017eupnik-Stjepan-Sovi\u010dek-113x150.jpg 113w, https:\/\/kranjcic.hr\/wp-content\/uploads\/2020\/06\/001-Kri\u017eeva\u010dki-\u017eupnik-Stjepan-Sovi\u010dek-90x120.jpg 90w, https:\/\/kranjcic.hr\/wp-content\/uploads\/2020\/06\/001-Kri\u017eeva\u010dki-\u017eupnik-Stjepan-Sovi\u010dek-rotated.jpg 908w\" sizes=\"auto, (max-width: 768px) 100vw, 768px\" \/><\/a><\/figure><\/li><li class=\"blocks-gallery-item\"><figure><a href=\"https:\/\/kranjcic.hr\/wp-content\/uploads\/2020\/06\/002-Fra-Ivan-Bradari\u0107-propovijeda.jpg\"><img loading=\"lazy\" decoding=\"async\" width=\"1024\" height=\"768\" src=\"https:\/\/kranjcic.hr\/wp-content\/uploads\/2020\/06\/002-Fra-Ivan-Bradari\u0107-propovijeda-1024x768.jpg\" alt=\"\" data-id=\"4925\" data-full-url=\"https:\/\/kranjcic.hr\/wp-content\/uploads\/2020\/06\/002-Fra-Ivan-Bradari\u0107-propovijeda.jpg\" data-link=\"https:\/\/kranjcic.hr\/?attachment_id=4925\" class=\"wp-image-4925\" srcset=\"https:\/\/kranjcic.hr\/wp-content\/uploads\/2020\/06\/002-Fra-Ivan-Bradari\u0107-propovijeda-1024x768.jpg 1024w, https:\/\/kranjcic.hr\/wp-content\/uploads\/2020\/06\/002-Fra-Ivan-Bradari\u0107-propovijeda-200x150.jpg 200w, https:\/\/kranjcic.hr\/wp-content\/uploads\/2020\/06\/002-Fra-Ivan-Bradari\u0107-propovijeda-120x90.jpg 120w, https:\/\/kranjcic.hr\/wp-content\/uploads\/2020\/06\/002-Fra-Ivan-Bradari\u0107-propovijeda.jpg 1210w\" sizes=\"auto, (max-width: 1024px) 100vw, 1024px\" \/><\/a><\/figure><\/li><li class=\"blocks-gallery-item\"><figure><a href=\"https:\/\/kranjcic.hr\/wp-content\/uploads\/2020\/06\/003-Misa-1.jpg\"><img loading=\"lazy\" decoding=\"async\" width=\"1024\" height=\"768\" src=\"https:\/\/kranjcic.hr\/wp-content\/uploads\/2020\/06\/003-Misa-1-1024x768.jpg\" alt=\"\" data-id=\"4926\" data-full-url=\"https:\/\/kranjcic.hr\/wp-content\/uploads\/2020\/06\/003-Misa-1.jpg\" data-link=\"https:\/\/kranjcic.hr\/?attachment_id=4926\" class=\"wp-image-4926\" srcset=\"https:\/\/kranjcic.hr\/wp-content\/uploads\/2020\/06\/003-Misa-1-1024x768.jpg 1024w, https:\/\/kranjcic.hr\/wp-content\/uploads\/2020\/06\/003-Misa-1-200x150.jpg 200w, https:\/\/kranjcic.hr\/wp-content\/uploads\/2020\/06\/003-Misa-1-120x90.jpg 120w, https:\/\/kranjcic.hr\/wp-content\/uploads\/2020\/06\/003-Misa-1.jpg 1210w\" sizes=\"auto, (max-width: 1024px) 100vw, 1024px\" \/><\/a><\/figure><\/li><li class=\"blocks-gallery-item\"><figure><a href=\"https:\/\/kranjcic.hr\/wp-content\/uploads\/2020\/06\/004-Tanja-Baran-zatvara-12.-Dane-hrvatskih-svetaca-i-bla\u017eenika.jpg\"><img loading=\"lazy\" decoding=\"async\" width=\"800\" height=\"533\" src=\"https:\/\/kranjcic.hr\/wp-content\/uploads\/2020\/06\/004-Tanja-Baran-zatvara-12.-Dane-hrvatskih-svetaca-i-bla\u017eenika.jpg\" alt=\"\" data-id=\"4927\" data-full-url=\"https:\/\/kranjcic.hr\/wp-content\/uploads\/2020\/06\/004-Tanja-Baran-zatvara-12.-Dane-hrvatskih-svetaca-i-bla\u017eenika.jpg\" data-link=\"https:\/\/kranjcic.hr\/?attachment_id=4927\" class=\"wp-image-4927\" srcset=\"https:\/\/kranjcic.hr\/wp-content\/uploads\/2020\/06\/004-Tanja-Baran-zatvara-12.-Dane-hrvatskih-svetaca-i-bla\u017eenika.jpg 800w, https:\/\/kranjcic.hr\/wp-content\/uploads\/2020\/06\/004-Tanja-Baran-zatvara-12.-Dane-hrvatskih-svetaca-i-bla\u017eenika-200x133.jpg 200w, https:\/\/kranjcic.hr\/wp-content\/uploads\/2020\/06\/004-Tanja-Baran-zatvara-12.-Dane-hrvatskih-svetaca-i-bla\u017eenika-120x80.jpg 120w\" sizes=\"auto, (max-width: 800px) 100vw, 800px\" \/><\/a><\/figure><\/li><li class=\"blocks-gallery-item\"><figure><a href=\"https:\/\/kranjcic.hr\/wp-content\/uploads\/2020\/06\/005-Sudionici-sve\u010danosti.jpg\"><img loading=\"lazy\" decoding=\"async\" width=\"813\" height=\"542\" src=\"https:\/\/kranjcic.hr\/wp-content\/uploads\/2020\/06\/005-Sudionici-sve\u010danosti.jpg\" alt=\"\" data-id=\"4928\" data-full-url=\"https:\/\/kranjcic.hr\/wp-content\/uploads\/2020\/06\/005-Sudionici-sve\u010danosti.jpg\" data-link=\"https:\/\/kranjcic.hr\/?attachment_id=4928\" class=\"wp-image-4928\" srcset=\"https:\/\/kranjcic.hr\/wp-content\/uploads\/2020\/06\/005-Sudionici-sve\u010danosti.jpg 813w, https:\/\/kranjcic.hr\/wp-content\/uploads\/2020\/06\/005-Sudionici-sve\u010danosti-200x133.jpg 200w, https:\/\/kranjcic.hr\/wp-content\/uploads\/2020\/06\/005-Sudionici-sve\u010danosti-120x80.jpg 120w\" sizes=\"auto, (max-width: 813px) 100vw, 813px\" \/><\/a><\/figure><\/li><li class=\"blocks-gallery-item\"><figure><a href=\"https:\/\/kranjcic.hr\/wp-content\/uploads\/2020\/06\/006-sv.-Nikola-Taveli\u0107.jpeg\"><img loading=\"lazy\" decoding=\"async\" width=\"400\" height=\"600\" src=\"https:\/\/kranjcic.hr\/wp-content\/uploads\/2020\/06\/006-sv.-Nikola-Taveli\u0107.jpeg\" alt=\"\" data-id=\"4929\" data-full-url=\"https:\/\/kranjcic.hr\/wp-content\/uploads\/2020\/06\/006-sv.-Nikola-Taveli\u0107.jpeg\" data-link=\"https:\/\/kranjcic.hr\/?attachment_id=4929\" class=\"wp-image-4929\" srcset=\"https:\/\/kranjcic.hr\/wp-content\/uploads\/2020\/06\/006-sv.-Nikola-Taveli\u0107.jpeg 400w, https:\/\/kranjcic.hr\/wp-content\/uploads\/2020\/06\/006-sv.-Nikola-Taveli\u0107-100x150.jpeg 100w, https:\/\/kranjcic.hr\/wp-content\/uploads\/2020\/06\/006-sv.-Nikola-Taveli\u0107-80x120.jpeg 80w\" sizes=\"auto, (max-width: 400px) 100vw, 400px\" \/><\/a><\/figure><\/li><\/ul><\/figure>\n","protected":false},"excerpt":{"rendered":"<p>Dokumentarnim filmom \u201e\u017divot je darovan\u201c o prvom hrvatskom svecu Nikoli Taveli\u0107u, misnim slavljem koje je predvodio rektor Nacionalnog sveti\u0161ta sv. Nikole iz \u0160ibenika fra Ivan Bradari\u0107 te predstavljanjem slike i pjesme s video-spotom u sve\u010devu \u010dast u kri\u017eeva\u010dkoj su \u017eupnoj crkvi sv. Ane u nedjelju 31. svibnja 2020. zavr\u0161eni 12.&hellip; <\/p>\n","protected":false},"author":1,"featured_media":4926,"comment_status":"closed","ping_status":"closed","sticky":false,"template":"","format":"standard","meta":{"footnotes":""},"categories":[81,79,7,30],"tags":[],"class_list":["post-4923","post","type-post","status-publish","format-standard","has-post-thumbnail","hentry","category-12-dani-hsib","category-2020-arhiv-po-godinama","category-arhiv-po-godinama","category-dani-hrvatskih-svetaca-i-blazenika"],"_links":{"self":[{"href":"https:\/\/kranjcic.hr\/index.php?rest_route=\/wp\/v2\/posts\/4923","targetHints":{"allow":["GET"]}}],"collection":[{"href":"https:\/\/kranjcic.hr\/index.php?rest_route=\/wp\/v2\/posts"}],"about":[{"href":"https:\/\/kranjcic.hr\/index.php?rest_route=\/wp\/v2\/types\/post"}],"author":[{"embeddable":true,"href":"https:\/\/kranjcic.hr\/index.php?rest_route=\/wp\/v2\/users\/1"}],"replies":[{"embeddable":true,"href":"https:\/\/kranjcic.hr\/index.php?rest_route=%2Fwp%2Fv2%2Fcomments&post=4923"}],"version-history":[{"count":1,"href":"https:\/\/kranjcic.hr\/index.php?rest_route=\/wp\/v2\/posts\/4923\/revisions"}],"predecessor-version":[{"id":4930,"href":"https:\/\/kranjcic.hr\/index.php?rest_route=\/wp\/v2\/posts\/4923\/revisions\/4930"}],"wp:featuredmedia":[{"embeddable":true,"href":"https:\/\/kranjcic.hr\/index.php?rest_route=\/wp\/v2\/media\/4926"}],"wp:attachment":[{"href":"https:\/\/kranjcic.hr\/index.php?rest_route=%2Fwp%2Fv2%2Fmedia&parent=4923"}],"wp:term":[{"taxonomy":"category","embeddable":true,"href":"https:\/\/kranjcic.hr\/index.php?rest_route=%2Fwp%2Fv2%2Fcategories&post=4923"},{"taxonomy":"post_tag","embeddable":true,"href":"https:\/\/kranjcic.hr\/index.php?rest_route=%2Fwp%2Fv2%2Ftags&post=4923"}],"curies":[{"name":"wp","href":"https:\/\/api.w.org\/{rel}","templated":true}]}}