{"id":4942,"date":"2020-10-14T19:32:34","date_gmt":"2020-10-14T19:32:34","guid":{"rendered":"http:\/\/kranjcic.hr\/?p=4942"},"modified":"2020-10-25T11:34:58","modified_gmt":"2020-10-25T11:34:58","slug":"raspisan-natjecaj-za-10-djecji-kranjcic","status":"publish","type":"post","link":"https:\/\/kranjcic.hr\/?p=4942","title":{"rendered":"RASPISAN NATJE\u010cAJ ZA 10. DJE\u010cJI \u201eKRANJ\u010cI\u0106\u201d"},"content":{"rendered":"\n<p>U organizaciji kri\u017eeva\u010dke Osnovne \u0161kole Ljudevita Modeca i Udruge za promicanje znamenitih Kri\u017eev\u010dana \u201eDr. Stjepan Kranj\u010di\u0107\u201d od&nbsp;<strong>15. listopada do 15. prosinca 2020<\/strong>. otvoren je natje\u010daj za jubilarni&nbsp;<strong>10. Susret hrvatskoga dje\u010djega duhovnoga stvarala\u0161tva \u201eStjepan Kranj\u010di\u0107\u201d<\/strong>. Rije\u010d je o jedinom natje\u010daju za duhovno knji\u017eevno i likovno stvarala\u0161tvo na nacionalnoj razini u Republici Hrvatskoj za djecu osnovnih \u0161kola. Nazvan je prema kri\u017eeva\u010dkom \u017eupniku na glasu svetosti Stjepanu Kranj\u010di\u0107u koji je i s\u00e2m pisao knji\u017eevne radove katoli\u010dke tematike. Organizatori su raspisali natje\u010daj na krilima uspje\u0161noga natje\u010daja i knji\u017eevnoga susreta za duhovnu knji\u017eevnost na nacionalnoj razini za odrasle \u2013 Susreta hrvatskoga duhovnoga knji\u017eevnoga stvarala\u0161tva \u201eStjepan Kranj\u010di\u0107\u201d koji se ove godine u Kri\u017eevcima&nbsp;<strong>5. prosinca<\/strong>&nbsp;odr\u017eava dvanaesti put.<\/p>\n\n\n\n<p>Susret hrvatskoga dje\u010djega duhovnoga stvarala\u0161tva \u201eStjepan Kranj\u010di\u0107\u201d ima nakanu potaknuti stvaranje suvremenih dje\u010djih duhovnih knji\u017eevnih (poezija, proza, igrokazi) i likovnih radova protkanih kr\u0161\u0107anskim vrednotama.<\/p>\n\n\n\n<p>Organizatori predla\u017eu da tema radova ovoga desetog natje\u010daja bude&nbsp;<strong>ljepota<\/strong>.<\/p>\n\n\n\n<p>Najuspjeliji radovi prema ocjeni stru\u010dnog ocjenjiva\u010dkog suda bit \u0107e nagra\u0111eni i javno izvedeni u Kri\u017eevcima u&nbsp;<strong>subotu 17. travnja 2021.<\/strong>, a \u0161iri izbor odabranih knji\u017eevnih i likovnih radova bit \u0107e tiskan u prigodnome zborniku.<\/p>\n\n\n\n<p><a href=\"http:\/\/djecji.kranjcic.hr\/wp-content\/uploads\/2020\/10\/10.-Dje%C4%8Dji-Kranj%C4%8Di%C4%87-tekst-natje%C4%8Daja.docx\" target=\"_blank\" rel=\"noreferrer noopener\">NATJE\u010cAJ<\/a><\/p>\n\n\n\n<p><a href=\"http:\/\/djecji.kranjcic.hr\/wp-content\/uploads\/2020\/10\/Obrazac-za-literarni-rad.doc\">OBRAZAC ZA LITERARNI RAD<\/a><\/p>\n\n\n\n<p><a href=\"http:\/\/djecji.kranjcic.hr\/wp-content\/uploads\/2020\/10\/Obrazac-za-poledinu-likovnog-rada.doc\">OBRAZAC ZA POLE\u0110INU LIKOVNOGA RADA<\/a><\/p>\n\n\n\n<p>Najuspjeliji radovi prema ocjeni stru\u010dnog ocjenjiva\u010dkog suda bit \u0107e nagra\u0111eni i javno izvedeni u Kri\u017eevcima u <strong>subotu 17. travnja 2021.<\/strong>, a \u0161iri izbor odabranih knji\u017eevnih i likovnih radova bit \u0107e tiskan u prigodnome zborniku.<\/p>\n\n\n\n<p><a href=\"http:\/\/djecji.kranjcic.hr\/wp-content\/uploads\/2020\/10\/10.-Dje\u010dji-Kranj\u010di\u0107-tekst-natje\u010daja.docx\" target=\"_blank\" rel=\"noreferrer noopener\">NATJE\u010cAJ<\/a><\/p>\n\n\n\n<p><a href=\"http:\/\/djecji.kranjcic.hr\/wp-content\/uploads\/2020\/10\/Prijavnica-\u0161kole.xlsx\">PRIJAVNICA &#8211; \u0160KOLE<\/a><\/p>\n\n\n\n<p><a href=\"http:\/\/djecji.kranjcic.hr\/wp-content\/uploads\/2020\/10\/Prijavnica-samostalno.xlsx\">PRIJAVNICA &#8211; SAMOSTALNO<\/a><\/p>\n\n\n\n<p><a href=\"http:\/\/djecji.kranjcic.hr\/wp-content\/uploads\/2020\/10\/Obrazac-za-literarni-rad.doc\">OBRAZAC ZA LITERARNI RAD<\/a><\/p>\n\n\n\n<p><a href=\"http:\/\/djecji.kranjcic.hr\/wp-content\/uploads\/2020\/10\/Obrazac-za-poledinu-likovnog-rada.doc\">OBRAZAC ZA POLE\u0110INU LIKOVNOGA RADA<\/a><\/p>\n","protected":false},"excerpt":{"rendered":"<p>U organizaciji kri\u017eeva\u010dke Osnovne \u0161kole Ljudevita Modeca i Udruge za promicanje znamenitih Kri\u017eev\u010dana \u201eDr. Stjepan Kranj\u010di\u0107\u201d od&nbsp;15. listopada do 15. prosinca 2020. otvoren je natje\u010daj za jubilarni&nbsp;10. Susret hrvatskoga dje\u010djega duhovnoga stvarala\u0161tva \u201eStjepan Kranj\u010di\u0107\u201d. Rije\u010d je o jedinom natje\u010daju za duhovno knji\u017eevno i likovno stvarala\u0161tvo na nacionalnoj razini u Republici&hellip; <\/p>\n","protected":false},"author":1,"featured_media":4947,"comment_status":"closed","ping_status":"closed","sticky":false,"template":"","format":"standard","meta":{"footnotes":""},"categories":[82,79,7,31,18],"tags":[],"class_list":["post-4942","post","type-post","status-publish","format-standard","has-post-thumbnail","hentry","category-10-djecji-kranjcic","category-2020-arhiv-po-godinama","category-arhiv-po-godinama","category-djecji-kranjcic","category-zbivanja"],"_links":{"self":[{"href":"https:\/\/kranjcic.hr\/index.php?rest_route=\/wp\/v2\/posts\/4942","targetHints":{"allow":["GET"]}}],"collection":[{"href":"https:\/\/kranjcic.hr\/index.php?rest_route=\/wp\/v2\/posts"}],"about":[{"href":"https:\/\/kranjcic.hr\/index.php?rest_route=\/wp\/v2\/types\/post"}],"author":[{"embeddable":true,"href":"https:\/\/kranjcic.hr\/index.php?rest_route=\/wp\/v2\/users\/1"}],"replies":[{"embeddable":true,"href":"https:\/\/kranjcic.hr\/index.php?rest_route=%2Fwp%2Fv2%2Fcomments&post=4942"}],"version-history":[{"count":3,"href":"https:\/\/kranjcic.hr\/index.php?rest_route=\/wp\/v2\/posts\/4942\/revisions"}],"predecessor-version":[{"id":4968,"href":"https:\/\/kranjcic.hr\/index.php?rest_route=\/wp\/v2\/posts\/4942\/revisions\/4968"}],"wp:featuredmedia":[{"embeddable":true,"href":"https:\/\/kranjcic.hr\/index.php?rest_route=\/wp\/v2\/media\/4947"}],"wp:attachment":[{"href":"https:\/\/kranjcic.hr\/index.php?rest_route=%2Fwp%2Fv2%2Fmedia&parent=4942"}],"wp:term":[{"taxonomy":"category","embeddable":true,"href":"https:\/\/kranjcic.hr\/index.php?rest_route=%2Fwp%2Fv2%2Fcategories&post=4942"},{"taxonomy":"post_tag","embeddable":true,"href":"https:\/\/kranjcic.hr\/index.php?rest_route=%2Fwp%2Fv2%2Ftags&post=4942"}],"curies":[{"name":"wp","href":"https:\/\/api.w.org\/{rel}","templated":true}]}}