{"id":5245,"date":"2021-10-23T09:17:34","date_gmt":"2021-10-23T09:17:34","guid":{"rendered":"http:\/\/kranjcic.hr\/?p=5245"},"modified":"2021-10-23T09:17:35","modified_gmt":"2021-10-23T09:17:35","slug":"hrvatski-sveci-i-blazenici-prvi-put-svi-zajedno-kroz-zivotopise-molitve-i-likovne-prikaze","status":"publish","type":"post","link":"https:\/\/kranjcic.hr\/?p=5245","title":{"rendered":"HRVATSKI SVECI I BLA\u017dENICI \u2013 PRVI PUT SVI ZAJEDNO KROZ \u017dIVOTOPISE, MOLITVE I LIKOVNE PRIKAZE"},"content":{"rendered":"\n<p>\u201eHrvatski sveci i bla\u017eenici \u2013 \u017eivotopisi, molitve, likovni prikazi\u201d\u00a0 naziv je knji\u017eice koju su, sa \u017eeljom boljeg poznavanja i intenzivnijeg promicanja \u0161tovanja hrvatskih svetaca i bla\u017eenika, zajedno objavili Udruga za promicanje znamenitih Kri\u017eev\u010dana \u201eDr. Stjepan Kranj\u010di\u0107\u201d i Nacionalno sveti\u0161te sv. Josipa iz Karlovca.<\/p>\n\n\n\n<!--more-->\n\n\n\n<p>U knji\u017eici su sabrani \u017eivotopisi, molitve i likovni prikazi svih slu\u017ebeno progla\u0161enih hrvatskih svetaca i bla\u017eenika. Pridodan je i popis slugu i slu\u017ebenica Bo\u017ejih prema vremenu otvorenja kauza te popis osoba na glasu svetosti.<\/p>\n\n\n\n<p>\u017divotopisi su ujedna\u010deni opsegom, a molitve su preuzete ili uz dopu\u0161tenje pojedinih biskupa i postulatora ili iz slu\u017ebenih molitvenika. Popisi su oboga\u0107eni klju\u010dnim podacima o svakome kandidatu te likovnim prikazom svake osobe.<\/p>\n\n\n\n<p>Oko 130 likovnih prikaza hrvatskih duhovnih velikana preuzeto je iz kataloga izlo\u017ebenih projekata \u201eHrvatski sveci i bla\u017eenici u na\u0161em narodu\u201d koje su ostvarili najpoznatiji hrvatski sakralni slikari, kipari i medaljari, iz digitalnog arhiva Glasa Koncila te iz privatnih fotoarhiva.<\/p>\n\n\n\n<p>Izdanje je uredila doc. dr. sc. Tanja Baran, predsjednica Udruge za promicanje znamenitih Kri\u017eev\u010dana \u201eDr. Stjepan Kranj\u010di\u0107\u201d koja je napisala i uvodni tekst, dok je rektor Nacionalnoga sveti\u0161ta sv. Josipa iz Karlovca mons. Antun Sente ml. napisao pogovor. Opseg knji\u017eice je 80 stranica, a format je 16&#215;23 cm.<\/p>\n\n\n\n<p>Tiskanje je poduprla Udruga Zelene i plave Sesvete.<\/p>\n\n\n\n<figure class=\"wp-block-image size-large\"><img loading=\"lazy\" decoding=\"async\" width=\"724\" height=\"1024\" src=\"https:\/\/kranjcic.hr\/wp-content\/uploads\/2021\/10\/HSIB-plakat-724x1024.jpg\" alt=\"\" class=\"wp-image-5247\" srcset=\"https:\/\/kranjcic.hr\/wp-content\/uploads\/2021\/10\/HSIB-plakat-724x1024.jpg 724w, https:\/\/kranjcic.hr\/wp-content\/uploads\/2021\/10\/HSIB-plakat-106x150.jpg 106w, https:\/\/kranjcic.hr\/wp-content\/uploads\/2021\/10\/HSIB-plakat-85x120.jpg 85w, https:\/\/kranjcic.hr\/wp-content\/uploads\/2021\/10\/HSIB-plakat-1086x1536.jpg 1086w, https:\/\/kranjcic.hr\/wp-content\/uploads\/2021\/10\/HSIB-plakat-1449x2048.jpg 1449w, https:\/\/kranjcic.hr\/wp-content\/uploads\/2021\/10\/HSIB-plakat-scaled.jpg 1811w\" sizes=\"auto, (max-width: 724px) 100vw, 724px\" \/><\/figure>\n","protected":false},"excerpt":{"rendered":"<p>\u201eHrvatski sveci i bla\u017eenici \u2013 \u017eivotopisi, molitve, likovni prikazi\u201d\u00a0 naziv je knji\u017eice koju su, sa \u017eeljom boljeg poznavanja i intenzivnijeg promicanja \u0161tovanja hrvatskih svetaca i bla\u017eenika, zajedno objavili Udruga za promicanje znamenitih Kri\u017eev\u010dana \u201eDr. Stjepan Kranj\u010di\u0107\u201d i Nacionalno sveti\u0161te sv. Josipa iz Karlovca.<\/p>\n","protected":false},"author":1,"featured_media":5246,"comment_status":"closed","ping_status":"closed","sticky":false,"template":"","format":"standard","meta":{"footnotes":""},"categories":[83,13],"tags":[],"class_list":["post-5245","post","type-post","status-publish","format-standard","has-post-thumbnail","hentry","category-83","category-publikacije"],"_links":{"self":[{"href":"https:\/\/kranjcic.hr\/index.php?rest_route=\/wp\/v2\/posts\/5245","targetHints":{"allow":["GET"]}}],"collection":[{"href":"https:\/\/kranjcic.hr\/index.php?rest_route=\/wp\/v2\/posts"}],"about":[{"href":"https:\/\/kranjcic.hr\/index.php?rest_route=\/wp\/v2\/types\/post"}],"author":[{"embeddable":true,"href":"https:\/\/kranjcic.hr\/index.php?rest_route=\/wp\/v2\/users\/1"}],"replies":[{"embeddable":true,"href":"https:\/\/kranjcic.hr\/index.php?rest_route=%2Fwp%2Fv2%2Fcomments&post=5245"}],"version-history":[{"count":1,"href":"https:\/\/kranjcic.hr\/index.php?rest_route=\/wp\/v2\/posts\/5245\/revisions"}],"predecessor-version":[{"id":5248,"href":"https:\/\/kranjcic.hr\/index.php?rest_route=\/wp\/v2\/posts\/5245\/revisions\/5248"}],"wp:featuredmedia":[{"embeddable":true,"href":"https:\/\/kranjcic.hr\/index.php?rest_route=\/wp\/v2\/media\/5246"}],"wp:attachment":[{"href":"https:\/\/kranjcic.hr\/index.php?rest_route=%2Fwp%2Fv2%2Fmedia&parent=5245"}],"wp:term":[{"taxonomy":"category","embeddable":true,"href":"https:\/\/kranjcic.hr\/index.php?rest_route=%2Fwp%2Fv2%2Fcategories&post=5245"},{"taxonomy":"post_tag","embeddable":true,"href":"https:\/\/kranjcic.hr\/index.php?rest_route=%2Fwp%2Fv2%2Ftags&post=5245"}],"curies":[{"name":"wp","href":"https:\/\/api.w.org\/{rel}","templated":true}]}}