{"id":5273,"date":"2021-11-26T16:52:34","date_gmt":"2021-11-26T16:52:34","guid":{"rendered":"http:\/\/kranjcic.hr\/?p=5273"},"modified":"2021-12-05T19:50:12","modified_gmt":"2021-12-05T19:50:12","slug":"13-knjizevni-kranjcic-u-subotu-4-prosinca-u-krizevcima","status":"publish","type":"post","link":"https:\/\/kranjcic.hr\/?p=5273","title":{"rendered":"NAJVA: 13. \u201eKNJI\u017dEVNI KRANJ\u010cI\u0106\u201d U SUBOTU 4. PROSINCA U KRI\u017dEVCIMA"},"content":{"rendered":"\n<p>U Kri\u017eevcima \u0107e u subotu 4. prosinca 2021. biti odr\u017eana zavr\u0161na sve\u010danost 13. Susreta hrvatskoga duhovnoga knji\u017eevnoga stvarala\u0161tva \u201eStjepan Kranj\u010di\u0107\u201d.<\/p>\n\n\n\n<!--more-->\n\n\n\n<p>Susret \u0107e zapo\u010deti u 17.15 sati okupljanjem autora i sudionika u \u017eupnom kompleksu sv. Ane u sredi\u0161tu grada. Tamo \u0107e uz pozdrave doma\u0107ina stru\u010dni ocjenjiva\u010dki sud u kojem su bili izv. prof. dr. sc. Vladimir Lon\u010darevi\u0107, prof. dr. Sanja Nik\u010devi\u0107 i vl\u010d. An\u0111elko Katanec okupljenima predstaviti zbornik najuspjelijih radova pristiglih na natje\u010daj \u201eZora nebom zarudjela\u201d.<\/p>\n\n\n\n<p>Zatim \u0107e u 18.00 sati u \u017eupnoj crkvi sv. Ane biti slu\u017eeno misno slavlje koje \u0107e uz 103. obljetnicu ro\u0111enja \u017eupnika na glasu svetosti Stjepana Kranj\u010di\u0107a po kojemu Susret i nosi ime, predvoditi provincijal Hrvatske karmelske provincije o. Dario Toki\u0107.<\/p>\n\n\n\n<p>S\u00e2m 13. Susret hrvatskoga duhovnoga knji\u017eevnoga stvarala\u0161tva \u201eStjepan Kranj\u010di\u0107\u201d zapo\u010det \u0107e nakon mise u \u017eupnoj crkvi sv. Ane u 19.00 sati. U toj \u0107e prigodi autori najboljih radova, prema ocjeni stru\u010dnoga ocjenjiva\u010dkog suda, biti nagra\u0111eni, dok \u0107e odabrani radovi biti javno izvedeni u interpretaciji dramskih umjetnika Helene Buljan i Dubravka Sidora. U glazbenom dijelu programa nastupit \u0107e kantautor popularne duhovne glazbe Matija Antoli\u0107 s prijateljima.<\/p>\n\n\n\n<p>13. \u201eKnji\u017eevni Kranj\u010di\u0107\u201d bit \u0107e odr\u017ean uz po\u0161tivanje aktualnih epidemiolo\u0161kih mjera.<\/p>\n\n\n\n<p>Organizator je knji\u017eevnoga natje\u010daja i susreta Udruga za promicanje znamenitih Kri\u017eev\u010dana \u201eDr. Stjepan Kranj\u010di\u0107\u201c, a pokrovitelji su Grad Kri\u017eevci, \u017dupa sv. Ane te \u017dupa BDM \u017dalosne i sv. Marka Kri\u017eev\u010danina iz Kri\u017eevaca. Pokrovitelji nov\u010danih nagrada nagra\u0111enim autorima jesu: Samostan sv. Leopolda Bogdana Mandi\u0107a \u2013 kapucini Zagreb, Glas Koncila koji je i nakladnik zbornika \u201eZora nebom zarudjela\u201d, Veritas \u2013 Glasnik sv. Antuna Padovanskog, Hrvatska karmelska provincija i Nacionalno sveti\u0161te sv. Josipa Karlovac. Knji\u017eevni susret odr\u017eava se uz potporu Radnika d. d. i KTC-a d. d.<\/p>\n\n\n\n<p>Susret hrvatskoga duhovnoga knji\u017eevnoga stvarala\u0161tva \u201eStjepan Kranj\u010di\u0107\u201d jedini je knji\u017eevni susret za duhovnu knji\u017eevnost protkanu kr\u0161\u0107anskim vrednotama u kratkim knji\u017eevnim \u017eanrovima (poezija, kratka pri\u010da, putopis, esej, monodrama) u Hrvatskoj. Nakon raspisanoga natje\u010daja koji je bio otvoren od 15. svibnja do 15. kolovoza 2021., stru\u010dni ocjenjiva\u010dki sud sva je djela, bez znanja o autorstvu, pro\u010ditao i odlu\u010dio koji \u0107e radovi biti nagra\u0111eni, koji javno izvedeni, a koji objavljeni u zborniku. Na natje\u010daj za 13. \u201eKnji\u017eevni Kranj\u010di\u0107\u201c javilo se 88 autora iz Hrvatske te Bosne i Hercegovine, i to sa 130 radova (74 pjesme, 24 kratke pri\u010de, 8 putopisa, 12 eseja i 11 monodrama). Stru\u010dni je ocjenjiva\u010dki sud odlu\u010dio da \u0107e u zborniku \u201eZora nebom zarudjela\u201d biti objavljeno 36 radova (18 pjesama, 6 kratkih pri\u010da, 5 putopisa, 4 eseja i 3 monodrame), dok \u0107e 15 radova biti nagra\u0111eno.<\/p>\n\n\n\n<p><strong><a href=\"https:\/\/kranjcic.hr\/wp-content\/uploads\/2021\/11\/13.-Knjizevni-Kranjcic-program.pdf\">PROGRAM<\/a><\/strong><\/p>\n\n\n\n<figure class=\"wp-block-gallery columns-2 is-cropped wp-block-gallery-1 is-layout-flex wp-block-gallery-is-layout-flex\"><ul class=\"blocks-gallery-grid\"><li class=\"blocks-gallery-item\"><figure><a href=\"https:\/\/kranjcic.hr\/wp-content\/uploads\/2021\/11\/plakat.png\"><img loading=\"lazy\" decoding=\"async\" width=\"637\" height=\"909\" src=\"https:\/\/kranjcic.hr\/wp-content\/uploads\/2021\/11\/plakat.png\" alt=\"\" data-id=\"5276\" data-full-url=\"https:\/\/kranjcic.hr\/wp-content\/uploads\/2021\/11\/plakat.png\" data-link=\"https:\/\/kranjcic.hr\/?attachment_id=5276\" class=\"wp-image-5276\" srcset=\"https:\/\/kranjcic.hr\/wp-content\/uploads\/2021\/11\/plakat.png 637w, https:\/\/kranjcic.hr\/wp-content\/uploads\/2021\/11\/plakat-105x150.png 105w, https:\/\/kranjcic.hr\/wp-content\/uploads\/2021\/11\/plakat-84x120.png 84w\" sizes=\"auto, (max-width: 637px) 100vw, 637px\" \/><\/a><\/figure><\/li><li class=\"blocks-gallery-item\"><figure><a href=\"https:\/\/kranjcic.hr\/wp-content\/uploads\/2021\/11\/zbornik-naslovnica.png\"><img loading=\"lazy\" decoding=\"async\" width=\"618\" height=\"910\" src=\"https:\/\/kranjcic.hr\/wp-content\/uploads\/2021\/11\/zbornik-naslovnica.png\" alt=\"\" data-id=\"5278\" data-full-url=\"https:\/\/kranjcic.hr\/wp-content\/uploads\/2021\/11\/zbornik-naslovnica.png\" data-link=\"https:\/\/kranjcic.hr\/?attachment_id=5278\" class=\"wp-image-5278\" srcset=\"https:\/\/kranjcic.hr\/wp-content\/uploads\/2021\/11\/zbornik-naslovnica.png 618w, https:\/\/kranjcic.hr\/wp-content\/uploads\/2021\/11\/zbornik-naslovnica-102x150.png 102w, https:\/\/kranjcic.hr\/wp-content\/uploads\/2021\/11\/zbornik-naslovnica-81x120.png 81w\" sizes=\"auto, (max-width: 618px) 100vw, 618px\" \/><\/a><\/figure><\/li><li class=\"blocks-gallery-item\"><figure><a href=\"https:\/\/kranjcic.hr\/wp-content\/uploads\/2021\/11\/zbornik-3d.png\"><img loading=\"lazy\" decoding=\"async\" width=\"622\" height=\"883\" src=\"https:\/\/kranjcic.hr\/wp-content\/uploads\/2021\/11\/zbornik-3d.png\" alt=\"\" data-id=\"5277\" data-full-url=\"https:\/\/kranjcic.hr\/wp-content\/uploads\/2021\/11\/zbornik-3d.png\" data-link=\"https:\/\/kranjcic.hr\/?attachment_id=5277\" class=\"wp-image-5277\" srcset=\"https:\/\/kranjcic.hr\/wp-content\/uploads\/2021\/11\/zbornik-3d.png 622w, https:\/\/kranjcic.hr\/wp-content\/uploads\/2021\/11\/zbornik-3d-106x150.png 106w, https:\/\/kranjcic.hr\/wp-content\/uploads\/2021\/11\/zbornik-3d-85x120.png 85w\" sizes=\"auto, (max-width: 622px) 100vw, 622px\" \/><\/a><\/figure><\/li><li class=\"blocks-gallery-item\"><figure><a href=\"https:\/\/kranjcic.hr\/wp-content\/uploads\/2021\/11\/Logo-13.-Knjizevni-Kranjcic-2021.jpg\"><img loading=\"lazy\" decoding=\"async\" width=\"1024\" height=\"1024\" src=\"https:\/\/kranjcic.hr\/wp-content\/uploads\/2021\/11\/Logo-13.-Knjizevni-Kranjcic-2021-1024x1024.jpg\" alt=\"\" data-id=\"5275\" data-full-url=\"https:\/\/kranjcic.hr\/wp-content\/uploads\/2021\/11\/Logo-13.-Knjizevni-Kranjcic-2021.jpg\" data-link=\"https:\/\/kranjcic.hr\/?attachment_id=5275\" class=\"wp-image-5275\" srcset=\"https:\/\/kranjcic.hr\/wp-content\/uploads\/2021\/11\/Logo-13.-Knjizevni-Kranjcic-2021-1024x1024.jpg 1024w, https:\/\/kranjcic.hr\/wp-content\/uploads\/2021\/11\/Logo-13.-Knjizevni-Kranjcic-2021-150x150.jpg 150w, https:\/\/kranjcic.hr\/wp-content\/uploads\/2021\/11\/Logo-13.-Knjizevni-Kranjcic-2021-120x120.jpg 120w, https:\/\/kranjcic.hr\/wp-content\/uploads\/2021\/11\/Logo-13.-Knjizevni-Kranjcic-2021-100x100.jpg 100w, https:\/\/kranjcic.hr\/wp-content\/uploads\/2021\/11\/Logo-13.-Knjizevni-Kranjcic-2021.jpg 1500w\" sizes=\"auto, (max-width: 1024px) 100vw, 1024px\" \/><\/a><\/figure><\/li><\/ul><\/figure>\n","protected":false},"excerpt":{"rendered":"<p>U Kri\u017eevcima \u0107e u subotu 4. prosinca 2021. biti odr\u017eana zavr\u0161na sve\u010danost 13. Susreta hrvatskoga duhovnoga knji\u017eevnoga stvarala\u0161tva \u201eStjepan Kranj\u010di\u0107\u201d.<\/p>\n","protected":false},"author":1,"featured_media":5281,"comment_status":"closed","ping_status":"closed","sticky":false,"template":"","format":"standard","meta":{"footnotes":""},"categories":[85,83,34,18],"tags":[],"class_list":["post-5273","post","type-post","status-publish","format-standard","has-post-thumbnail","hentry","category-13-knjizevni-kranjcic","category-83","category-knjizevni-kranjcic","category-zbivanja"],"_links":{"self":[{"href":"https:\/\/kranjcic.hr\/index.php?rest_route=\/wp\/v2\/posts\/5273","targetHints":{"allow":["GET"]}}],"collection":[{"href":"https:\/\/kranjcic.hr\/index.php?rest_route=\/wp\/v2\/posts"}],"about":[{"href":"https:\/\/kranjcic.hr\/index.php?rest_route=\/wp\/v2\/types\/post"}],"author":[{"embeddable":true,"href":"https:\/\/kranjcic.hr\/index.php?rest_route=\/wp\/v2\/users\/1"}],"replies":[{"embeddable":true,"href":"https:\/\/kranjcic.hr\/index.php?rest_route=%2Fwp%2Fv2%2Fcomments&post=5273"}],"version-history":[{"count":2,"href":"https:\/\/kranjcic.hr\/index.php?rest_route=\/wp\/v2\/posts\/5273\/revisions"}],"predecessor-version":[{"id":5282,"href":"https:\/\/kranjcic.hr\/index.php?rest_route=\/wp\/v2\/posts\/5273\/revisions\/5282"}],"wp:featuredmedia":[{"embeddable":true,"href":"https:\/\/kranjcic.hr\/index.php?rest_route=\/wp\/v2\/media\/5281"}],"wp:attachment":[{"href":"https:\/\/kranjcic.hr\/index.php?rest_route=%2Fwp%2Fv2%2Fmedia&parent=5273"}],"wp:term":[{"taxonomy":"category","embeddable":true,"href":"https:\/\/kranjcic.hr\/index.php?rest_route=%2Fwp%2Fv2%2Fcategories&post=5273"},{"taxonomy":"post_tag","embeddable":true,"href":"https:\/\/kranjcic.hr\/index.php?rest_route=%2Fwp%2Fv2%2Ftags&post=5273"}],"curies":[{"name":"wp","href":"https:\/\/api.w.org\/{rel}","templated":true}]}}