{"id":5597,"date":"2022-06-07T18:50:32","date_gmt":"2022-06-07T18:50:32","guid":{"rendered":"https:\/\/kranjcic.hr\/?p=5597"},"modified":"2022-06-11T19:58:54","modified_gmt":"2022-06-11T19:58:54","slug":"u-matici-hrvatskoj-u-zagrebu-svecano-predstavljena-knjiga-usmena-knjizevnost-krizevackoga-kraja-tanje-baran","status":"publish","type":"post","link":"https:\/\/kranjcic.hr\/?p=5597","title":{"rendered":"U MATICI HRVATSKOJ U ZAGREBU SVE\u010cANO PREDSTAVLJENA KNJIGA \u201eUSMENA KNJI\u017dEVNOST KRI\u017dEVA\u010cKOGA KRAJA\u201c TANJE BARAN"},"content":{"rendered":"\n<p>Knjiga \u201eUsmena knji\u017eevnost kri\u017eeva\u010dkoga kraja\u201c autorice doc. dr. sc. Tanje Baran sve\u010dano je predstavljena u Matici hrvatskoj u Zagrebu.<\/p>\n\n\n\n<!--more-->\n\n\n\n<p>O knjizi su govorili pisac predgovora i autori\u010din mentor na diplomskom, magistarskom i doktorskom radu professor emeritus Stipe Botica, recenzentica prof. dr. sc. Ljiljana Marks te glavni urednik nakladni\u0161tva Matice hrvatske dr. sc. Luka \u0160eput. Izabrane lirske pjesme, pripovijest, zaklinjanja i zagonetke zapisane u kri\u017eeva\u010dkom kraju tijekom 19. stolje\u0107a kazivao je glumac Adam Kon\u010di\u0107, a kroz program promocije uz \u201espelanciju\u201c je najpoznatijih hrvatskih vinsko-pajda\u0161kih regula \u201eKri\u017eeva\u010dkih \u0161tatuta\u201c vodio tzv. \u201ehi\u017eni japica\u201c Zoran Homen.<\/p>\n\n\n\n<p>Luka \u0160eput uvodno je ispripovijedao za\u0161to Matica hrvatska objavljuje usmenoknji\u017eevnu gra\u0111u te govorio o obimnom usmenoknji\u017eevnom korpusu koji Matica \u010duva. Istaknuo je da je knjigu Tanje Baran mogao objaviti i Ogranak Matice hrvatske u Kri\u017eevcima, ali da je sredi\u0161njica prepoznala iznimnu vrijednost toga djela, i u analizi i valorizaciji u prvom dijelu knjige te u cjelovito objavljenoj usmenoknji\u017eevnoj gra\u0111i u drugom dijelu knjige, pa da je zato knjigu odlu\u010dila objaviti Mati\u010dina sredi\u0161njica.<\/p>\n\n\n\n<p>Stipe Botica okupljenima je govorio o autorici kao svojoj nekada\u0161njoj iznimnoj studentici kojoj je svojevremeno ponudio zaposlenje na Katedri za usmenu knji\u017eevnost na kroatistici Filozofskoga fakulteta, ali da je ona ipak odlu\u010dila ostati na HRT-u, gdje i danas djeluje kao urednica Radio Sljemena. Izrazio je zadovoljstvo \u0161to je ostala aktivna i u znanosti pa i danas pi\u0161e knjige i znanstvene radove te predaje na Komunikologiji Fakulteta hrvatskih studija Sveu\u010dili\u0161ta u Zagrebu u statusu naslovne docentice. Istaknuo je da je autorica u knjizi predstavila petnaestak rukopisa od kojih je pola nastalo tijekom 19. stolje\u0107a na poticaj Matice hrvatske iz ruku poznatih onodobnih zapisiva\u010da poput Ivana Kukuljevi\u0107a Sakcinskog, \u0110ure De\u017eeli\u0107a, Franje Ksavera Kuha\u010da do zapisa obrazovanih, ali javnosti manje poznatih zapisiva\u010da u kri\u017eeva\u010dkom kraju. Okupljenima je predstavio i autori\u010dinu valorizaciju usmenoknji\u017eevne gra\u0111e kr\u0161\u0107anskoga tematskog ciklusa. Progovorio je o vrijednosti predstavljane knjige kao modelu drugim hrvatskim sredinama u stvaranju zavi\u010dajnih usmenoknji\u017eevnih monografija, ali i naglasio da stvaranje knjige poput ove kri\u017eeva\u010dke iziskuje znanje, dugotrajan uporan rad, strpljenje i veliku ljubav prema zavi\u010daju.&nbsp;&nbsp;<\/p>\n\n\n\n<p>Ljiljana Marks je predstavila strukturu djela isti\u010du\u0107i da su Kri\u017eevci, \u0161to autorica pokazuje u knjizi, odgovorili na sve nacionalne poticaje za zapisivanjem usmene knji\u017eevnosti od po\u010detaka 19. stolje\u0107a nadalje, da su u tom gradu \u017eivjeli najpoznatiji ljudi Hrvatskoga narodnoga preporoda od Antuna Nem\u010di\u0107a, Ljudevita Farka\u0161a Vukotinovi\u0107a, Mirka Bogovi\u0107a, Franje Markovi\u0107a, \u0161to je zasigurno pridonijelo dru\u0161tvenom i kulturno-knji\u017eevnom pozicioniranju Kri\u017eevaca kao jedne od klju\u010dnih hrvatskih sredina onoga vremena te da su u tome kraju usmenoknji\u017eevne rukopise stvarali klju\u010dni ljudi hrvatskoga dru\u0161tvenoga i kulturnoga \u017eivota 19. stolje\u0107a, kada se i zapo\u010delo s organiziranim popisivanjem usmenoknji\u017eevne ba\u0161tine hrvatskoga naroda. U ekspertizi svih tih okolnosti, kao i kroz analizu prikupljene usmenoknji\u017eevne gra\u0111e, Tanja Baran se nametnula kao jedna od najistaknutih terenskih i arhivskih istra\u017eiva\u010dica mla\u0111e generacije, zaklju\u010dila je Ljiljana Marks.<\/p>\n\n\n\n<p>Autorica Tanja Baran ispripovijedala je o svojem zanimanju za usmenu knji\u017eevnost od po\u010detaka studija kroatistike do danas, o svojim izvornim zapisima usmene knji\u017eevnosti u kri\u017eeva\u010dkom selu Erdovcu, o svojem bavljenju \u201eKri\u017eeva\u010dkim \u0161tatutima\u201c te o iscrpnom procesu bavljenja rukopisima koji se \u010duvaju u Odsjeku za etnologiju HAZU, a objavljeni su u knjizi, od fotokopiranja, skeniranja, prepisivanja, kolacioniranja, do same analize i vrijednosne prosudbe. Zahvalila je osobno svojim prijateljima, ve\u0107inom kroatisticama, koji su joj pomagali u tom procesu te nakladniku Matici hrvatskoj. Naglasila je da je osobita vrijednost knjige ne samo u njenim znanstvenim prosudbama, ve\u0107 i u usmenoknji\u017eevnoj gra\u0111i koja je cjelovito objavljena u drugom dijelu knjige. \u201eDjelo zato ima vi\u0161e od 500 stranica, no u knjizi se mogu \u010ditati dosad javnosti potpuno nepoznati usmenoknji\u017eevni sadr\u017eaji zapisani u kri\u017eeva\u010dkom kraju. Dosad se iz Kri\u017eevaca znalo jedino za &#8216;Kri\u017eeva\u010dke \u0161tatute&#8217;, i za zapis Milana Bubanovi\u0107a koji je objavio Ivan Kukuljevi\u0107 Sakcinski, a sada je javnosti dostupno cjelokupno kri\u017eeva\u010dko usmenoknji\u017eevno obilje zapisano u 19. i 20. stolje\u0107u\u201c, istaknula je autorica. Na kraju je odr\u017eala zahvalnu zdravicu okupljenima po \u201eKri\u017eeva\u010dkim \u0161tatutima\u201c te u zajedni\u0161tvu sa Zoranom Homenom i Adamom Kon\u010di\u0107em zapjevala napitnicu, \u0161to spada u ciklus \u201ehrvatske dobrovolje\u201c, hrvatskih napitnica, zdravica, i popijevaka, va\u017enoga usmenoknji\u017eevnog korpusa koji u knjizi tako\u0111er ima zapa\u017eeno mjesto.<\/p>\n\n\n\n<p>Nakon zagreba\u010dkoga slijedi kri\u017eeva\u010dko predstavljanje knjige. Promocija \u0107e biti odr\u017eana u maloj dvorani Hrvatskoga doma u Kri\u017eevcima u srijedu 8. lipnja u 19.30 sati. Uz autoricu i predstavlja\u010de Stipu Boticu i Ljiljanu Marks, nastupit \u0107e glumica Branka Cvitkovi\u0107 i KUD \u201ePrigorje\u201c Kri\u017eevci.&nbsp;<\/p>\n\n\n\n<figure class=\"wp-block-gallery has-nested-images columns-default is-cropped wp-block-gallery-1 is-layout-flex wp-block-gallery-is-layout-flex\">\n<figure class=\"wp-block-image size-large\"><a href=\"https:\/\/kranjcic.hr\/wp-content\/uploads\/2022\/06\/001-Zdravica-Tanje-Baran.jpg\"><img loading=\"lazy\" decoding=\"async\" width=\"605\" height=\"500\" data-id=\"5598\" src=\"https:\/\/kranjcic.hr\/wp-content\/uploads\/2022\/06\/001-Zdravica-Tanje-Baran.jpg\" alt=\"\" class=\"wp-image-5598\" srcset=\"https:\/\/kranjcic.hr\/wp-content\/uploads\/2022\/06\/001-Zdravica-Tanje-Baran.jpg 605w, https:\/\/kranjcic.hr\/wp-content\/uploads\/2022\/06\/001-Zdravica-Tanje-Baran-182x150.jpg 182w, https:\/\/kranjcic.hr\/wp-content\/uploads\/2022\/06\/001-Zdravica-Tanje-Baran-120x99.jpg 120w\" sizes=\"auto, (max-width: 605px) 100vw, 605px\" \/><\/a><\/figure>\n\n\n\n<figure class=\"wp-block-image size-large\"><a href=\"https:\/\/kranjcic.hr\/wp-content\/uploads\/2022\/06\/002-Predstavljanje-Usmene-knjizevnosti-krizevackoga-kraja-Tanje-Baran-svi.jpg\"><img loading=\"lazy\" decoding=\"async\" width=\"840\" height=\"560\" data-id=\"5603\" src=\"https:\/\/kranjcic.hr\/wp-content\/uploads\/2022\/06\/002-Predstavljanje-Usmene-knjizevnosti-krizevackoga-kraja-Tanje-Baran-svi.jpg\" alt=\"\" class=\"wp-image-5603\" srcset=\"https:\/\/kranjcic.hr\/wp-content\/uploads\/2022\/06\/002-Predstavljanje-Usmene-knjizevnosti-krizevackoga-kraja-Tanje-Baran-svi.jpg 840w, https:\/\/kranjcic.hr\/wp-content\/uploads\/2022\/06\/002-Predstavljanje-Usmene-knjizevnosti-krizevackoga-kraja-Tanje-Baran-svi-200x133.jpg 200w, https:\/\/kranjcic.hr\/wp-content\/uploads\/2022\/06\/002-Predstavljanje-Usmene-knjizevnosti-krizevackoga-kraja-Tanje-Baran-svi-120x80.jpg 120w\" sizes=\"auto, (max-width: 840px) 100vw, 840px\" \/><\/a><\/figure>\n\n\n\n<figure class=\"wp-block-image size-large\"><a href=\"https:\/\/kranjcic.hr\/wp-content\/uploads\/2022\/06\/003-Autorica-Tanja-Baran.jpg\"><img loading=\"lazy\" decoding=\"async\" width=\"1024\" height=\"768\" data-id=\"5602\" src=\"https:\/\/kranjcic.hr\/wp-content\/uploads\/2022\/06\/003-Autorica-Tanja-Baran-1024x768.jpg\" alt=\"\" class=\"wp-image-5602\" srcset=\"https:\/\/kranjcic.hr\/wp-content\/uploads\/2022\/06\/003-Autorica-Tanja-Baran-1024x768.jpg 1024w, https:\/\/kranjcic.hr\/wp-content\/uploads\/2022\/06\/003-Autorica-Tanja-Baran-200x150.jpg 200w, https:\/\/kranjcic.hr\/wp-content\/uploads\/2022\/06\/003-Autorica-Tanja-Baran-120x90.jpg 120w, https:\/\/kranjcic.hr\/wp-content\/uploads\/2022\/06\/003-Autorica-Tanja-Baran-1536x1152.jpg 1536w, https:\/\/kranjcic.hr\/wp-content\/uploads\/2022\/06\/003-Autorica-Tanja-Baran.jpg 2000w\" sizes=\"auto, (max-width: 1024px) 100vw, 1024px\" \/><\/a><\/figure>\n\n\n\n<figure class=\"wp-block-image size-large\"><a href=\"https:\/\/kranjcic.hr\/wp-content\/uploads\/2022\/06\/004-Predstavljanje-knjige-svi.jpg\"><img loading=\"lazy\" decoding=\"async\" width=\"840\" height=\"560\" data-id=\"5600\" src=\"https:\/\/kranjcic.hr\/wp-content\/uploads\/2022\/06\/004-Predstavljanje-knjige-svi.jpg\" alt=\"\" class=\"wp-image-5600\" srcset=\"https:\/\/kranjcic.hr\/wp-content\/uploads\/2022\/06\/004-Predstavljanje-knjige-svi.jpg 840w, https:\/\/kranjcic.hr\/wp-content\/uploads\/2022\/06\/004-Predstavljanje-knjige-svi-200x133.jpg 200w, https:\/\/kranjcic.hr\/wp-content\/uploads\/2022\/06\/004-Predstavljanje-knjige-svi-120x80.jpg 120w\" sizes=\"auto, (max-width: 840px) 100vw, 840px\" \/><\/a><\/figure>\n\n\n\n<figure class=\"wp-block-image size-large\"><a href=\"https:\/\/kranjcic.hr\/wp-content\/uploads\/2022\/06\/005-Tanja-Baran-o-nastanku-knjige-1.jpg\"><img loading=\"lazy\" decoding=\"async\" width=\"840\" height=\"560\" data-id=\"5601\" src=\"https:\/\/kranjcic.hr\/wp-content\/uploads\/2022\/06\/005-Tanja-Baran-o-nastanku-knjige-1.jpg\" alt=\"\" class=\"wp-image-5601\" srcset=\"https:\/\/kranjcic.hr\/wp-content\/uploads\/2022\/06\/005-Tanja-Baran-o-nastanku-knjige-1.jpg 840w, https:\/\/kranjcic.hr\/wp-content\/uploads\/2022\/06\/005-Tanja-Baran-o-nastanku-knjige-1-200x133.jpg 200w, https:\/\/kranjcic.hr\/wp-content\/uploads\/2022\/06\/005-Tanja-Baran-o-nastanku-knjige-1-120x80.jpg 120w\" sizes=\"auto, (max-width: 840px) 100vw, 840px\" \/><\/a><\/figure>\n\n\n\n<figure class=\"wp-block-image size-large\"><a href=\"https:\/\/kranjcic.hr\/wp-content\/uploads\/2022\/06\/006-Tanja-Baran-o-nastanku-knjige-2.jpg\"><img loading=\"lazy\" decoding=\"async\" width=\"840\" height=\"560\" data-id=\"5599\" src=\"https:\/\/kranjcic.hr\/wp-content\/uploads\/2022\/06\/006-Tanja-Baran-o-nastanku-knjige-2.jpg\" alt=\"\" class=\"wp-image-5599\" srcset=\"https:\/\/kranjcic.hr\/wp-content\/uploads\/2022\/06\/006-Tanja-Baran-o-nastanku-knjige-2.jpg 840w, https:\/\/kranjcic.hr\/wp-content\/uploads\/2022\/06\/006-Tanja-Baran-o-nastanku-knjige-2-200x133.jpg 200w, https:\/\/kranjcic.hr\/wp-content\/uploads\/2022\/06\/006-Tanja-Baran-o-nastanku-knjige-2-120x80.jpg 120w\" sizes=\"auto, (max-width: 840px) 100vw, 840px\" \/><\/a><\/figure>\n\n\n\n<figure class=\"wp-block-image size-large\"><a href=\"https:\/\/kranjcic.hr\/wp-content\/uploads\/2022\/06\/007-Zoran-Homen-hizni-japica-Krizevackih-statuta.jpg\"><img loading=\"lazy\" decoding=\"async\" width=\"840\" height=\"560\" data-id=\"5604\" src=\"https:\/\/kranjcic.hr\/wp-content\/uploads\/2022\/06\/007-Zoran-Homen-hizni-japica-Krizevackih-statuta.jpg\" alt=\"\" class=\"wp-image-5604\" srcset=\"https:\/\/kranjcic.hr\/wp-content\/uploads\/2022\/06\/007-Zoran-Homen-hizni-japica-Krizevackih-statuta.jpg 840w, https:\/\/kranjcic.hr\/wp-content\/uploads\/2022\/06\/007-Zoran-Homen-hizni-japica-Krizevackih-statuta-200x133.jpg 200w, https:\/\/kranjcic.hr\/wp-content\/uploads\/2022\/06\/007-Zoran-Homen-hizni-japica-Krizevackih-statuta-120x80.jpg 120w\" sizes=\"auto, (max-width: 840px) 100vw, 840px\" \/><\/a><\/figure>\n\n\n\n<figure class=\"wp-block-image size-large\"><a href=\"https:\/\/kranjcic.hr\/wp-content\/uploads\/2022\/06\/008-Adam-Koncic.jpg\"><img loading=\"lazy\" decoding=\"async\" width=\"840\" height=\"560\" data-id=\"5606\" src=\"https:\/\/kranjcic.hr\/wp-content\/uploads\/2022\/06\/008-Adam-Koncic.jpg\" alt=\"\" class=\"wp-image-5606\" srcset=\"https:\/\/kranjcic.hr\/wp-content\/uploads\/2022\/06\/008-Adam-Koncic.jpg 840w, https:\/\/kranjcic.hr\/wp-content\/uploads\/2022\/06\/008-Adam-Koncic-200x133.jpg 200w, https:\/\/kranjcic.hr\/wp-content\/uploads\/2022\/06\/008-Adam-Koncic-120x80.jpg 120w\" sizes=\"auto, (max-width: 840px) 100vw, 840px\" \/><\/a><\/figure>\n\n\n\n<figure class=\"wp-block-image size-large\"><a href=\"https:\/\/kranjcic.hr\/wp-content\/uploads\/2022\/06\/009-Tanja-Baran-s-predstavljacima-Stipom-Boticom-i-Ljiljanom-Marks.jpg\"><img loading=\"lazy\" decoding=\"async\" width=\"840\" height=\"560\" data-id=\"5605\" src=\"https:\/\/kranjcic.hr\/wp-content\/uploads\/2022\/06\/009-Tanja-Baran-s-predstavljacima-Stipom-Boticom-i-Ljiljanom-Marks.jpg\" alt=\"\" class=\"wp-image-5605\" srcset=\"https:\/\/kranjcic.hr\/wp-content\/uploads\/2022\/06\/009-Tanja-Baran-s-predstavljacima-Stipom-Boticom-i-Ljiljanom-Marks.jpg 840w, https:\/\/kranjcic.hr\/wp-content\/uploads\/2022\/06\/009-Tanja-Baran-s-predstavljacima-Stipom-Boticom-i-Ljiljanom-Marks-200x133.jpg 200w, https:\/\/kranjcic.hr\/wp-content\/uploads\/2022\/06\/009-Tanja-Baran-s-predstavljacima-Stipom-Boticom-i-Ljiljanom-Marks-120x80.jpg 120w\" sizes=\"auto, (max-width: 840px) 100vw, 840px\" \/><\/a><\/figure>\n\n\n\n<figure class=\"wp-block-image size-large\"><a href=\"https:\/\/kranjcic.hr\/wp-content\/uploads\/2022\/06\/010-Tanja-Baran-Martina-Valec-Rebic-i-Danijela-Zagorec.jpg\"><img loading=\"lazy\" decoding=\"async\" width=\"840\" height=\"560\" data-id=\"5607\" src=\"https:\/\/kranjcic.hr\/wp-content\/uploads\/2022\/06\/010-Tanja-Baran-Martina-Valec-Rebic-i-Danijela-Zagorec.jpg\" alt=\"\" class=\"wp-image-5607\" srcset=\"https:\/\/kranjcic.hr\/wp-content\/uploads\/2022\/06\/010-Tanja-Baran-Martina-Valec-Rebic-i-Danijela-Zagorec.jpg 840w, https:\/\/kranjcic.hr\/wp-content\/uploads\/2022\/06\/010-Tanja-Baran-Martina-Valec-Rebic-i-Danijela-Zagorec-200x133.jpg 200w, https:\/\/kranjcic.hr\/wp-content\/uploads\/2022\/06\/010-Tanja-Baran-Martina-Valec-Rebic-i-Danijela-Zagorec-120x80.jpg 120w\" sizes=\"auto, (max-width: 840px) 100vw, 840px\" \/><\/a><\/figure>\n\n\n\n<figure class=\"wp-block-image size-large\"><a href=\"https:\/\/kranjcic.hr\/wp-content\/uploads\/2022\/06\/011-Publika-1.jpg\"><img loading=\"lazy\" decoding=\"async\" width=\"840\" height=\"560\" data-id=\"5609\" src=\"https:\/\/kranjcic.hr\/wp-content\/uploads\/2022\/06\/011-Publika-1.jpg\" alt=\"\" class=\"wp-image-5609\" srcset=\"https:\/\/kranjcic.hr\/wp-content\/uploads\/2022\/06\/011-Publika-1.jpg 840w, https:\/\/kranjcic.hr\/wp-content\/uploads\/2022\/06\/011-Publika-1-200x133.jpg 200w, https:\/\/kranjcic.hr\/wp-content\/uploads\/2022\/06\/011-Publika-1-120x80.jpg 120w\" sizes=\"auto, (max-width: 840px) 100vw, 840px\" \/><\/a><\/figure>\n\n\n\n<figure class=\"wp-block-image size-large\"><a href=\"https:\/\/kranjcic.hr\/wp-content\/uploads\/2022\/06\/012-Publika-2.jpg\"><img loading=\"lazy\" decoding=\"async\" width=\"840\" height=\"560\" data-id=\"5610\" src=\"https:\/\/kranjcic.hr\/wp-content\/uploads\/2022\/06\/012-Publika-2.jpg\" alt=\"\" class=\"wp-image-5610\" srcset=\"https:\/\/kranjcic.hr\/wp-content\/uploads\/2022\/06\/012-Publika-2.jpg 840w, https:\/\/kranjcic.hr\/wp-content\/uploads\/2022\/06\/012-Publika-2-200x133.jpg 200w, https:\/\/kranjcic.hr\/wp-content\/uploads\/2022\/06\/012-Publika-2-120x80.jpg 120w\" sizes=\"auto, (max-width: 840px) 100vw, 840px\" \/><\/a><\/figure>\n\n\n\n<figure class=\"wp-block-image size-large\"><a href=\"https:\/\/kranjcic.hr\/wp-content\/uploads\/2022\/06\/013-Publika-3.jpg\"><img loading=\"lazy\" decoding=\"async\" width=\"840\" height=\"560\" data-id=\"5608\" src=\"https:\/\/kranjcic.hr\/wp-content\/uploads\/2022\/06\/013-Publika-3.jpg\" alt=\"\" class=\"wp-image-5608\" srcset=\"https:\/\/kranjcic.hr\/wp-content\/uploads\/2022\/06\/013-Publika-3.jpg 840w, https:\/\/kranjcic.hr\/wp-content\/uploads\/2022\/06\/013-Publika-3-200x133.jpg 200w, https:\/\/kranjcic.hr\/wp-content\/uploads\/2022\/06\/013-Publika-3-120x80.jpg 120w\" sizes=\"auto, (max-width: 840px) 100vw, 840px\" \/><\/a><\/figure>\n\n\n\n<figure class=\"wp-block-image size-large\"><a href=\"https:\/\/kranjcic.hr\/wp-content\/uploads\/2022\/06\/014-Publika-4.jpg\"><img loading=\"lazy\" decoding=\"async\" width=\"840\" height=\"560\" data-id=\"5611\" src=\"https:\/\/kranjcic.hr\/wp-content\/uploads\/2022\/06\/014-Publika-4.jpg\" alt=\"\" class=\"wp-image-5611\" srcset=\"https:\/\/kranjcic.hr\/wp-content\/uploads\/2022\/06\/014-Publika-4.jpg 840w, https:\/\/kranjcic.hr\/wp-content\/uploads\/2022\/06\/014-Publika-4-200x133.jpg 200w, https:\/\/kranjcic.hr\/wp-content\/uploads\/2022\/06\/014-Publika-4-120x80.jpg 120w\" sizes=\"auto, (max-width: 840px) 100vw, 840px\" \/><\/a><\/figure>\n\n\n\n<figure class=\"wp-block-image size-large\"><a href=\"https:\/\/kranjcic.hr\/wp-content\/uploads\/2022\/06\/015-Tanja-Baran-medijima-o-knjizi.jpg\"><img loading=\"lazy\" decoding=\"async\" width=\"840\" height=\"560\" data-id=\"5612\" src=\"https:\/\/kranjcic.hr\/wp-content\/uploads\/2022\/06\/015-Tanja-Baran-medijima-o-knjizi.jpg\" alt=\"\" class=\"wp-image-5612\" srcset=\"https:\/\/kranjcic.hr\/wp-content\/uploads\/2022\/06\/015-Tanja-Baran-medijima-o-knjizi.jpg 840w, https:\/\/kranjcic.hr\/wp-content\/uploads\/2022\/06\/015-Tanja-Baran-medijima-o-knjizi-200x133.jpg 200w, https:\/\/kranjcic.hr\/wp-content\/uploads\/2022\/06\/015-Tanja-Baran-medijima-o-knjizi-120x80.jpg 120w\" sizes=\"auto, (max-width: 840px) 100vw, 840px\" \/><\/a><\/figure>\n\n\n\n<figure class=\"wp-block-image size-large\"><a href=\"https:\/\/kranjcic.hr\/wp-content\/uploads\/2022\/06\/016-S-publikom.jpg\"><img loading=\"lazy\" decoding=\"async\" width=\"572\" height=\"1024\" data-id=\"5613\" src=\"https:\/\/kranjcic.hr\/wp-content\/uploads\/2022\/06\/016-S-publikom-572x1024.jpg\" alt=\"\" class=\"wp-image-5613\" srcset=\"https:\/\/kranjcic.hr\/wp-content\/uploads\/2022\/06\/016-S-publikom-572x1024.jpg 572w, https:\/\/kranjcic.hr\/wp-content\/uploads\/2022\/06\/016-S-publikom-84x150.jpg 84w, https:\/\/kranjcic.hr\/wp-content\/uploads\/2022\/06\/016-S-publikom-67x120.jpg 67w, https:\/\/kranjcic.hr\/wp-content\/uploads\/2022\/06\/016-S-publikom-858x1536.jpg 858w, https:\/\/kranjcic.hr\/wp-content\/uploads\/2022\/06\/016-S-publikom.jpg 1028w\" sizes=\"auto, (max-width: 572px) 100vw, 572px\" \/><\/a><\/figure>\n\n\n\n<figure class=\"wp-block-image size-large\"><a href=\"https:\/\/kranjcic.hr\/wp-content\/uploads\/2022\/06\/017-Knjiga-Usmena-knjizevnost-krizevackoga-kraja.jpg\"><img loading=\"lazy\" decoding=\"async\" width=\"840\" height=\"560\" data-id=\"5614\" src=\"https:\/\/kranjcic.hr\/wp-content\/uploads\/2022\/06\/017-Knjiga-Usmena-knjizevnost-krizevackoga-kraja.jpg\" alt=\"\" class=\"wp-image-5614\" srcset=\"https:\/\/kranjcic.hr\/wp-content\/uploads\/2022\/06\/017-Knjiga-Usmena-knjizevnost-krizevackoga-kraja.jpg 840w, https:\/\/kranjcic.hr\/wp-content\/uploads\/2022\/06\/017-Knjiga-Usmena-knjizevnost-krizevackoga-kraja-200x133.jpg 200w, https:\/\/kranjcic.hr\/wp-content\/uploads\/2022\/06\/017-Knjiga-Usmena-knjizevnost-krizevackoga-kraja-120x80.jpg 120w\" sizes=\"auto, (max-width: 840px) 100vw, 840px\" \/><\/a><\/figure>\n<\/figure>\n\n\n\n<p><a href=\"https:\/\/www.rtl.hr\/vijesti\/video\/partneri\/embed\/zdravica-tanje-baran-po-krizevackim-statutima-5bdb3ed4-e5c8-11ec-852a-76f834fe7ab7\">VIDEO Tanjine zdravice<\/a><\/p>\n\n\n\n<p><a href=\"https:\/\/www.rtl.hr\/vijesti\/video\/partneri\/embed\/zoran-homen-na-promociji-knjige-tanje-baran-95d5634e-e5cd-11ec-8973-0a971ac8441a\">VIDEO Zoranove zdravice<\/a><\/p>\n\n\n\n<p><\/p>\n\n\n\n<p><\/p>\n","protected":false},"excerpt":{"rendered":"<p>Knjiga \u201eUsmena knji\u017eevnost kri\u017eeva\u010dkoga kraja\u201c autorice doc. dr. sc. Tanje Baran sve\u010dano je predstavljena u Matici hrvatskoj u Zagrebu.<\/p>\n","protected":false},"author":1,"featured_media":5600,"comment_status":"closed","ping_status":"closed","sticky":false,"template":"","format":"standard","meta":{"footnotes":""},"categories":[87,18],"tags":[],"class_list":["post-5597","post","type-post","status-publish","format-standard","has-post-thumbnail","hentry","category-87","category-zbivanja"],"_links":{"self":[{"href":"https:\/\/kranjcic.hr\/index.php?rest_route=\/wp\/v2\/posts\/5597","targetHints":{"allow":["GET"]}}],"collection":[{"href":"https:\/\/kranjcic.hr\/index.php?rest_route=\/wp\/v2\/posts"}],"about":[{"href":"https:\/\/kranjcic.hr\/index.php?rest_route=\/wp\/v2\/types\/post"}],"author":[{"embeddable":true,"href":"https:\/\/kranjcic.hr\/index.php?rest_route=\/wp\/v2\/users\/1"}],"replies":[{"embeddable":true,"href":"https:\/\/kranjcic.hr\/index.php?rest_route=%2Fwp%2Fv2%2Fcomments&post=5597"}],"version-history":[{"count":4,"href":"https:\/\/kranjcic.hr\/index.php?rest_route=\/wp\/v2\/posts\/5597\/revisions"}],"predecessor-version":[{"id":5669,"href":"https:\/\/kranjcic.hr\/index.php?rest_route=\/wp\/v2\/posts\/5597\/revisions\/5669"}],"wp:featuredmedia":[{"embeddable":true,"href":"https:\/\/kranjcic.hr\/index.php?rest_route=\/wp\/v2\/media\/5600"}],"wp:attachment":[{"href":"https:\/\/kranjcic.hr\/index.php?rest_route=%2Fwp%2Fv2%2Fmedia&parent=5597"}],"wp:term":[{"taxonomy":"category","embeddable":true,"href":"https:\/\/kranjcic.hr\/index.php?rest_route=%2Fwp%2Fv2%2Fcategories&post=5597"},{"taxonomy":"post_tag","embeddable":true,"href":"https:\/\/kranjcic.hr\/index.php?rest_route=%2Fwp%2Fv2%2Ftags&post=5597"}],"curies":[{"name":"wp","href":"https:\/\/api.w.org\/{rel}","templated":true}]}}